{"id":75053,"date":"2017-12-24T09:39:04","date_gmt":"2017-12-24T12:39:04","guid":{"rendered":"http:\/\/www.elsindical.com.ar\/notas\/?p=75053"},"modified":"2017-12-24T09:51:40","modified_gmt":"2017-12-24T12:51:40","slug":"crecio-el-delito-en-avellaneda-lanus-lomas-y-quilmes","status":"publish","type":"post","link":"https:\/\/www.elsindical.com.ar\/notas\/crecio-el-delito-en-avellaneda-lanus-lomas-y-quilmes\/","title":{"rendered":"Creci\u00f3 el delito en Avellaneda, Lan\u00fas, Lomas y Quilmes"},"content":{"rendered":"<p><a href=\"http:\/\/www.elsindical.com.ar\/notas\/var\/www\/html\/notas\/wp-content\/uploads\/2017\/12\/motochorro-Navidad.jpg\"><img loading=\"lazy\" decoding=\"async\" class=\"alignnone size-medium wp-image-75055\" src=\"http:\/\/www.elsindical.com.ar\/notas\/var\/www\/html\/notas\/wp-content\/uploads\/2017\/12\/motochorro-Navidad-300x206.jpg\" alt=\"\" width=\"300\" height=\"206\" srcset=\"https:\/\/www.elsindical.com.ar\/notas\/var\/www\/html\/notas\/wp-content\/uploads\/2017\/12\/motochorro-Navidad-300x206.jpg 300w, https:\/\/www.elsindical.com.ar\/notas\/var\/www\/html\/notas\/wp-content\/uploads\/2017\/12\/motochorro-Navidad-437x300.jpg 437w, https:\/\/www.elsindical.com.ar\/notas\/var\/www\/html\/notas\/wp-content\/uploads\/2017\/12\/motochorro-Navidad.jpg 620w\" sizes=\"auto, (max-width: 300px) 100vw, 300px\" \/><\/a>Finalizando el a\u00f1o 2017, los partidos de la zona sur, Avellaneda, Lan\u00fas, Lomas y Quilmes han registrado un significativo crecimiento de delitos, ya nos hab\u00edamos referido en otro momento de la cantidad de v\u00edctimas que tienen partidos como Lan\u00fas y Quilmes. Esa triste estad\u00edstica ha sumado una nueva v\u00edctima, la Oficial de la Polic\u00eda Local, Noel\u00eda Fern\u00e1ndez, quien fue atropellada al intentar identficar a los ocupantes de un auto en Lan\u00fas.<\/p>\n<p>A pesar de los videos y lo que muestra el municipio que conduce Grindetti, las cosas en materia de seguridad no se sienten en la calle donde est\u00e1 la verdad, los robos son cotidianos y violentos, m\u00e1s a\u00fan el tan nombrado y destacado SAME demor\u00f3 en exceso seg\u00fan los testigos del criminal acto que tuvo como v\u00edctima a la joven polic\u00eda local.<\/p>\n<p>En Avellaneda por ejemplo los robos cometidos en la modalidad \u00abmotochorro\u00bb son una verdadera preocupaci\u00f3n para los vecinos que son potenciales v\u00edctimas, a la falta de estrategias de trabajo en seguridad hay que sumar los delincuentes que reciben apoyo pol\u00edtico y judicial, donde se dan casos de conocidos delincuentes con varias detenciones y causas que son liberados inmediatamente.<\/p>\n<p>Quilmes a pesar de tener otro intendente de Cambiemos y un gran apoyo con recursos no ha mejorado en nada la seguridad de los vecinos, robos violentos, asesinatos entre los que se incluyen varios polic\u00edas son una muestra de la gesti\u00f3n de Martiniano Molina.<\/p>\n<p>Lomas de Zamora es tal vez el municipio m\u00e1s complejo en cuanto a inseguridad y delitos, con el territorio m\u00e1s amplio en comparaci\u00f3n de los otros municipios de zona sur, tiene enquistada la corrupci\u00f3n desde hace a\u00f1os, el Departamento Judicial de Lomas de Zamora tiene un record triste al ser considerado una de los m\u00e1s corruptos, pero no solo las investigaciones\u00a0 que no prosperan son las de la justicia de Lomas, causas federales por investigaciones en delitos de Trata de Personas han sido archivadas o no impulsadas por jueces federales como el mismo Ariel Lijo, que tiene una especial habilidad para manejarse con causas donde la pol\u00edtica est\u00e1 involucrada. Parecer\u00eda que un d\u00eda se dieron cuenta que en Lomas de Zamora hay corrupci\u00f3n y que mejor que agrandar con ayuda de la prensa procedimientos donde los corruptos sean solo los polic\u00edas, no se\u00f1ores, dejen de subestimarnos a los ciudadanos.<\/p>\n<p>Los vecinos en los reclamos de mayor seguridad, suelen ignorar que lo que est\u00e1 fallando en el trabajo policial son las denominadas brigadas que deber\u00edan prevenir la venta de drogas o actuar en delitos complejos, actividades que no realizan eficientemente, as\u00ed las ex DDI que deber\u00edan tener una alta tasa de trabajo solo realizan espor\u00e1dicos allanamientos de poca relevancia y que no disminuyen el delito.<\/p>\n<p>Tanto Ritondo como Vidal, no han aprendido nada en los dos a\u00f1os de gobierno, se\u00f1alabamos que no entend\u00edan nada en materia de seguridad y hoy creen que con perseguir la corrupci\u00f3n policial mejorar\u00e1 la seguridad, pero mientras apuntan los recursos a una sola fuente no se percatan que el delito aumenta y que por otros lados hay quienes aprovechan ese desconocimiento, terminando la gobernadora envuelta en una interna policial que nunca deja buenos resultados.<\/p>\n<p>La provincia de Buenos Aires, tiene serios problemas de inseguridad y que al no saber se han ido acentuando como es el caso tambi\u00e9n del partido de Tres de Febrero, si bien mencionamos a los partidos de la zona sur, el problema se replica en otros municipios.<\/p>\n<p>Falta un compromiso serio de parte de la gobernadora para dar batalla a la inseguridad, siguen sin asesorarse correctamente, sigue teniendo dentro del gobierno a un personaje como Ritondo que no es una soluci\u00f3n, sino m\u00e1s bien parte del problema, falta valor para terminar con las mafias pol\u00edticas y sindicales que apa\u00f1an delincuentes, falta avanzar en investigar a jueces y fiscales que son parte necesaria de la corrupci\u00f3n policial por acci\u00f3n u omisi\u00f3n.<\/p>\n<p>Hoy solo se puede decir que la inseguridad hasta se robo la honestidad y el valor de los que juraron defender la Constituci\u00f3n.<\/p>\n<p>&nbsp;<\/p>\n<p><strong>Por Marcelo Ricardo Hawrylciw<\/strong><\/p>\n<p>&nbsp;<\/p>\n","protected":false},"excerpt":{"rendered":"<p>Finalizando el a\u00f1o 2017, los partidos de la zona sur, Avellaneda, Lan\u00fas, Lomas y Quilmes han registrado un significativo crecimiento de delitos, ya nos hab\u00edamos referido en otro momento de la cantidad de v\u00edctimas que tienen partidos como Lan\u00fas y Quilmes. Esa triste estad\u00edstica ha sumado una nueva v\u00edctima, la Oficial de la Polic\u00eda Local,&hellip;<\/p>\n","protected":false},"author":1,"featured_media":75055,"comment_status":"open","ping_status":"open","sticky":false,"template":"","format":"standard","meta":{"footnotes":""},"categories":[10],"tags":[461,14466,24260,984,209,744,684],"class_list":["post-75053","post","type-post","status-publish","format-standard","has-post-thumbnail","hentry","category-editorial","tag-avellaneda","tag-cristian-ritondo","tag-gobernadora-maria-eugenia-vidal","tag-inseguridad","tag-lanus","tag-lomas-de-zamora","tag-quilmes"],"_links":{"self":[{"href":"https:\/\/www.elsindical.com.ar\/notas\/wp-json\/wp\/v2\/posts\/75053","targetHints":{"allow":["GET"]}}],"collection":[{"href":"https:\/\/www.elsindical.com.ar\/notas\/wp-json\/wp\/v2\/posts"}],"about":[{"href":"https:\/\/www.elsindical.com.ar\/notas\/wp-json\/wp\/v2\/types\/post"}],"author":[{"embeddable":true,"href":"https:\/\/www.elsindical.com.ar\/notas\/wp-json\/wp\/v2\/users\/1"}],"replies":[{"embeddable":true,"href":"https:\/\/www.elsindical.com.ar\/notas\/wp-json\/wp\/v2\/comments?post=75053"}],"version-history":[{"count":4,"href":"https:\/\/www.elsindical.com.ar\/notas\/wp-json\/wp\/v2\/posts\/75053\/revisions"}],"predecessor-version":[{"id":75058,"href":"https:\/\/www.elsindical.com.ar\/notas\/wp-json\/wp\/v2\/posts\/75053\/revisions\/75058"}],"wp:featuredmedia":[{"embeddable":true,"href":"https:\/\/www.elsindical.com.ar\/notas\/wp-json\/wp\/v2\/media\/75055"}],"wp:attachment":[{"href":"https:\/\/www.elsindical.com.ar\/notas\/wp-json\/wp\/v2\/media?parent=75053"}],"wp:term":[{"taxonomy":"category","embeddable":true,"href":"https:\/\/www.elsindical.com.ar\/notas\/wp-json\/wp\/v2\/categories?post=75053"},{"taxonomy":"post_tag","embeddable":true,"href":"https:\/\/www.elsindical.com.ar\/notas\/wp-json\/wp\/v2\/tags?post=75053"}],"curies":[{"name":"wp","href":"https:\/\/api.w.org\/{rel}","templated":true}]}}