{"id":75006,"date":"2017-12-22T09:46:32","date_gmt":"2017-12-22T12:46:32","guid":{"rendered":"http:\/\/www.elsindical.com.ar\/notas\/?p=75006"},"modified":"2017-12-22T09:46:32","modified_gmt":"2017-12-22T12:46:32","slug":"detienen-en-ezeiza-a-dos-mulas-espanolas-y-decomisan-mas-de-tres-kilos-de-cocaina","status":"publish","type":"post","link":"https:\/\/www.elsindical.com.ar\/notas\/detienen-en-ezeiza-a-dos-mulas-espanolas-y-decomisan-mas-de-tres-kilos-de-cocaina\/","title":{"rendered":"Detienen en Ezeiza a dos mulas espa\u00f1olas y decomisan m\u00e1s de tres kilos de coca\u00edna"},"content":{"rendered":"<p><em><a href=\"http:\/\/www.elsindical.com.ar\/notas\/var\/www\/html\/notas\/wp-content\/uploads\/2017\/12\/espa\u00f1ola-detenida-Ezeiza.jpg\"><img loading=\"lazy\" decoding=\"async\" class=\"alignnone size-medium wp-image-75007\" src=\"http:\/\/www.elsindical.com.ar\/notas\/var\/www\/html\/notas\/wp-content\/uploads\/2017\/12\/espa\u00f1ola-detenida-Ezeiza-300x192.jpg\" alt=\"\" width=\"300\" height=\"192\" srcset=\"https:\/\/www.elsindical.com.ar\/notas\/var\/www\/html\/notas\/wp-content\/uploads\/2017\/12\/espa\u00f1ola-detenida-Ezeiza-300x192.jpg 300w, https:\/\/www.elsindical.com.ar\/notas\/var\/www\/html\/notas\/wp-content\/uploads\/2017\/12\/espa\u00f1ola-detenida-Ezeiza-468x300.jpg 468w, https:\/\/www.elsindical.com.ar\/notas\/var\/www\/html\/notas\/wp-content\/uploads\/2017\/12\/espa\u00f1ola-detenida-Ezeiza.jpg 562w\" sizes=\"auto, (max-width: 300px) 100vw, 300px\" \/><\/a>\u00a0\u00a0 El procedimiento se desarroll\u00f3 en el marco del programa \u00abArgentina Sin Narcotr\u00e1fico\u00bb. Decomisaron 100 c\u00e1psulas que conten\u00edan 662 gramos de dicha droga, totalizando 1,278 kilos.<\/em><\/p>\n<p>Dos mulas de nacionalidad espa\u00f1ola que intentaban llevar la droga a Barcelona fueron detenidas en las \u00faltimas horas en el aeropuerto internacional de Ezeiza por efectivos de la Polic\u00eda de Ciudad Aeroportuaria (PSA), al tiempo que se decomisaron m\u00e1s de tres kilos de coca\u00edna.<\/p>\n<p>El procedimiento se desarroll\u00f3 en el marco del programa \u00abArgentina Sin Narcotr\u00e1fico\u00bb, impulsado por el Ministerio de Seguridad para optimizar la respuesta del Estado y llevarles tranquilidad a todos los argentinos.<\/p>\n<p>Ambos casos sucedieron en la Terminal C del Aeropuerto Internacional Ministro Pistarini, en el punto de inspecci\u00f3n y registro donde los oficiales de la PSA realizan los controles preventivos a los pasajeros pr\u00f3ximos a embarcar los vuelos con destino a Barcelona.<\/p>\n<p>El primer operativo comenz\u00f3 cuando un hombre de 49 a\u00f1os activ\u00f3 el p\u00f3rtico detector de metales, por lo que el personal policial procedi\u00f3 a realizar un cacheo manual sobre sus ropas y le detect\u00f3 dos protuberancias a la altura de los tobillos. Entonces el pasajero confes\u00f3 que llevaba papeles de coca\u00edna y luego que hab\u00eda ingerido varias c\u00e1psulas del estupefaciente.<\/p>\n<p>De inmediato, ante la presencia de testigos y con la autorizaci\u00f3n del magistrado actuante, se lo requis\u00f3 junto a sus pertenencias.<\/p>\n<p>Los efectivos hallaron que en cada pierna ten\u00eda 45 tizas adheridas con vendas el\u00e1sticas, cuyo peso arroj\u00f3 un total de 616 gramos de coca\u00edna.<\/p>\n<p>M\u00e1s tarde, personal del Hospital Interzonal de Ezeiza Alberto Eurnekian confirm\u00f3 que el hombre presentaba cuerpos extra\u00f1os en el interior de su organismo, que finalmente depuso a lo largo de 10 d\u00edas.<\/p>\n<p>Fueron 100 c\u00e1psulas que conten\u00edan 662 gramos de dicha droga, totalizando 1,278 kilos.<\/p>\n<p>El otro caso fue protagonizado por una mujer de 48 a\u00f1os, quien tambi\u00e9n activ\u00f3 el arco detector.<\/p>\n<p>Cuando los oficiales la registraron por sobre sus ropas detectaron, a la altura de la ingle y la cadera, un bulto no acorde a su fisonom\u00eda corporal.<\/p>\n<p>Con la presencia de testigos y la autorizaci\u00f3n judicial correspondiente, se requis\u00f3 a la pasajera quien transportaba, bajo una faja, un paquete de nylon negro que en su interior ten\u00eda distribuidos seis envoltorios con 2,032 kilos de coca\u00edna en total.<\/p>\n<p>Los detenidos, de nacionalidad espa\u00f1ola, quedaron incomunicados y, junto a la sustancia estupefaciente incautada, a disposici\u00f3n de la Justicia.<\/p>\n","protected":false},"excerpt":{"rendered":"<p>\u00a0\u00a0 El procedimiento se desarroll\u00f3 en el marco del programa \u00abArgentina Sin Narcotr\u00e1fico\u00bb. Decomisaron 100 c\u00e1psulas que conten\u00edan 662 gramos de dicha droga, totalizando 1,278 kilos. Dos mulas de nacionalidad espa\u00f1ola que intentaban llevar la droga a Barcelona fueron detenidas en las \u00faltimas horas en el aeropuerto internacional de Ezeiza por efectivos de la Polic\u00eda&hellip;<\/p>\n","protected":false},"author":1,"featured_media":75007,"comment_status":"open","ping_status":"open","sticky":false,"template":"","format":"standard","meta":{"footnotes":""},"categories":[22],"tags":[42,661,839],"class_list":["post-75006","post","type-post","status-publish","format-standard","has-post-thumbnail","hentry","category-policiales","tag-droga","tag-ezeiza","tag-psa"],"_links":{"self":[{"href":"https:\/\/www.elsindical.com.ar\/notas\/wp-json\/wp\/v2\/posts\/75006","targetHints":{"allow":["GET"]}}],"collection":[{"href":"https:\/\/www.elsindical.com.ar\/notas\/wp-json\/wp\/v2\/posts"}],"about":[{"href":"https:\/\/www.elsindical.com.ar\/notas\/wp-json\/wp\/v2\/types\/post"}],"author":[{"embeddable":true,"href":"https:\/\/www.elsindical.com.ar\/notas\/wp-json\/wp\/v2\/users\/1"}],"replies":[{"embeddable":true,"href":"https:\/\/www.elsindical.com.ar\/notas\/wp-json\/wp\/v2\/comments?post=75006"}],"version-history":[{"count":1,"href":"https:\/\/www.elsindical.com.ar\/notas\/wp-json\/wp\/v2\/posts\/75006\/revisions"}],"predecessor-version":[{"id":75008,"href":"https:\/\/www.elsindical.com.ar\/notas\/wp-json\/wp\/v2\/posts\/75006\/revisions\/75008"}],"wp:featuredmedia":[{"embeddable":true,"href":"https:\/\/www.elsindical.com.ar\/notas\/wp-json\/wp\/v2\/media\/75007"}],"wp:attachment":[{"href":"https:\/\/www.elsindical.com.ar\/notas\/wp-json\/wp\/v2\/media?parent=75006"}],"wp:term":[{"taxonomy":"category","embeddable":true,"href":"https:\/\/www.elsindical.com.ar\/notas\/wp-json\/wp\/v2\/categories?post=75006"},{"taxonomy":"post_tag","embeddable":true,"href":"https:\/\/www.elsindical.com.ar\/notas\/wp-json\/wp\/v2\/tags?post=75006"}],"curies":[{"name":"wp","href":"https:\/\/api.w.org\/{rel}","templated":true}]}}