{"id":74969,"date":"2017-12-19T19:02:44","date_gmt":"2017-12-19T22:02:44","guid":{"rendered":"http:\/\/www.elsindical.com.ar\/notas\/?p=74969"},"modified":"2017-12-19T19:02:44","modified_gmt":"2017-12-19T22:02:44","slug":"quilmes-vecinos-evitan-robo-y-casi-linchan-a-delincuente-que-ataco-a-madre-con-bebe","status":"publish","type":"post","link":"https:\/\/www.elsindical.com.ar\/notas\/quilmes-vecinos-evitan-robo-y-casi-linchan-a-delincuente-que-ataco-a-madre-con-bebe\/","title":{"rendered":"Quilmes: Vecinos evitan robo y casi linchan a delincuente que atac\u00f3 a madre con beb\u00e9"},"content":{"rendered":"<p><em>\u00a0 <a href=\"http:\/\/www.elsindical.com.ar\/notas\/var\/www\/html\/notas\/wp-content\/uploads\/2017\/12\/ladr\u00f3n-golpeado-en-Solano.jpg\"><img loading=\"lazy\" decoding=\"async\" class=\"alignnone size-medium wp-image-74970\" src=\"http:\/\/www.elsindical.com.ar\/notas\/var\/www\/html\/notas\/wp-content\/uploads\/2017\/12\/ladr\u00f3n-golpeado-en-Solano-300x169.jpg\" alt=\"\" width=\"300\" height=\"169\" srcset=\"https:\/\/www.elsindical.com.ar\/notas\/var\/www\/html\/notas\/wp-content\/uploads\/2017\/12\/ladr\u00f3n-golpeado-en-Solano-300x169.jpg 300w, https:\/\/www.elsindical.com.ar\/notas\/var\/www\/html\/notas\/wp-content\/uploads\/2017\/12\/ladr\u00f3n-golpeado-en-Solano-768x432.jpg 768w, https:\/\/www.elsindical.com.ar\/notas\/var\/www\/html\/notas\/wp-content\/uploads\/2017\/12\/ladr\u00f3n-golpeado-en-Solano-500x281.jpg 500w, https:\/\/www.elsindical.com.ar\/notas\/var\/www\/html\/notas\/wp-content\/uploads\/2017\/12\/ladr\u00f3n-golpeado-en-Solano-460x260.jpg 460w, https:\/\/www.elsindical.com.ar\/notas\/var\/www\/html\/notas\/wp-content\/uploads\/2017\/12\/ladr\u00f3n-golpeado-en-Solano.jpg 970w\" sizes=\"auto, (max-width: 300px) 100vw, 300px\" \/><\/a>El hecho se registr\u00f3 en la localidad bonaernese de San Francisco Solano, partido de Quilmes, cuando un ladr\u00f3n intento hacerse del celular de una mujer, que cargaba a su peque\u00f1o hijo. En esos momentos, la v\u00edctima fue defendida por vecinos y transe\u00fantes que le propinaron una feroz golpiza al delincuente.<\/em><\/p>\n<p>La situaci\u00f3n tuvo lugar en el cruce de las calles 24 y 847, de la localidad de San Francisco Solano, partido de Quilmes, cuando un joven intent\u00f3 robarle el tel\u00e9fono celular a una madre que llevaba a su peque\u00f1o hijo en brazos, y en esos momentos evitaron el ataque un grupo de vecinos y transe\u00fantes que r\u00e1pidamente comenzaron a golpear e insultar al ladr\u00f3n, al tiempo que lo agarraban cuando pretend\u00eda escapar y reci\u00e9n dejando de lincharlo cuando lleg\u00f3 la polic\u00eda.<\/p>\n<p><iframe loading=\"lazy\" src=\"https:\/\/www.youtube.com\/embed\/fahIoFy7Lqw\" width=\"580\" height=\"420\" frameborder=\"0\" allowfullscreen=\"allowfullscreen\"><span style=\"display: inline-block; width: 0px; overflow: hidden; line-height: 0;\" data-mce-type=\"bookmark\" class=\"mce_SELRES_start\">\ufeff<\/span><\/iframe><\/p>\n","protected":false},"excerpt":{"rendered":"<p>\u00a0 El hecho se registr\u00f3 en la localidad bonaernese de San Francisco Solano, partido de Quilmes, cuando un ladr\u00f3n intento hacerse del celular de una mujer, que cargaba a su peque\u00f1o hijo. En esos momentos, la v\u00edctima fue defendida por vecinos y transe\u00fantes que le propinaron una feroz golpiza al delincuente. La situaci\u00f3n tuvo lugar&hellip;<\/p>\n","protected":false},"author":1,"featured_media":74970,"comment_status":"open","ping_status":"open","sticky":false,"template":"","format":"standard","meta":{"footnotes":""},"categories":[22],"tags":[361,519,386,921,684,3279],"class_list":["post-74969","post","type-post","status-publish","format-standard","has-post-thumbnail","hentry","category-policiales","tag-bebe","tag-celular","tag-ladron","tag-madre","tag-quilmes","tag-san-francisco-solano"],"_links":{"self":[{"href":"https:\/\/www.elsindical.com.ar\/notas\/wp-json\/wp\/v2\/posts\/74969","targetHints":{"allow":["GET"]}}],"collection":[{"href":"https:\/\/www.elsindical.com.ar\/notas\/wp-json\/wp\/v2\/posts"}],"about":[{"href":"https:\/\/www.elsindical.com.ar\/notas\/wp-json\/wp\/v2\/types\/post"}],"author":[{"embeddable":true,"href":"https:\/\/www.elsindical.com.ar\/notas\/wp-json\/wp\/v2\/users\/1"}],"replies":[{"embeddable":true,"href":"https:\/\/www.elsindical.com.ar\/notas\/wp-json\/wp\/v2\/comments?post=74969"}],"version-history":[{"count":1,"href":"https:\/\/www.elsindical.com.ar\/notas\/wp-json\/wp\/v2\/posts\/74969\/revisions"}],"predecessor-version":[{"id":74971,"href":"https:\/\/www.elsindical.com.ar\/notas\/wp-json\/wp\/v2\/posts\/74969\/revisions\/74971"}],"wp:featuredmedia":[{"embeddable":true,"href":"https:\/\/www.elsindical.com.ar\/notas\/wp-json\/wp\/v2\/media\/74970"}],"wp:attachment":[{"href":"https:\/\/www.elsindical.com.ar\/notas\/wp-json\/wp\/v2\/media?parent=74969"}],"wp:term":[{"taxonomy":"category","embeddable":true,"href":"https:\/\/www.elsindical.com.ar\/notas\/wp-json\/wp\/v2\/categories?post=74969"},{"taxonomy":"post_tag","embeddable":true,"href":"https:\/\/www.elsindical.com.ar\/notas\/wp-json\/wp\/v2\/tags?post=74969"}],"curies":[{"name":"wp","href":"https:\/\/api.w.org\/{rel}","templated":true}]}}