{"id":74952,"date":"2017-12-19T11:56:05","date_gmt":"2017-12-19T14:56:05","guid":{"rendered":"http:\/\/www.elsindical.com.ar\/notas\/?p=74952"},"modified":"2017-12-19T11:56:05","modified_gmt":"2017-12-19T14:56:05","slug":"es-ley-la-reforma-previsional","status":"publish","type":"post","link":"https:\/\/www.elsindical.com.ar\/notas\/es-ley-la-reforma-previsional\/","title":{"rendered":"Es ley la reforma previsional"},"content":{"rendered":"<p><em>\u00a0<a href=\"http:\/\/www.elsindical.com.ar\/notas\/var\/www\/html\/notas\/wp-content\/uploads\/2017\/12\/votaci\u00f3n-reforma-previsional.jpg\"><img loading=\"lazy\" decoding=\"async\" class=\"alignnone size-medium wp-image-74953\" src=\"http:\/\/www.elsindical.com.ar\/notas\/var\/www\/html\/notas\/wp-content\/uploads\/2017\/12\/votaci\u00f3n-reforma-previsional-300x169.jpg\" alt=\"\" width=\"300\" height=\"169\" srcset=\"https:\/\/www.elsindical.com.ar\/notas\/var\/www\/html\/notas\/wp-content\/uploads\/2017\/12\/votaci\u00f3n-reforma-previsional-300x169.jpg 300w, https:\/\/www.elsindical.com.ar\/notas\/var\/www\/html\/notas\/wp-content\/uploads\/2017\/12\/votaci\u00f3n-reforma-previsional-500x281.jpg 500w, https:\/\/www.elsindical.com.ar\/notas\/var\/www\/html\/notas\/wp-content\/uploads\/2017\/12\/votaci\u00f3n-reforma-previsional-460x260.jpg 460w, https:\/\/www.elsindical.com.ar\/notas\/var\/www\/html\/notas\/wp-content\/uploads\/2017\/12\/votaci\u00f3n-reforma-previsional.jpg 745w\" sizes=\"auto, (max-width: 300px) 100vw, 300px\" \/><\/a> La C\u00e1mara de Diputados aprob\u00f3 el proyecto impulsado por el oficialismo con 127 votos positivos, 117 negativos y dos abstenciones. Adem\u00e1s, hubo 10 legisladores que se ausentaron.<\/em><\/p>\n<p>La C\u00e1mara de Diputados convirti\u00f3 en ley el proyecto de reforma previsional que modifica el sistema de actualizaci\u00f3n de los haberes de la clase pasiva, con el voto favorable de Cambiemos y legisladores que responden a los gobernadores peronistas, en una encendida sesi\u00f3n que se prolong\u00f3 por m\u00e1s de 17 horas.<\/p>\n<p>La iniciativa se vot\u00f3 con 127 votos que fueron aportados por la coalici\u00f3n oficialista y legisladores de Argentina Federal que responden a gobernadores del PJ, mientras que el rechazo al proyecto fue expresado por un arco opositor conformado por el Frente para la Victoria, el massista, Compromiso Federal y la izquierda, que cosech\u00f3 117 sufragios.<\/p>\n<p>El clima de violencia en las inmediaciones del Congreso y los cacerolazos influyeron a lo largo de toda la sesi\u00f3n, situaci\u00f3n que motiv\u00f3 reiterados pedidos de la oposici\u00f3n, sobre todo del Frente para la Victoria-PJ y del Frente Renovador, para que el debate se aplazara para otro d\u00eda, tal como lo hab\u00edan conseguido el pasado jueves.<\/p>\n<p>El proyecto convertido en ley establece que desde marzo las jubilaciones, pensiones y Asignaci\u00f3n Universal por Hijo se actualizar\u00e1n en forma trimestral en base a un sistema combinado entre la variaci\u00f3n de la inflaci\u00f3n (en un 70 por ciento) y del aumento salarial promedio (un 30 por ciento) y el desfasaje inicial entre un sistema y otro se compensar\u00e1 con una suma fija por \u00fanica vez para los haberes menores a diez mil pesos.<\/p>\n<p>En el cierre del debate, el presidente del interbloque Cambiemos, <strong>Mario Negri<\/strong>, opt\u00f3 por no brindar un discurso y solo manifest\u00f3 por afirmar que <em>\u00ablos dirigentes responsables no reparte f\u00f3sforos donde hay nafta\u00bb<\/em> y pidi\u00f3 pasar a votar tras una sesi\u00f3n marat\u00f3nica que se extendi\u00f3 m\u00e1s de 17 horas. De esas 17 horas, doce estuvieron dedicadas a debatir la iniciativa, pero las primeros cinco se las llevaron los diferentes recursos y cuestiones de privilegio que interpuso la oposici\u00f3n en un intento por levantar la sesi\u00f3n.<\/p>\n<p>Durante el debate, la presidenta del bloque del Frente Renovador, <strong>Graciela Cama\u00f1o<\/strong>, \u00a0asegur\u00f3 que <em>\u00abes un recorte del bolsillo del trabajador jubilado\u00bb<\/em> y dijo que <em>\u00abes falso la sustentabilidad del sistema cuando dentro de poco se va votar una rebaja de los aportes patronales\u00bb<\/em>, al tiempo que insisti\u00f3 en la inconstitucionalidad de esta norma.<\/p>\n<p>Desde el Interbloque Argentina Federal, el peronista salte\u00f1o <strong>N\u00e9stor David<\/strong>, afirm\u00f3 que esta bancada <em>\u00abno estar\u00e1 en una situaci\u00f3n f\u00e1cil porque vamos a votar divididos\u00bb<\/em> y agreg\u00f3 que <em>\u00abhoy nos toca elegir y podremos entre todos salir adelante, es cierto que el gobierno tiene la responsabilidad y tiene la legitimidad de plantear las pol\u00edticas que quiere llevar adelante\u00bb<\/em>.<\/p>\n<p>El presidente del bloque del FPV, <strong>Agust\u00edn Rossi<\/strong>, dijo que <em>\u00abestamos debatiendo la ley en una fecha importante porque hoy se cumplen diecis\u00e9is a\u00f1os de la represi\u00f3n del 19 y 20 de diciembre donde murieron decenas de argentinos\u00bb<\/em> y opin\u00f3 que el <em>\u00abbono no resuelve nada\u00bb<\/em>, en referencia la compensaci\u00f3n que pagar\u00e1 el Gobierno.<\/p>\n<p><em>\u00abVenimos a decirle No a este \u00edndice de movilidad jubilatoria, porque es perverso desde la A hasta Z y perjudica al conjunto del pueblo argentino\u00bb<\/em>, apunt\u00f3 Rossi. Agreg\u00f3 que la medida<em> \u00abha despertado la rebeli\u00f3n del pueblo no solo con las marchas de las organizaciones sino con los cacerolazos\u00bb<\/em>, y advirti\u00f3 que <em>\u00abvan a seguir\u00bb<\/em>.<\/p>\n<p>Para iniciar la sesi\u00f3n el oficialismo reuni\u00f3 el q\u00faorum reglamentario con la participaci\u00f3n de 105 diputados propios, 3 del bloque que encabeza <strong>Mart\u00edn Lousteau<\/strong>, y legisladores que responden a los gobiernos provinciales de Misiones (4), C\u00f3rdoba (4), Santiago del Estero (3), Entre R\u00edos (2), Chaco (2), Tucum\u00e1n (2), Salta (2), Chubut (1) y Neuquen (1), adem\u00e1s del sindicalista <strong>Alberto Roberti<\/strong>.<\/p>\n<p>Algunos de los opositores, que en la sesi\u00f3n del jueves no dieron qu\u00f3rum, esperaron hasta \u00faltimo momento para ingresar al recinto y lo hicieron junto al titular del bloque PRO, <strong>Nicol\u00e1s Massot<\/strong>. De hecho, un peronista salte\u00f1o, una del oficialismo santiague\u00f1o y el ahora oficialista <strong>Alfredo Olmedo<\/strong> ingresaron y se sentaron, mientras Monz\u00f3 daba inicio a la sesi\u00f3n.<\/p>\n<p>Una vez habilitada la sesi\u00f3n ingresaron los legisladores del massismo, el kirchnerismo, el Movimiento Evita, la izquierda, el peronismo puntano y los opositores a la reforma del fragmentado bloque Justicialista.<br \/>\nLos diputados que se sumaron para dar qu\u00f3rum, en relaci\u00f3n a la sesi\u00f3n frustrada de la semana pasada, pertenecen a las provincias de Salta, Entre R\u00edos, Neuqu\u00e9n y Chubut.<\/p>\n<p>Los nuevos aportes al qu\u00f3rum se comenzaron a gestar en la reuni\u00f3n realizada el viernes en <a href=\"https:\/\/www.cronica.com.ar\/tags\/Diputados\">Diputados<\/a> entre mandatarios provinciales y representantes del Poder Ejecutivo y del oficialismo parlamentario.<br \/>\nCon el compromiso del bono de compensaci\u00f3n para los jubilados, trece gobernadores manifestaron ayer su respaldo a la reforma en otra reuni\u00f3n que mantuvieron -minutos antes del inicio de la sesi\u00f3n- con el jefe de Gabinete, <strong>Marcos Pe\u00f1a<\/strong>, y el ministro del Interior, <strong>Rogelio Frigerio<\/strong>, en el despacho de Monz\u00f3 en <a href=\"https:\/\/www.cronica.com.ar\/tags\/Diputados\">Diputados<\/a>, y que fue le\u00eddo por el Gobierno como un fuerte gesto de apoyo al pacto que suscribieron el mes pasado.<\/p>\n<p>Al encuentro asistieron los gobernadores <strong>Mar\u00eda Eugenia Vidal<\/strong> (Buenos Aires); <strong>Gerardo Morales <\/strong>(Jujuy), <strong>Eduardo Vald\u00e9s<\/strong> (Corrientes), <strong>Juan Manuel Urtubey<\/strong> (Salta), <strong>Gustavo Bordet<\/strong> (Entre R\u00edos),<strong> Sergio Casas<\/strong> (La Rioja), <strong>Juan Manzur<\/strong> (Tucum\u00e1n), y <strong>Domingo Peppo <\/strong>(Chaco). Tambi\u00e9n, <strong>Rosana Bertone<\/strong> (Tierra del Fuego); <strong>Alberto Weretilnek<\/strong> (Rio Negro); <strong>Mariano Arcioni<\/strong> (Chubut); <strong>Hugo Passalacqua<\/strong> (Misiones) y <strong>Horacio Rodr\u00edguez Larreta<\/strong> (Ciudad de Buenos Aires).<\/p>\n","protected":false},"excerpt":{"rendered":"<p>\u00a0 La C\u00e1mara de Diputados aprob\u00f3 el proyecto impulsado por el oficialismo con 127 votos positivos, 117 negativos y dos abstenciones. Adem\u00e1s, hubo 10 legisladores que se ausentaron. La C\u00e1mara de Diputados convirti\u00f3 en ley el proyecto de reforma previsional que modifica el sistema de actualizaci\u00f3n de los haberes de la clase pasiva, con el&hellip;<\/p>\n","protected":false},"author":1,"featured_media":74953,"comment_status":"open","ping_status":"open","sticky":false,"template":"","format":"standard","meta":{"footnotes":""},"categories":[13],"tags":[86,28022,565],"class_list":["post-74952","post","type-post","status-publish","format-standard","has-post-thumbnail","hentry","category-politica","tag-congreso","tag-ley-reforma-previsional","tag-votacion"],"_links":{"self":[{"href":"https:\/\/www.elsindical.com.ar\/notas\/wp-json\/wp\/v2\/posts\/74952","targetHints":{"allow":["GET"]}}],"collection":[{"href":"https:\/\/www.elsindical.com.ar\/notas\/wp-json\/wp\/v2\/posts"}],"about":[{"href":"https:\/\/www.elsindical.com.ar\/notas\/wp-json\/wp\/v2\/types\/post"}],"author":[{"embeddable":true,"href":"https:\/\/www.elsindical.com.ar\/notas\/wp-json\/wp\/v2\/users\/1"}],"replies":[{"embeddable":true,"href":"https:\/\/www.elsindical.com.ar\/notas\/wp-json\/wp\/v2\/comments?post=74952"}],"version-history":[{"count":1,"href":"https:\/\/www.elsindical.com.ar\/notas\/wp-json\/wp\/v2\/posts\/74952\/revisions"}],"predecessor-version":[{"id":74954,"href":"https:\/\/www.elsindical.com.ar\/notas\/wp-json\/wp\/v2\/posts\/74952\/revisions\/74954"}],"wp:featuredmedia":[{"embeddable":true,"href":"https:\/\/www.elsindical.com.ar\/notas\/wp-json\/wp\/v2\/media\/74953"}],"wp:attachment":[{"href":"https:\/\/www.elsindical.com.ar\/notas\/wp-json\/wp\/v2\/media?parent=74952"}],"wp:term":[{"taxonomy":"category","embeddable":true,"href":"https:\/\/www.elsindical.com.ar\/notas\/wp-json\/wp\/v2\/categories?post=74952"},{"taxonomy":"post_tag","embeddable":true,"href":"https:\/\/www.elsindical.com.ar\/notas\/wp-json\/wp\/v2\/tags?post=74952"}],"curies":[{"name":"wp","href":"https:\/\/api.w.org\/{rel}","templated":true}]}}