{"id":74859,"date":"2017-12-14T15:46:27","date_gmt":"2017-12-14T18:46:27","guid":{"rendered":"http:\/\/www.elsindical.com.ar\/notas\/?p=74859"},"modified":"2017-12-14T15:46:27","modified_gmt":"2017-12-14T18:46:27","slug":"balvanera-estalla-camioneta-y-se-sospecha-que-fue-intencional","status":"publish","type":"post","link":"https:\/\/www.elsindical.com.ar\/notas\/balvanera-estalla-camioneta-y-se-sospecha-que-fue-intencional\/","title":{"rendered":"Balvanera: Estalla camioneta y se sospecha que fue intencional"},"content":{"rendered":"<p><em><a href=\"http:\/\/www.elsindical.com.ar\/notas\/var\/www\/html\/notas\/wp-content\/uploads\/2017\/12\/camioneta-explotada-1.jpg\"><img loading=\"lazy\" decoding=\"async\" class=\"alignnone size-medium wp-image-74861\" src=\"http:\/\/www.elsindical.com.ar\/notas\/var\/www\/html\/notas\/wp-content\/uploads\/2017\/12\/camioneta-explotada-1-300x169.jpg\" alt=\"\" width=\"300\" height=\"169\" srcset=\"https:\/\/www.elsindical.com.ar\/notas\/var\/www\/html\/notas\/wp-content\/uploads\/2017\/12\/camioneta-explotada-1-300x169.jpg 300w, https:\/\/www.elsindical.com.ar\/notas\/var\/www\/html\/notas\/wp-content\/uploads\/2017\/12\/camioneta-explotada-1-768x432.jpg 768w, https:\/\/www.elsindical.com.ar\/notas\/var\/www\/html\/notas\/wp-content\/uploads\/2017\/12\/camioneta-explotada-1-500x281.jpg 500w, https:\/\/www.elsindical.com.ar\/notas\/var\/www\/html\/notas\/wp-content\/uploads\/2017\/12\/camioneta-explotada-1-460x260.jpg 460w, https:\/\/www.elsindical.com.ar\/notas\/var\/www\/html\/notas\/wp-content\/uploads\/2017\/12\/camioneta-explotada-1.jpg 970w\" sizes=\"auto, (max-width: 300px) 100vw, 300px\" \/><\/a>\u00a0 El estallido del rodado se produjo en el cruce de las calles Per\u00f3n y Uriburu. Seg\u00fan testigos, el veh\u00edculo se hallaba estacionado desde hac\u00eda varios d\u00edas en ese lugar. Personal policial investiga el m\u00f3vil del suceso aunque se sospecha que fue intencional.<\/em><\/p>\n<p>Una camioneta explot\u00f3 esta madrugada en el barrio porte\u00f1o de Balvanera, provocando severos da\u00f1os materiales en las vidrieras de varios comercios y edificios de la cuadra.<\/p>\n<section>\n<div class=\"entry-body text-font\">\n<p>Una camioneta explot\u00f3 esta madrugada en el barrio porte\u00f1o de Balvanera, provocando severos da\u00f1os materiales en las vidrieras de varios comercios y edificios de la cuadra.<\/p>\n<p>El hecho ocurri\u00f3 alrededor de las 5:00 en las calles Per\u00f3n y Uriburu, a unas seis cuadras del Congreso de la Naci\u00f3n, donde a \u00a0partir de las 14:00 los Diputados debatir\u00e1n el proyecto de ley de reforma previsional que impulsa el Poder Ejecutivo, y a una distancia similar de la sede de la AMIA.<\/p>\n<p>Fuentes policiales informaron que, seg\u00fan el relato de los \u00a0testigos, el rodado se encontraba abandonado, estacionado en el\u00a0lugar hace varios d\u00edas.<\/p><\/div>\n<\/section>\n<div><\/div>\n<div>\n<p>En el lugar trabajaron personal de Bomberos, de la Polic\u00eda de la Ciudad y de la Divisi\u00f3n Explosivos y la zona quedo restringida al tr\u00e1nsito de manera preventiva.<\/p>\n<p>Tras la estruendo y posterior incendio del veh\u00edculo, se vieron salir corriendo del lugar a dos personas, por lo que se investiga si se trat\u00f3 de un hecho cometido por los denominados \u00abquema coches\u00bb.<\/p>\n<p>Ahora resta el resultado de las pericias para determinar si la explosi\u00f3n fue producto de un desperfecto o intencional.<\/p>\n<p><a href=\"http:\/\/www.elsindical.com.ar\/notas\/var\/www\/html\/notas\/wp-content\/uploads\/2017\/12\/camioneta-explotada-2.jpg\"><img loading=\"lazy\" decoding=\"async\" class=\"alignnone size-medium wp-image-74860\" src=\"http:\/\/www.elsindical.com.ar\/notas\/var\/www\/html\/notas\/wp-content\/uploads\/2017\/12\/camioneta-explotada-2-300x169.jpg\" alt=\"\" width=\"300\" height=\"169\" srcset=\"https:\/\/www.elsindical.com.ar\/notas\/var\/www\/html\/notas\/wp-content\/uploads\/2017\/12\/camioneta-explotada-2-300x169.jpg 300w, https:\/\/www.elsindical.com.ar\/notas\/var\/www\/html\/notas\/wp-content\/uploads\/2017\/12\/camioneta-explotada-2-500x281.jpg 500w, https:\/\/www.elsindical.com.ar\/notas\/var\/www\/html\/notas\/wp-content\/uploads\/2017\/12\/camioneta-explotada-2-460x260.jpg 460w, https:\/\/www.elsindical.com.ar\/notas\/var\/www\/html\/notas\/wp-content\/uploads\/2017\/12\/camioneta-explotada-2.jpg 745w\" sizes=\"auto, (max-width: 300px) 100vw, 300px\" \/><\/a><\/p>\n<\/div>\n","protected":false},"excerpt":{"rendered":"<p>\u00a0 El estallido del rodado se produjo en el cruce de las calles Per\u00f3n y Uriburu. Seg\u00fan testigos, el veh\u00edculo se hallaba estacionado desde hac\u00eda varios d\u00edas en ese lugar. Personal policial investiga el m\u00f3vil del suceso aunque se sospecha que fue intencional. Una camioneta explot\u00f3 esta madrugada en el barrio porte\u00f1o de Balvanera, provocando&hellip;<\/p>\n","protected":false},"author":1,"featured_media":74861,"comment_status":"open","ping_status":"open","sticky":false,"template":"","format":"standard","meta":{"footnotes":""},"categories":[22],"tags":[475,3487,86,28001],"class_list":["post-74859","post","type-post","status-publish","format-standard","has-post-thumbnail","hentry","category-policiales","tag-amia","tag-balvanera","tag-congreso","tag-renault-trafic"],"_links":{"self":[{"href":"https:\/\/www.elsindical.com.ar\/notas\/wp-json\/wp\/v2\/posts\/74859","targetHints":{"allow":["GET"]}}],"collection":[{"href":"https:\/\/www.elsindical.com.ar\/notas\/wp-json\/wp\/v2\/posts"}],"about":[{"href":"https:\/\/www.elsindical.com.ar\/notas\/wp-json\/wp\/v2\/types\/post"}],"author":[{"embeddable":true,"href":"https:\/\/www.elsindical.com.ar\/notas\/wp-json\/wp\/v2\/users\/1"}],"replies":[{"embeddable":true,"href":"https:\/\/www.elsindical.com.ar\/notas\/wp-json\/wp\/v2\/comments?post=74859"}],"version-history":[{"count":1,"href":"https:\/\/www.elsindical.com.ar\/notas\/wp-json\/wp\/v2\/posts\/74859\/revisions"}],"predecessor-version":[{"id":74862,"href":"https:\/\/www.elsindical.com.ar\/notas\/wp-json\/wp\/v2\/posts\/74859\/revisions\/74862"}],"wp:featuredmedia":[{"embeddable":true,"href":"https:\/\/www.elsindical.com.ar\/notas\/wp-json\/wp\/v2\/media\/74861"}],"wp:attachment":[{"href":"https:\/\/www.elsindical.com.ar\/notas\/wp-json\/wp\/v2\/media?parent=74859"}],"wp:term":[{"taxonomy":"category","embeddable":true,"href":"https:\/\/www.elsindical.com.ar\/notas\/wp-json\/wp\/v2\/categories?post=74859"},{"taxonomy":"post_tag","embeddable":true,"href":"https:\/\/www.elsindical.com.ar\/notas\/wp-json\/wp\/v2\/tags?post=74859"}],"curies":[{"name":"wp","href":"https:\/\/api.w.org\/{rel}","templated":true}]}}