{"id":74856,"date":"2017-12-14T15:35:37","date_gmt":"2017-12-14T18:35:37","guid":{"rendered":"http:\/\/www.elsindical.com.ar\/notas\/?p=74856"},"modified":"2017-12-14T15:35:37","modified_gmt":"2017-12-14T18:35:37","slug":"el-gobierno-nacional-le-puso-numero-a-la-paritaria-2018-166","status":"publish","type":"post","link":"https:\/\/www.elsindical.com.ar\/notas\/el-gobierno-nacional-le-puso-numero-a-la-paritaria-2018-166\/","title":{"rendered":"El Gobierno Nacional le puso n\u00famero a la paritaria 2018: 16,6%"},"content":{"rendered":"<p><em><a href=\"http:\/\/www.elsindical.com.ar\/notas\/var\/www\/html\/notas\/wp-content\/uploads\/2017\/12\/Nicol\u00e1s-Dujovne.jpg\"><img loading=\"lazy\" decoding=\"async\" class=\"alignnone size-medium wp-image-74857\" src=\"http:\/\/www.elsindical.com.ar\/notas\/var\/www\/html\/notas\/wp-content\/uploads\/2017\/12\/Nicol\u00e1s-Dujovne-300x200.jpg\" alt=\"\" width=\"300\" height=\"200\" srcset=\"https:\/\/www.elsindical.com.ar\/notas\/var\/www\/html\/notas\/wp-content\/uploads\/2017\/12\/Nicol\u00e1s-Dujovne-300x200.jpg 300w, https:\/\/www.elsindical.com.ar\/notas\/var\/www\/html\/notas\/wp-content\/uploads\/2017\/12\/Nicol\u00e1s-Dujovne-768x512.jpg 768w, https:\/\/www.elsindical.com.ar\/notas\/var\/www\/html\/notas\/wp-content\/uploads\/2017\/12\/Nicol\u00e1s-Dujovne-1024x683.jpg 1024w, https:\/\/www.elsindical.com.ar\/notas\/var\/www\/html\/notas\/wp-content\/uploads\/2017\/12\/Nicol\u00e1s-Dujovne-450x300.jpg 450w, https:\/\/www.elsindical.com.ar\/notas\/var\/www\/html\/notas\/wp-content\/uploads\/2017\/12\/Nicol\u00e1s-Dujovne.jpg 1170w\" sizes=\"auto, (max-width: 300px) 100vw, 300px\" \/><\/a>\u00a0 Lo afirm\u00f3 el ministro de Hacienda, Nicol\u00e1s Dujovne, en relaci\u00f3n a la expectativa de inflaci\u00f3n de las empresas para el pr\u00f3ximo a\u00f1o.<\/em><\/p>\n<p>El ministro de Hacienda, Nicol\u00e1s Dujovne, pronostic\u00f3 que las negociaciones paritarias de 2018 deber\u00edan cerrar en el 16,6% porque esa es la expectativa de inflaci\u00f3n de las empresas para el pr\u00f3ximo a\u00f1o.<\/p>\n<p>\u00abLas expectativas del sector privado que releva el Banco Central est\u00e1n en 16,6% para el a\u00f1o que viene y entonces uno deber\u00eda esperar que las paritarias para el a\u00f1o que viene cierren en ese n\u00famero\u00bb, dijo el funcionario.<\/p>\n<p>A principios de este a\u00f1o, el Gobierno intent\u00f3 que las paritarias se firmen por debajo del 20%, con una cl\u00e1usula gatillo si la inflaci\u00f3n superaba esa cifra.<\/p>\n<p>Seg\u00fan las estad\u00edsticas del INDEC, la inflaci\u00f3n anual trepa al 21% pero podr\u00eda sumar otros 2,5% por diciembre, superando ampliamente las metas proyectadas por el Banco Central de entre 12 y 17%.<\/p>\n<p>En declaraciones a radio Mitre, el jefe de Hacienda expres\u00f3 tambi\u00e9n que una inflaci\u00f3n n\u00facleo del 1,3% como la reportada por el Indec esta semana \u00abes un buen n\u00famero\u00bb dado que durante el kirchnerismo con precios y tarifas congelados la n\u00facleo \u00abnunca bajaba del 2%\u00bb.<\/p>\n<p>Dujovne destac\u00f3 que esa desaceleraci\u00f3n de la inflaci\u00f3n se est\u00e9 observando a pesar de la modificando los precios relativos y con un tipo de cambio flotante que es dominado por el mercado financiero.<\/p>\n<p>\u00abPoco a poco, lo que uno ve son mejoras. Venimos de un descalabro tal que las mejoras inevitablemente van a tomar un tiempo\u00bb, indic\u00f3 el funcionario, quien le quit\u00f3 dramatismo al impacto en la econom\u00eda de las altas tasas de inter\u00e9s que establece el Banco Central.<\/p>\n<p>Seg\u00fan el funcionario, en el Gobierno de Mauricio Macri \u00abse conversa pero tambi\u00e9n se respeta la autonom\u00eda del Banco Central\u00bb, por lo que si bien hay funcionarios que est\u00e1n m\u00e1s ansioso por la actividad, hay otros que lo est\u00e1n por la inflaci\u00f3n.<\/p>\n<p>\u00abY ese es el armado institucional que rige en la mayor\u00eda de los pa\u00edses del mundo. Hay un equilibrio en el que el Banco Central es un poquito m\u00e1s conservador\u00bb, indic\u00f3 el funcionario.<\/p>\n<p>Dujovne insisti\u00f3 que quien decide las tasas de inter\u00e9s es el Banco Central y \u00abhay darle la derecha\u00bb, por lo que habr\u00eda que \u00abbajar el nivel de ansiedad\u00bb porque si bien se pretende que aumente la actividad, tambi\u00e9n se busca que baje la inflaci\u00f3n.<\/p>\n<p>\u00abCuanto m\u00e1s r\u00e1pido baje la inflaci\u00f3n m\u00e1s r\u00e1pido vamos a crecer\u00bb, agreg\u00f3 el funcionario.<\/p>\n<p>Tambi\u00e9n reconoci\u00f3 que el d\u00e9ficit fiscal es alto, pero aclar\u00f3 que el Gobierno est\u00e1 instrumentando medidas para bajarlo y de hecho el gasto con relaci\u00f3n al Producto Bruto Interno \u00abest\u00e1 bajando 2 puntos, del 43 al 41%\u00bb.<\/p>\n<p>\u00abEl gasto en t\u00e9rminos reales est\u00e1 cayendo 4% real y eso ocurre con una econom\u00eda que est\u00e1 creciendo\u00bb, dijo.<\/p>\n","protected":false},"excerpt":{"rendered":"<p>\u00a0 Lo afirm\u00f3 el ministro de Hacienda, Nicol\u00e1s Dujovne, en relaci\u00f3n a la expectativa de inflaci\u00f3n de las empresas para el pr\u00f3ximo a\u00f1o. El ministro de Hacienda, Nicol\u00e1s Dujovne, pronostic\u00f3 que las negociaciones paritarias de 2018 deber\u00edan cerrar en el 16,6% porque esa es la expectativa de inflaci\u00f3n de las empresas para el pr\u00f3ximo a\u00f1o.&hellip;<\/p>\n","protected":false},"author":1,"featured_media":74857,"comment_status":"open","ping_status":"open","sticky":false,"template":"","format":"standard","meta":{"footnotes":""},"categories":[9],"tags":[1539,22023,2200,24978],"class_list":["post-74856","post","type-post","status-publish","format-standard","has-post-thumbnail","hentry","category-economia","tag-banco-central","tag-economia","tag-indec","tag-nicolas-dujovne"],"_links":{"self":[{"href":"https:\/\/www.elsindical.com.ar\/notas\/wp-json\/wp\/v2\/posts\/74856","targetHints":{"allow":["GET"]}}],"collection":[{"href":"https:\/\/www.elsindical.com.ar\/notas\/wp-json\/wp\/v2\/posts"}],"about":[{"href":"https:\/\/www.elsindical.com.ar\/notas\/wp-json\/wp\/v2\/types\/post"}],"author":[{"embeddable":true,"href":"https:\/\/www.elsindical.com.ar\/notas\/wp-json\/wp\/v2\/users\/1"}],"replies":[{"embeddable":true,"href":"https:\/\/www.elsindical.com.ar\/notas\/wp-json\/wp\/v2\/comments?post=74856"}],"version-history":[{"count":1,"href":"https:\/\/www.elsindical.com.ar\/notas\/wp-json\/wp\/v2\/posts\/74856\/revisions"}],"predecessor-version":[{"id":74858,"href":"https:\/\/www.elsindical.com.ar\/notas\/wp-json\/wp\/v2\/posts\/74856\/revisions\/74858"}],"wp:featuredmedia":[{"embeddable":true,"href":"https:\/\/www.elsindical.com.ar\/notas\/wp-json\/wp\/v2\/media\/74857"}],"wp:attachment":[{"href":"https:\/\/www.elsindical.com.ar\/notas\/wp-json\/wp\/v2\/media?parent=74856"}],"wp:term":[{"taxonomy":"category","embeddable":true,"href":"https:\/\/www.elsindical.com.ar\/notas\/wp-json\/wp\/v2\/categories?post=74856"},{"taxonomy":"post_tag","embeddable":true,"href":"https:\/\/www.elsindical.com.ar\/notas\/wp-json\/wp\/v2\/tags?post=74856"}],"curies":[{"name":"wp","href":"https:\/\/api.w.org\/{rel}","templated":true}]}}