{"id":74853,"date":"2017-12-14T15:24:51","date_gmt":"2017-12-14T18:24:51","guid":{"rendered":"http:\/\/www.elsindical.com.ar\/notas\/?p=74853"},"modified":"2017-12-14T15:24:51","modified_gmt":"2017-12-14T18:24:51","slug":"en-medio-de-un-escandalo-se-levanto-la-sesion-por-la-reforma-previsional","status":"publish","type":"post","link":"https:\/\/www.elsindical.com.ar\/notas\/en-medio-de-un-escandalo-se-levanto-la-sesion-por-la-reforma-previsional\/","title":{"rendered":"En medio de un esc\u00e1ndalo se levant\u00f3 la sesi\u00f3n por la reforma previsional"},"content":{"rendered":"<p><em>\u00a0<a href=\"http:\/\/www.elsindical.com.ar\/notas\/var\/www\/html\/notas\/wp-content\/uploads\/2017\/12\/C\u00e1mara-de-diputados-de-la-Naci\u00f3n.jpg\"><img loading=\"lazy\" decoding=\"async\" class=\"alignnone size-medium wp-image-74854\" src=\"http:\/\/www.elsindical.com.ar\/notas\/var\/www\/html\/notas\/wp-content\/uploads\/2017\/12\/C\u00e1mara-de-diputados-de-la-Naci\u00f3n-300x204.jpg\" alt=\"\" width=\"300\" height=\"204\" srcset=\"https:\/\/www.elsindical.com.ar\/notas\/var\/www\/html\/notas\/wp-content\/uploads\/2017\/12\/C\u00e1mara-de-diputados-de-la-Naci\u00f3n-300x204.jpg 300w, https:\/\/www.elsindical.com.ar\/notas\/var\/www\/html\/notas\/wp-content\/uploads\/2017\/12\/C\u00e1mara-de-diputados-de-la-Naci\u00f3n-768x523.jpg 768w, https:\/\/www.elsindical.com.ar\/notas\/var\/www\/html\/notas\/wp-content\/uploads\/2017\/12\/C\u00e1mara-de-diputados-de-la-Naci\u00f3n-441x300.jpg 441w, https:\/\/www.elsindical.com.ar\/notas\/var\/www\/html\/notas\/wp-content\/uploads\/2017\/12\/C\u00e1mara-de-diputados-de-la-Naci\u00f3n.jpg 1000w\" sizes=\"auto, (max-width: 300px) 100vw, 300px\" \/><\/a> El oficialismo logr\u00f3 qu\u00f3rum en medio de un esc\u00e1ndalo donde se denunci\u00f3 la presencia de dos diputados que no habr\u00edan jurado y por ende no pod\u00eda participar, esta tarde para tratar el proyecto de reforma previsional en el Congreso, en medio de incidentes y un clima de tensi\u00f3n. Pero se gener\u00f3 un revuelo entre los diputados y Carri\u00f3 anunci\u00f3 el levantamiento de la sesi\u00f3n.<\/em><\/p>\n<p>El oficialismo logr\u00f3 qu\u00f3rum esta tarde para tratar el proyecto de reforma previsional en el Congreso, en medio de incidentes y un clima de tensi\u00f3n. Pero se gener\u00f3 un revuelo entre los diputados y Carri\u00f3 anunci\u00f3 el levantamiento de la sesi\u00f3n.<\/p>\n<p>Hubo una demora de m\u00e1s de media hora tras el pedido de la oposici\u00f3n de levantar la sesi\u00f3n especial para tratar la pol\u00e9mica iniciativa. Gener\u00f3 empujones, gritos e insultos entre los diputados opositores y personal de seguridad en el ingreso del recinto.<\/p>\n<p>Una vez conseguido el qu\u00f3rum, tal como anunciaba el oficialismo, se gener\u00f3 un esc\u00e1ndalo en el recinto que oblig\u00f3 a que la sesi\u00f3n se levantara.<\/p>\n","protected":false},"excerpt":{"rendered":"<p>\u00a0 El oficialismo logr\u00f3 qu\u00f3rum en medio de un esc\u00e1ndalo donde se denunci\u00f3 la presencia de dos diputados que no habr\u00edan jurado y por ende no pod\u00eda participar, esta tarde para tratar el proyecto de reforma previsional en el Congreso, en medio de incidentes y un clima de tensi\u00f3n. Pero se gener\u00f3 un revuelo entre&hellip;<\/p>\n","protected":false},"author":1,"featured_media":74854,"comment_status":"open","ping_status":"open","sticky":false,"template":"","format":"standard","meta":{"footnotes":""},"categories":[13],"tags":[28000,86,27458,3231],"class_list":["post-74853","post","type-post","status-publish","format-standard","has-post-thumbnail","hentry","category-politica","tag-carrio","tag-congreso","tag-reforma-previsional","tag-sesion"],"_links":{"self":[{"href":"https:\/\/www.elsindical.com.ar\/notas\/wp-json\/wp\/v2\/posts\/74853","targetHints":{"allow":["GET"]}}],"collection":[{"href":"https:\/\/www.elsindical.com.ar\/notas\/wp-json\/wp\/v2\/posts"}],"about":[{"href":"https:\/\/www.elsindical.com.ar\/notas\/wp-json\/wp\/v2\/types\/post"}],"author":[{"embeddable":true,"href":"https:\/\/www.elsindical.com.ar\/notas\/wp-json\/wp\/v2\/users\/1"}],"replies":[{"embeddable":true,"href":"https:\/\/www.elsindical.com.ar\/notas\/wp-json\/wp\/v2\/comments?post=74853"}],"version-history":[{"count":1,"href":"https:\/\/www.elsindical.com.ar\/notas\/wp-json\/wp\/v2\/posts\/74853\/revisions"}],"predecessor-version":[{"id":74855,"href":"https:\/\/www.elsindical.com.ar\/notas\/wp-json\/wp\/v2\/posts\/74853\/revisions\/74855"}],"wp:featuredmedia":[{"embeddable":true,"href":"https:\/\/www.elsindical.com.ar\/notas\/wp-json\/wp\/v2\/media\/74854"}],"wp:attachment":[{"href":"https:\/\/www.elsindical.com.ar\/notas\/wp-json\/wp\/v2\/media?parent=74853"}],"wp:term":[{"taxonomy":"category","embeddable":true,"href":"https:\/\/www.elsindical.com.ar\/notas\/wp-json\/wp\/v2\/categories?post=74853"},{"taxonomy":"post_tag","embeddable":true,"href":"https:\/\/www.elsindical.com.ar\/notas\/wp-json\/wp\/v2\/tags?post=74853"}],"curies":[{"name":"wp","href":"https:\/\/api.w.org\/{rel}","templated":true}]}}