{"id":74835,"date":"2017-12-13T08:59:22","date_gmt":"2017-12-13T11:59:22","guid":{"rendered":"http:\/\/www.elsindical.com.ar\/notas\/?p=74835"},"modified":"2017-12-13T08:59:22","modified_gmt":"2017-12-13T11:59:22","slug":"la-corte-fallo-contra-la-educacion-religiosa-en-las-escuelas-publicas-de-salta","status":"publish","type":"post","link":"https:\/\/www.elsindical.com.ar\/notas\/la-corte-fallo-contra-la-educacion-religiosa-en-las-escuelas-publicas-de-salta\/","title":{"rendered":"La Corte fall\u00f3 contra la educaci\u00f3n religiosa en las escuelas p\u00fablicas de Salta"},"content":{"rendered":"<p><em>\u00a0 <a href=\"http:\/\/www.elsindical.com.ar\/notas\/var\/www\/html\/notas\/wp-content\/uploads\/2017\/05\/Corte-Suprema-2017.jpg\"><img loading=\"lazy\" decoding=\"async\" class=\"alignnone size-medium wp-image-67737\" src=\"http:\/\/www.elsindical.com.ar\/notas\/var\/www\/html\/notas\/wp-content\/uploads\/2017\/05\/Corte-Suprema-2017-300x141.jpg\" alt=\"\" width=\"300\" height=\"141\" srcset=\"https:\/\/www.elsindical.com.ar\/notas\/var\/www\/html\/notas\/wp-content\/uploads\/2017\/05\/Corte-Suprema-2017-300x141.jpg 300w, https:\/\/www.elsindical.com.ar\/notas\/var\/www\/html\/notas\/wp-content\/uploads\/2017\/05\/Corte-Suprema-2017-500x234.jpg 500w, https:\/\/www.elsindical.com.ar\/notas\/var\/www\/html\/notas\/wp-content\/uploads\/2017\/05\/Corte-Suprema-2017.jpg 640w\" sizes=\"auto, (max-width: 300px) 100vw, 300px\" \/><\/a>El m\u00e1ximo tribunal de Justicia declar\u00f3 inconstitucional un inciso de la ley de educaci\u00f3n de la provincia que establece la ense\u00f1anza religiosa en los planes de estudio por considerar que es \u00abdiscriminatorio\u00bb.<\/em><\/p>\n<p>La Corte Suprema declar\u00f3 la inconstitucionalidad de un inciso de la ley de educaci\u00f3n de Salta -que establece la ense\u00f1anza religiosa en los planes de estudio de las escuelas p\u00fablicas- por considerar que es \u00abdiscriminatorio\u00bb y viola el derecho a la intimidad de las familias, anunci\u00f3 ayer el Centro de Informaci\u00f3n Judicial.<\/p>\n<p>Con el voto de Ricardo Lorenzetti, Elena Highton de Nolasco y Juan Carlos Maqueda, el m\u00e1ximo tribunal declar\u00f3 inconstitucional el inciso \u00ab\u00f1\u00bb del art\u00edculo 27 de la ley de educaci\u00f3n salte\u00f1a, y quit\u00f3 validez a la obligaci\u00f3n de que los padres completen un formulario para exteriorizar la religi\u00f3n que profesan.<\/p>\n<p>\u00abEl texto del inciso &#8216;\u00f1&#8217; del art\u00edculo 27 de la ley de educaci\u00f3n provincial no contiene un supuesto de discriminaci\u00f3n directa sino que, bajo la apariencia de neutralidad, tiene decisivos efectos discriminatorios\u00bb, sostuvieron los jueces en el fallo de 94 p\u00e1ginas, en el que remarcaron que \u00abviola el principio de igualdad y no discriminaci\u00f3n que debe orientar\u00bb a las pol\u00edticas educativas.<\/p>\n<p>Fundamentos. Lorenzetti, Highton de Nolasco y Maqueda aseguraron que \u00aben numerosas escuelas p\u00fablicas salte\u00f1as se ha adoctrinado a los alumnos en el catolicismo, as\u00ed lo indican los textos, ilustraciones y ejercicios contenidos en los libros utilizados en las clases de ense\u00f1anza religiosa\u00bb.<\/p>\n<p>En tanto, la Corte tambi\u00e9n invalid\u00f3 la obligaci\u00f3n de que los padres manifiesten por escrito en el formulario de la Disposici\u00f3n n\u00b0 45 de la Direcci\u00f3n de Educaci\u00f3n Primaria de Salta si desean que sus hijos reciban educaci\u00f3n religiosa al alegar que viola el derecho a la intimidad.<\/p>\n<p>La Constituci\u00f3n Nacional establece un \u00e1mbito en el que cada individuo es soberano para tomar decisiones libres sobre el estilo de vida que desea, por lo cual, que alguien pueda ser obligado a revelar sus creencias religiosas es \u00ababrir una grieta en el sistema de derechos fundamentales\u00bb, explicaron los jueces.<\/p>\n<p>\u00abAdem\u00e1s, se encuentra acreditada la presencia de alumnos en el aula durante las clases de catequesis pese a que sus padres hab\u00edan exteriorizado su voluntad de que sus hijos no recibieran educaci\u00f3n religiosa, o bien manifestado en forma expresa que no profesaban religi\u00f3n alguna\u00bb, agregaron Lorenzetti, Highton de Nolasco y Maqueda.<\/p>\n<p>Los magistrados sostuvieron que en la escuela, fuera del horario de clase, todos aquellos que deseen recibir ense\u00f1anza religiosa pueden hacerlo.<\/p>\n<p>Disidencia. En disidencia, el juez Horacio Rosatti consider\u00f3 que la ley \u00abes constitucional\u00bb, pero exhort\u00f3 a la provincia de Salta a instrumentar las medidas necesarias para adaptar los contenidos curriculares de la materia y disponer el cese de todo rito religioso durante la jornada escolar.<\/p>\n<p>Por su parte, el juez Carlos Rosenkrantz no suscribi\u00f3 la sentencia pues se excus\u00f3 de intervenir en la causa ya que al momento de promoverse la acci\u00f3n de amparo era miembro de la Asociaci\u00f3n por los Derechos Civiles (ADC), coactora en estas actuaciones, precis\u00f3 el CIJ.<\/p>\n<p>La causa. La causa fue iniciada con una acci\u00f3n colectiva de amparo promovida por un grupo de madres de alumnos de escuelas p\u00fablicas salte\u00f1as y la ADC contra la provincia por considerar que la norma de educaci\u00f3n local violaba la ley 1420 de Educaci\u00f3n P\u00fablica de 1884 que establec\u00eda la laicidad.<\/p>\n<p>Tras ser rechazado el planteo por todas las instancias de los tribunales salte\u00f1os, incluida la Corte de Justicia provincial, el recurso lleg\u00f3 a la Corte Suprema, que realiz\u00f3 cuatro audiencias p\u00fablicas este a\u00f1o en las que participaron acad\u00e9micos, defensores de los derechos humanos y representantes de distintos credos.<\/p>\n<p>En el fallo, los magistrados concluyeron que \u00abde lo expuesto surge claramente que, dentro del sistema educativo p\u00fablico de la Provincia de Salta, existen patrones sistem\u00e1ticos de trato desigualitario hacia grupos religiosos minoritarios y hacia los no creyentes\u00bb.<\/p>\n","protected":false},"excerpt":{"rendered":"<p>\u00a0 El m\u00e1ximo tribunal de Justicia declar\u00f3 inconstitucional un inciso de la ley de educaci\u00f3n de la provincia que establece la ense\u00f1anza religiosa en los planes de estudio por considerar que es \u00abdiscriminatorio\u00bb. La Corte Suprema declar\u00f3 la inconstitucionalidad de un inciso de la ley de educaci\u00f3n de Salta -que establece la ense\u00f1anza religiosa en&hellip;<\/p>\n","protected":false},"author":1,"featured_media":67737,"comment_status":"open","ping_status":"open","sticky":false,"template":"","format":"standard","meta":{"footnotes":""},"categories":[20],"tags":[27998,197,2562,901],"class_list":["post-74835","post","type-post","status-publish","format-standard","has-post-thumbnail","hentry","category-judiciales","tag-educacion-religiosa","tag-fallo","tag-salta","tag-suprema-corte"],"_links":{"self":[{"href":"https:\/\/www.elsindical.com.ar\/notas\/wp-json\/wp\/v2\/posts\/74835","targetHints":{"allow":["GET"]}}],"collection":[{"href":"https:\/\/www.elsindical.com.ar\/notas\/wp-json\/wp\/v2\/posts"}],"about":[{"href":"https:\/\/www.elsindical.com.ar\/notas\/wp-json\/wp\/v2\/types\/post"}],"author":[{"embeddable":true,"href":"https:\/\/www.elsindical.com.ar\/notas\/wp-json\/wp\/v2\/users\/1"}],"replies":[{"embeddable":true,"href":"https:\/\/www.elsindical.com.ar\/notas\/wp-json\/wp\/v2\/comments?post=74835"}],"version-history":[{"count":1,"href":"https:\/\/www.elsindical.com.ar\/notas\/wp-json\/wp\/v2\/posts\/74835\/revisions"}],"predecessor-version":[{"id":74836,"href":"https:\/\/www.elsindical.com.ar\/notas\/wp-json\/wp\/v2\/posts\/74835\/revisions\/74836"}],"wp:featuredmedia":[{"embeddable":true,"href":"https:\/\/www.elsindical.com.ar\/notas\/wp-json\/wp\/v2\/media\/67737"}],"wp:attachment":[{"href":"https:\/\/www.elsindical.com.ar\/notas\/wp-json\/wp\/v2\/media?parent=74835"}],"wp:term":[{"taxonomy":"category","embeddable":true,"href":"https:\/\/www.elsindical.com.ar\/notas\/wp-json\/wp\/v2\/categories?post=74835"},{"taxonomy":"post_tag","embeddable":true,"href":"https:\/\/www.elsindical.com.ar\/notas\/wp-json\/wp\/v2\/tags?post=74835"}],"curies":[{"name":"wp","href":"https:\/\/api.w.org\/{rel}","templated":true}]}}