{"id":74828,"date":"2017-12-13T02:21:16","date_gmt":"2017-12-13T05:21:16","guid":{"rendered":"http:\/\/www.elsindical.com.ar\/notas\/?p=74828"},"modified":"2017-12-13T02:21:16","modified_gmt":"2017-12-13T05:21:16","slug":"sacar-el-pasaporte-costara-casi-el-doble","status":"publish","type":"post","link":"https:\/\/www.elsindical.com.ar\/notas\/sacar-el-pasaporte-costara-casi-el-doble\/","title":{"rendered":"Sacar el pasaporte costar\u00e1 casi el doble"},"content":{"rendered":"<p><em><a href=\"http:\/\/www.elsindical.com.ar\/notas\/var\/www\/html\/notas\/wp-content\/uploads\/2017\/12\/pasaporte-argentino.jpg\"><img loading=\"lazy\" decoding=\"async\" class=\"alignnone size-medium wp-image-74829\" src=\"http:\/\/www.elsindical.com.ar\/notas\/var\/www\/html\/notas\/wp-content\/uploads\/2017\/12\/pasaporte-argentino-300x184.jpg\" alt=\"\" width=\"300\" height=\"184\" srcset=\"https:\/\/www.elsindical.com.ar\/notas\/var\/www\/html\/notas\/wp-content\/uploads\/2017\/12\/pasaporte-argentino-300x184.jpg 300w, https:\/\/www.elsindical.com.ar\/notas\/var\/www\/html\/notas\/wp-content\/uploads\/2017\/12\/pasaporte-argentino-768x471.jpg 768w, https:\/\/www.elsindical.com.ar\/notas\/var\/www\/html\/notas\/wp-content\/uploads\/2017\/12\/pasaporte-argentino-489x300.jpg 489w, https:\/\/www.elsindical.com.ar\/notas\/var\/www\/html\/notas\/wp-content\/uploads\/2017\/12\/pasaporte-argentino.jpg 807w\" sizes=\"auto, (max-width: 300px) 100vw, 300px\" \/><\/a>\u00a0 El valor del tr\u00e1mite para obtener el pasaporte pasar\u00e1 desde este martes de 550 a 950 pesos, lo que representa un incremento del 73 por ciento, confirm\u00f3 el Registro Nacional de las Personas.<\/em><\/p>\n<p>El valor del tr\u00e1mite para obtener el pasaporte pasar\u00e1 desde este martes de 550 a 950 pesos, lo que representa un incremento del 73 por ciento, confirm\u00f3 el Registro Nacional de las Personas (Renaper).<\/p>\n<p>La dependencia oficial justific\u00f3 la medida al se\u00f1alar que el nuevo valor es correlativo al costo que tiene el documento electr\u00f3nico, que contiene informaci\u00f3n biom\u00e9trica del ciudadano, y record\u00f3 que estuvo casi dos a\u00f1os sin modificarse su precio.<\/p>\n<p>Juan Jos\u00e9 D&#8217;Amico, director del organismo se\u00f1al\u00f3: \u00abPara estar a la altura de las exigencias internacionales en cuanto a documentos de viaje es necesario contar con la tecnolog\u00eda que se utilizan en este sentido, lo que hace que tengamos que estar todo el tiempo invirtiendo en maquinarias y capacitaci\u00f3n\u00bb.<\/p>\n<p>El pasaporte, que continuar\u00e1 tendiendo una vigencia de 10 a\u00f1os y cuyo costo no se actualizaba desde enero de 2016, costar\u00e1 950 pesos en su tramitaci\u00f3n regular, mientras que el tr\u00e1mite expr\u00e9s ser\u00e1 de 2.100 pesos y el de resoluci\u00f3n inmediata ser\u00e1 de $950 m\u00e1s 200 d\u00f3lares.<\/p>\n<p>\u00abEl E-Pasaporte argentino est\u00e1 adecuado y sujeto a las recomendaciones y normativas de la Organizaci\u00f3n de Aviaci\u00f3n Civil (OACI), que es el organismo internacional que seg\u00fan normas de seguridad emite sugerencias para la emisi\u00f3n de los documentos de viaje\u00bb, indic\u00f3 en un comunicado el Renaper.<\/p>\n","protected":false},"excerpt":{"rendered":"<p>\u00a0 El valor del tr\u00e1mite para obtener el pasaporte pasar\u00e1 desde este martes de 550 a 950 pesos, lo que representa un incremento del 73 por ciento, confirm\u00f3 el Registro Nacional de las Personas. El valor del tr\u00e1mite para obtener el pasaporte pasar\u00e1 desde este martes de 550 a 950 pesos, lo que representa un&hellip;<\/p>\n","protected":false},"author":1,"featured_media":74829,"comment_status":"open","ping_status":"open","sticky":false,"template":"","format":"standard","meta":{"footnotes":""},"categories":[9],"tags":[23026,27994,27993],"class_list":["post-74828","post","type-post","status-publish","format-standard","has-post-thumbnail","hentry","category-economia","tag-oaci","tag-pasaporte-nacional","tag-renaper"],"_links":{"self":[{"href":"https:\/\/www.elsindical.com.ar\/notas\/wp-json\/wp\/v2\/posts\/74828","targetHints":{"allow":["GET"]}}],"collection":[{"href":"https:\/\/www.elsindical.com.ar\/notas\/wp-json\/wp\/v2\/posts"}],"about":[{"href":"https:\/\/www.elsindical.com.ar\/notas\/wp-json\/wp\/v2\/types\/post"}],"author":[{"embeddable":true,"href":"https:\/\/www.elsindical.com.ar\/notas\/wp-json\/wp\/v2\/users\/1"}],"replies":[{"embeddable":true,"href":"https:\/\/www.elsindical.com.ar\/notas\/wp-json\/wp\/v2\/comments?post=74828"}],"version-history":[{"count":1,"href":"https:\/\/www.elsindical.com.ar\/notas\/wp-json\/wp\/v2\/posts\/74828\/revisions"}],"predecessor-version":[{"id":74830,"href":"https:\/\/www.elsindical.com.ar\/notas\/wp-json\/wp\/v2\/posts\/74828\/revisions\/74830"}],"wp:featuredmedia":[{"embeddable":true,"href":"https:\/\/www.elsindical.com.ar\/notas\/wp-json\/wp\/v2\/media\/74829"}],"wp:attachment":[{"href":"https:\/\/www.elsindical.com.ar\/notas\/wp-json\/wp\/v2\/media?parent=74828"}],"wp:term":[{"taxonomy":"category","embeddable":true,"href":"https:\/\/www.elsindical.com.ar\/notas\/wp-json\/wp\/v2\/categories?post=74828"},{"taxonomy":"post_tag","embeddable":true,"href":"https:\/\/www.elsindical.com.ar\/notas\/wp-json\/wp\/v2\/tags?post=74828"}],"curies":[{"name":"wp","href":"https:\/\/api.w.org\/{rel}","templated":true}]}}