{"id":74715,"date":"2017-12-08T13:35:10","date_gmt":"2017-12-08T16:35:10","guid":{"rendered":"http:\/\/www.elsindical.com.ar\/notas\/?p=74715"},"modified":"2017-12-08T13:35:10","modified_gmt":"2017-12-08T16:35:10","slug":"cidh-y-oficinas-regionales-de-derechos-humanos-de-onu-expresan-preocupacion-por-deterioro-de-la-situacion-de-las-personas-defensoras-en-america","status":"publish","type":"post","link":"https:\/\/www.elsindical.com.ar\/notas\/cidh-y-oficinas-regionales-de-derechos-humanos-de-onu-expresan-preocupacion-por-deterioro-de-la-situacion-de-las-personas-defensoras-en-america\/","title":{"rendered":"CIDH y Oficinas Regionales de Derechos Humanos de ONU expresan preocupaci\u00f3n por deterioro de la situaci\u00f3n de las personas defensoras en Am\u00e9rica"},"content":{"rendered":"<p><a href=\"http:\/\/www.elsindical.com.ar\/notas\/var\/www\/html\/notas\/wp-content\/uploads\/2017\/03\/CIDH.jpg\"><img loading=\"lazy\" decoding=\"async\" class=\"alignnone size-medium wp-image-66483\" src=\"http:\/\/www.elsindical.com.ar\/notas\/var\/www\/html\/notas\/wp-content\/uploads\/2017\/03\/CIDH-300x180.jpg\" alt=\"\" width=\"300\" height=\"180\" srcset=\"https:\/\/www.elsindical.com.ar\/notas\/var\/www\/html\/notas\/wp-content\/uploads\/2017\/03\/CIDH-300x180.jpg 300w, https:\/\/www.elsindical.com.ar\/notas\/var\/www\/html\/notas\/wp-content\/uploads\/2017\/03\/CIDH-768x461.jpg 768w, https:\/\/www.elsindical.com.ar\/notas\/var\/www\/html\/notas\/wp-content\/uploads\/2017\/03\/CIDH-500x300.jpg 500w, https:\/\/www.elsindical.com.ar\/notas\/var\/www\/html\/notas\/wp-content\/uploads\/2017\/03\/CIDH.jpg 1000w\" sizes=\"auto, (max-width: 300px) 100vw, 300px\" \/><\/a>Washington, D.C. \/ Ciudad de Panam\u00e1 \/ Santiago &#8211; Con motivo del D\u00eda Internacional de las Defensoras y Defensores de Derechos Humanos, la Comisi\u00f3n Interamericana de Derechos Humanos (CIDH) y las Oficinas Regionales para Am\u00e9rica Central y Am\u00e9rica del Sur del Alto Comisionado de las Naciones Unidas para los Derechos Humanos (OACNUDH) expresan que la situaci\u00f3n de las personas defensoras de derechos humanos en el continente se ha agravado y la labor de defensa de los derechos humanos se ha convertido en una tarea extremadamente peligrosa. En tal sentido, ambas entidades instan a los Estados a adoptar o reforzar sus mecanismos de prevenci\u00f3n y protecci\u00f3n a las defensoras y defensores de derechos humanos.<\/p>\n<p>Seg\u00fan organizaciones de la sociedad civil, en 2016, del total de asesinatos de personas defensoras de derechos humanos en todo el mundo, tres cuartos ocurrieron en el hemisferio. En algunos pa\u00edses de la regi\u00f3n adem\u00e1s se ha mantenido la tendencia de aumento de asesinatos, ataques y\/o amenazas de personas defensoras de derechos humanos. Asimismo, defensoras y defensores de la regi\u00f3n enfrentan una serie de obst\u00e1culos a su trabajo de defensa tales como procesos de criminalizaci\u00f3n de su labor o campa\u00f1as de estigmatizaci\u00f3n y difamaci\u00f3n.<\/p>\n<p>Entre los grupos m\u00e1s afectados por esta violencia se encuentran aquellos que se dedican a la defensa de la tierra, el territorio y el ambiente. El creciente n\u00famero de conflictos socioambientales y la ausencia de adopci\u00f3n e implementaci\u00f3n de medidas efectivas de su reconocimiento y protecci\u00f3n, ha resultado en que estos defensores y defensoras sean v\u00edctimas de violencia por las causas que defienden o por el contenido de sus reivindicaciones.<\/p>\n<p>Por otro lado, las defensoras y defensores de derechos de personas LGBTI tambi\u00e9n enfrentan una mayor vulnerabilidad a sufrir actos de violencia, debido a la combinaci\u00f3n de factores relacionados con la percepci\u00f3n de su orientaci\u00f3n sexual e identidad de g\u00e9nero, su rol de defensa y los temas que defienden, ya que \u00e9stos buscan desafiar estructuras sociales tradicionales sobre la sexualidad. Asimismo, las mujeres defensoras de derechos humanos, adicionalmente a la discriminaci\u00f3n de la que son objeto por las concepciones estereotipadas de g\u00e9nero que les han sido atribuidas a su sexo, se enfrentan a una serie de desaf\u00edos espec\u00edficos al desarrollar su labor de defensa de derechos humanos que las pone en una situaci\u00f3n de particular vulnerabilidad.<\/p>\n<p>El pr\u00f3ximo a\u00f1o se cumplir\u00e1n 20 a\u00f1os de la adopci\u00f3n de la Declaraci\u00f3n sobre los Defensores de los Derechos Humanos de Naciones Unidas que insta a los Estados a garantizar la protecci\u00f3n por las autoridades competentes de toda persona, individual o colectivamente, frente a toda violencia, amenaza, represalia, discriminaci\u00f3n, presi\u00f3n o cualquier otra acci\u00f3n arbitraria resultante del ejercicio leg\u00edtimo de defensa de los derechos humanos conforme la Declaraci\u00f3n. En este sentido, entidades instan a los Estados a dar cumplimiento a lo establecido en dicha Declaraci\u00f3n y adoptar con urgencia todas las medidas necesarias para asegurar las condiciones para que las personas defensoras realicen sus actividades libremente y adoptar o reforzar sus mecanismos de prevenci\u00f3n y protecci\u00f3n.<\/p>\n<p>La CIDH es un \u00f3rgano principal y aut\u00f3nomo de la Organizaci\u00f3n de los Estados Americanos (OEA), cuyo mandato surge de la Carta de la OEA y de la Convenci\u00f3n Americana sobre Derechos Humanos. La Comisi\u00f3n Interamericana tiene el mandato de promover la observancia y la defensa de los derechos humanos en la regi\u00f3n y act\u00faa como \u00f3rgano consultivo de la OEA en la materia. La CIDH est\u00e1 integrada por siete miembros independientes que son elegidos por la Asamblea General de la OEA a t\u00edtulo personal, y no representan sus pa\u00edses de origen o residencia.<\/p>\n<p>La Oficina del Alto Comisionado de las Naciones Unidas para los Derechos Humanos (OACNUDH) lidera los esfuerzos de las Naciones Unidas para la protecci\u00f3n y promoci\u00f3n de los derechos humanos en el mundo. Asimismo se esfuerza por garantizar el cumplimiento de las normas de derechos humanos universalmente reconocidas, incluso mediante la promoci\u00f3n tanto de la ratificaci\u00f3n y aplicaci\u00f3n universal de los principales tratados de derechos humanos, como del respeto por el estado de derecho.<\/p>\n<p>La CIDH y el OACNUDH iniciaron un nuevo y m\u00e1s profundo plan de cooperaci\u00f3n para abordar uno de los problemas m\u00e1s apremiantes en Am\u00e9rica: la protecci\u00f3n de las personas defensoras de los derechos humanos. Este mecanismo de acciones conjuntas intensifica el trabajo en favor de las personas defensoras de derechos humanos, aprovechando sus capacidades nacionales, regionales e internacionales, sus fortalezas complementarias y creando conexiones m\u00e1s s\u00f3lidas entre sus funcionarios.<\/p>\n","protected":false},"excerpt":{"rendered":"<p>Washington, D.C. \/ Ciudad de Panam\u00e1 \/ Santiago &#8211; Con motivo del D\u00eda Internacional de las Defensoras y Defensores de Derechos Humanos, la Comisi\u00f3n Interamericana de Derechos Humanos (CIDH) y las Oficinas Regionales para Am\u00e9rica Central y Am\u00e9rica del Sur del Alto Comisionado de las Naciones Unidas para los Derechos Humanos (OACNUDH) expresan que la&hellip;<\/p>\n","protected":false},"author":1,"featured_media":66483,"comment_status":"open","ping_status":"open","sticky":false,"template":"","format":"standard","meta":{"footnotes":""},"categories":[8],"tags":[1804,5139,1765,25718],"class_list":["post-74715","post","type-post","status-publish","format-standard","has-post-thumbnail","hentry","category-derechos-humanos","tag-america","tag-cidh","tag-ddhh","tag-oacnudh"],"_links":{"self":[{"href":"https:\/\/www.elsindical.com.ar\/notas\/wp-json\/wp\/v2\/posts\/74715","targetHints":{"allow":["GET"]}}],"collection":[{"href":"https:\/\/www.elsindical.com.ar\/notas\/wp-json\/wp\/v2\/posts"}],"about":[{"href":"https:\/\/www.elsindical.com.ar\/notas\/wp-json\/wp\/v2\/types\/post"}],"author":[{"embeddable":true,"href":"https:\/\/www.elsindical.com.ar\/notas\/wp-json\/wp\/v2\/users\/1"}],"replies":[{"embeddable":true,"href":"https:\/\/www.elsindical.com.ar\/notas\/wp-json\/wp\/v2\/comments?post=74715"}],"version-history":[{"count":1,"href":"https:\/\/www.elsindical.com.ar\/notas\/wp-json\/wp\/v2\/posts\/74715\/revisions"}],"predecessor-version":[{"id":74716,"href":"https:\/\/www.elsindical.com.ar\/notas\/wp-json\/wp\/v2\/posts\/74715\/revisions\/74716"}],"wp:featuredmedia":[{"embeddable":true,"href":"https:\/\/www.elsindical.com.ar\/notas\/wp-json\/wp\/v2\/media\/66483"}],"wp:attachment":[{"href":"https:\/\/www.elsindical.com.ar\/notas\/wp-json\/wp\/v2\/media?parent=74715"}],"wp:term":[{"taxonomy":"category","embeddable":true,"href":"https:\/\/www.elsindical.com.ar\/notas\/wp-json\/wp\/v2\/categories?post=74715"},{"taxonomy":"post_tag","embeddable":true,"href":"https:\/\/www.elsindical.com.ar\/notas\/wp-json\/wp\/v2\/tags?post=74715"}],"curies":[{"name":"wp","href":"https:\/\/api.w.org\/{rel}","templated":true}]}}