{"id":747,"date":"2009-10-01T00:47:04","date_gmt":"2009-10-01T03:47:04","guid":{"rendered":"http:\/\/www.elsindical.com.ar\/notas\/?p=747"},"modified":"2009-10-01T00:47:04","modified_gmt":"2009-10-01T03:47:04","slug":"trabajo-constato-que-no-dejan-entrar-delegados-a-la-planta","status":"publish","type":"post","link":"https:\/\/www.elsindical.com.ar\/notas\/trabajo-constato-que-no-dejan-entrar-delegados-a-la-planta\/","title":{"rendered":"Trabajo constat\u00f3 que no dejan entrar delegados a la planta"},"content":{"rendered":"<p style=\"text-align: justify;\"><em><img loading=\"lazy\" decoding=\"async\" class=\"alignleft size-full wp-image-748\" title=\"Kraft Foods Pacheco\" src=\"http:\/\/www.elsindical.com.ar\/notas\/var\/www\/html\/notas\/wp-content\/uploads\/2009\/10\/Kraft-Foods-Pacheco.jpg\" alt=\"Kraft Foods Pacheco\" width=\"371\" height=\"250\" srcset=\"https:\/\/www.elsindical.com.ar\/notas\/var\/www\/html\/notas\/wp-content\/uploads\/2009\/10\/Kraft-Foods-Pacheco.jpg 371w, https:\/\/www.elsindical.com.ar\/notas\/var\/www\/html\/notas\/wp-content\/uploads\/2009\/10\/Kraft-Foods-Pacheco-300x202.jpg 300w\" sizes=\"auto, (max-width: 371px) 100vw, 371px\" \/>Los inspectores de los ministerios de Trabajo de la Naci\u00f3n y la provincia de Buenos Aires constataron que la empresa Kraft no deja ingresar a la planta a los delegados de la comisi\u00f3n interna gremial y por otra parte verificaron que los tres turnos est\u00e1n trabajando a pleno.<\/em><\/p>\n<p style=\"text-align: justify;\">Voceros del Ministerio de Trabajo informaron que concurrieron a la planta tres inspectores de la cartera laboral nacional y uno de la provincia.<\/p>\n<p style=\"text-align: justify;\">En ese sentido, indicaron que los inspectores acompa\u00f1aron a los delegados y constataron que la empresa no los dej\u00f3 ingresar, en tanto verificaron que los tres turnos se encuentran trabajando a pleno.<\/p>\n<p style=\"text-align: justify;\">Agregaron que este jueves se realizar\u00e1 la reuni\u00f3n prevista entre las autoridades de los ministerios, la empresa y los gremialistas aunque a\u00fan no se pudo precisar hora y lugar.<\/p>\n<p style=\"text-align: justify;\">Durante el encuentro se analizar\u00e1 el cumplimiento de los puntos del acta firmados el lunes pasado en La Plata.<\/p>\n","protected":false},"excerpt":{"rendered":"<p>Los inspectores de los ministerios de Trabajo de la Naci\u00f3n y la provincia de Buenos Aires constataron que la empresa Kraft no deja ingresar a la planta a los delegados de la comisi\u00f3n interna gremial y por otra parte verificaron que los tres turnos est\u00e1n trabajando a pleno. Voceros del Ministerio de Trabajo informaron que&hellip;<\/p>\n","protected":false},"author":1,"featured_media":0,"comment_status":"open","ping_status":"open","sticky":false,"template":"","format":"standard","meta":{"footnotes":""},"categories":[16],"tags":[55,439,437,438],"class_list":["post-747","post","type-post","status-publish","format-standard","hentry","category-gremiales","tag-delegados","tag-empresa","tag-inspectores","tag-ministerio-trabajo"],"_links":{"self":[{"href":"https:\/\/www.elsindical.com.ar\/notas\/wp-json\/wp\/v2\/posts\/747","targetHints":{"allow":["GET"]}}],"collection":[{"href":"https:\/\/www.elsindical.com.ar\/notas\/wp-json\/wp\/v2\/posts"}],"about":[{"href":"https:\/\/www.elsindical.com.ar\/notas\/wp-json\/wp\/v2\/types\/post"}],"author":[{"embeddable":true,"href":"https:\/\/www.elsindical.com.ar\/notas\/wp-json\/wp\/v2\/users\/1"}],"replies":[{"embeddable":true,"href":"https:\/\/www.elsindical.com.ar\/notas\/wp-json\/wp\/v2\/comments?post=747"}],"version-history":[{"count":2,"href":"https:\/\/www.elsindical.com.ar\/notas\/wp-json\/wp\/v2\/posts\/747\/revisions"}],"predecessor-version":[{"id":750,"href":"https:\/\/www.elsindical.com.ar\/notas\/wp-json\/wp\/v2\/posts\/747\/revisions\/750"}],"wp:attachment":[{"href":"https:\/\/www.elsindical.com.ar\/notas\/wp-json\/wp\/v2\/media?parent=747"}],"wp:term":[{"taxonomy":"category","embeddable":true,"href":"https:\/\/www.elsindical.com.ar\/notas\/wp-json\/wp\/v2\/categories?post=747"},{"taxonomy":"post_tag","embeddable":true,"href":"https:\/\/www.elsindical.com.ar\/notas\/wp-json\/wp\/v2\/tags?post=747"}],"curies":[{"name":"wp","href":"https:\/\/api.w.org\/{rel}","templated":true}]}}