{"id":74685,"date":"2017-12-07T07:25:22","date_gmt":"2017-12-07T10:25:22","guid":{"rendered":"http:\/\/www.elsindical.com.ar\/notas\/?p=74685"},"modified":"2017-12-07T07:25:22","modified_gmt":"2017-12-07T10:25:22","slug":"es-inhumano-sacarle-mas-guita-a-los-jubilados-dijo-susana-gimenez","status":"publish","type":"post","link":"https:\/\/www.elsindical.com.ar\/notas\/es-inhumano-sacarle-mas-guita-a-los-jubilados-dijo-susana-gimenez\/","title":{"rendered":"\u201cEs inhumano sacarle m\u00e1s guita a los jubilados\u201d, dijo Susana Gim\u00e9nez"},"content":{"rendered":"<p><em><a href=\"http:\/\/www.elsindical.com.ar\/notas\/var\/www\/html\/notas\/wp-content\/uploads\/2017\/12\/Susana-Gim\u00e9nez-gesto.jpg\"><img loading=\"lazy\" decoding=\"async\" class=\"alignnone size-medium wp-image-74686\" src=\"http:\/\/www.elsindical.com.ar\/notas\/var\/www\/html\/notas\/wp-content\/uploads\/2017\/12\/Susana-Gim\u00e9nez-gesto-300x226.jpg\" alt=\"\" width=\"300\" height=\"226\" srcset=\"https:\/\/www.elsindical.com.ar\/notas\/var\/www\/html\/notas\/wp-content\/uploads\/2017\/12\/Susana-Gim\u00e9nez-gesto-300x226.jpg 300w, https:\/\/www.elsindical.com.ar\/notas\/var\/www\/html\/notas\/wp-content\/uploads\/2017\/12\/Susana-Gim\u00e9nez-gesto-398x300.jpg 398w, https:\/\/www.elsindical.com.ar\/notas\/var\/www\/html\/notas\/wp-content\/uploads\/2017\/12\/Susana-Gim\u00e9nez-gesto.jpg 502w\" sizes=\"auto, (max-width: 300px) 100vw, 300px\" \/><\/a>\u00a0 En una entrevista con un diario, la diva cuestion\u00f3 la reforma previsional y el tratamiento que tiene el gobierno de Mauricio Macri con los adultos mayores.<\/em><\/p>\n<p>Susana Gim\u00e9nez, amiga de Mauricio Macri, se pronunci\u00f3 como una gran defensora del Gobierno de Mauricio Macri. Pero en una nota con el diario Cr\u00f3nica, la diva habl\u00f3 sobre el desacuerdo a la reforma previsional que se est\u00e1 planteando por estos d\u00edas.<\/p>\n<p>La diva de los tel\u00e9fonos dijo: \u201cYo no estoy de acuerdo con que los jubilados ganen menos de lo que se merecen. No se puede ganar 7.000 pesos en este momento. Esto es imposible en la realidad actual. Y todav\u00eda hacer una reforma previsional para sacarles m\u00e1s guita me parece inhumano. Nuestros padres han trabajado toda la vida. Por Dios, esto es una estafa, porque han aportado toda la vida. \u00bfAd\u00f3nde va tanta guita? Yo gast\u00e9 hace poco 6.200 pesos de farmacia y no estoy enferma\u201c.<\/p>\n","protected":false},"excerpt":{"rendered":"<p>\u00a0 En una entrevista con un diario, la diva cuestion\u00f3 la reforma previsional y el tratamiento que tiene el gobierno de Mauricio Macri con los adultos mayores. Susana Gim\u00e9nez, amiga de Mauricio Macri, se pronunci\u00f3 como una gran defensora del Gobierno de Mauricio Macri. Pero en una nota con el diario Cr\u00f3nica, la diva habl\u00f3&hellip;<\/p>\n","protected":false},"author":1,"featured_media":74686,"comment_status":"open","ping_status":"open","sticky":false,"template":"","format":"standard","meta":{"footnotes":""},"categories":[15],"tags":[4910,76,27458],"class_list":["post-74685","post","type-post","status-publish","format-standard","has-post-thumbnail","hentry","category-espectaculos","tag-jubilados","tag-mauricio-macri","tag-reforma-previsional"],"_links":{"self":[{"href":"https:\/\/www.elsindical.com.ar\/notas\/wp-json\/wp\/v2\/posts\/74685","targetHints":{"allow":["GET"]}}],"collection":[{"href":"https:\/\/www.elsindical.com.ar\/notas\/wp-json\/wp\/v2\/posts"}],"about":[{"href":"https:\/\/www.elsindical.com.ar\/notas\/wp-json\/wp\/v2\/types\/post"}],"author":[{"embeddable":true,"href":"https:\/\/www.elsindical.com.ar\/notas\/wp-json\/wp\/v2\/users\/1"}],"replies":[{"embeddable":true,"href":"https:\/\/www.elsindical.com.ar\/notas\/wp-json\/wp\/v2\/comments?post=74685"}],"version-history":[{"count":1,"href":"https:\/\/www.elsindical.com.ar\/notas\/wp-json\/wp\/v2\/posts\/74685\/revisions"}],"predecessor-version":[{"id":74687,"href":"https:\/\/www.elsindical.com.ar\/notas\/wp-json\/wp\/v2\/posts\/74685\/revisions\/74687"}],"wp:featuredmedia":[{"embeddable":true,"href":"https:\/\/www.elsindical.com.ar\/notas\/wp-json\/wp\/v2\/media\/74686"}],"wp:attachment":[{"href":"https:\/\/www.elsindical.com.ar\/notas\/wp-json\/wp\/v2\/media?parent=74685"}],"wp:term":[{"taxonomy":"category","embeddable":true,"href":"https:\/\/www.elsindical.com.ar\/notas\/wp-json\/wp\/v2\/categories?post=74685"},{"taxonomy":"post_tag","embeddable":true,"href":"https:\/\/www.elsindical.com.ar\/notas\/wp-json\/wp\/v2\/tags?post=74685"}],"curies":[{"name":"wp","href":"https:\/\/api.w.org\/{rel}","templated":true}]}}