{"id":74682,"date":"2017-12-07T07:18:44","date_gmt":"2017-12-07T10:18:44","guid":{"rendered":"http:\/\/www.elsindical.com.ar\/notas\/?p=74682"},"modified":"2017-12-07T07:18:44","modified_gmt":"2017-12-07T10:18:44","slug":"rio-gallegos-detuvieron-a-carlos-zannini-por-el-memorandum-con-iran","status":"publish","type":"post","link":"https:\/\/www.elsindical.com.ar\/notas\/rio-gallegos-detuvieron-a-carlos-zannini-por-el-memorandum-con-iran\/","title":{"rendered":"R\u00edo Gallegos: Detuvieron a Carlos Zannini por el memor\u00e1ndum con Ir\u00e1n"},"content":{"rendered":"<p><em>\u00a0 <a href=\"http:\/\/www.elsindical.com.ar\/notas\/var\/www\/html\/notas\/wp-content\/uploads\/2017\/12\/Zanni-detenido.jpg\"><img loading=\"lazy\" decoding=\"async\" class=\"alignnone size-medium wp-image-74683\" src=\"http:\/\/www.elsindical.com.ar\/notas\/var\/www\/html\/notas\/wp-content\/uploads\/2017\/12\/Zanni-detenido-300x174.jpg\" alt=\"\" width=\"300\" height=\"174\" srcset=\"https:\/\/www.elsindical.com.ar\/notas\/var\/www\/html\/notas\/wp-content\/uploads\/2017\/12\/Zanni-detenido-300x174.jpg 300w, https:\/\/www.elsindical.com.ar\/notas\/var\/www\/html\/notas\/wp-content\/uploads\/2017\/12\/Zanni-detenido-768x446.jpg 768w, https:\/\/www.elsindical.com.ar\/notas\/var\/www\/html\/notas\/wp-content\/uploads\/2017\/12\/Zanni-detenido-1024x595.jpg 1024w, https:\/\/www.elsindical.com.ar\/notas\/var\/www\/html\/notas\/wp-content\/uploads\/2017\/12\/Zanni-detenido-500x291.jpg 500w, https:\/\/www.elsindical.com.ar\/notas\/var\/www\/html\/notas\/wp-content\/uploads\/2017\/12\/Zanni-detenido.jpg 1170w\" sizes=\"auto, (max-width: 300px) 100vw, 300px\" \/><\/a>La detenci\u00f3n fue ordenada por el juez Claudio Bonadio. Es investigado por supuesto encubrimiento en la causa AMIA.<\/em><\/p>\n<p>En el marco de la causa que investiga el pacto de entendimiento con Ir\u00e1n, Carlos Zannini fue arrestado por la Polic\u00eda Federal en R\u00edo Gallegos durante la madrugada, seg\u00fan confirmaron fuentes oficiales.<\/p>\n<p>El \u00faltimo 23 de octubre, Zannini prest\u00f3 declaraci\u00f3n indagatoria ante el juez Claudio Bonadio y el fiscal Eduardo Taiana. Neg\u00f3 frente a ellos haber participado de un supuesto plan para encubrir a los ciudadanos iran\u00edes acusados de estar detr\u00e1s del atentado perpetrado el 18 de julio de 1994.<\/p>\n<p>Luego de que el juez federal le informara que estaba acusado de haber formado parte de una maniobra para lograr la impunidad a los iran\u00edes imputados de volar la AMIA, buscando que tras la firma de un pacto con Ir\u00e1n cayeran los pedidos de captura en su contra, Zannini sostuvo que no entend\u00eda la imputaci\u00f3n.<\/p>\n<p>El ex funcionario declar\u00f3 que no conoce \u00aba los iran\u00edes\u00bb, que nunca particip\u00f3 de la elaboraci\u00f3n del memor\u00e1ndum con Ir\u00e1n y que el gobierno de Cristina Kirchner no vari\u00f3 la postura de la Argentina sobre el caso AMIA en relaci\u00f3n con la gesti\u00f3n del fallecido ex presidente N\u00e9stor Kirchner.<\/p>\n<p>Zannini manifest\u00f3 que la pol\u00edtica del Poder Ejecutivo durante ese per\u00edodo siempre fue acompa\u00f1ar a las v\u00edctimas y buscar esclarecer el atentado, que dej\u00f3 85 muertos y cientos de heridos.<\/p>\n","protected":false},"excerpt":{"rendered":"<p>\u00a0 La detenci\u00f3n fue ordenada por el juez Claudio Bonadio. Es investigado por supuesto encubrimiento en la causa AMIA. En el marco de la causa que investiga el pacto de entendimiento con Ir\u00e1n, Carlos Zannini fue arrestado por la Polic\u00eda Federal en R\u00edo Gallegos durante la madrugada, seg\u00fan confirmaron fuentes oficiales. El \u00faltimo 23 de&hellip;<\/p>\n","protected":false},"author":1,"featured_media":74683,"comment_status":"open","ping_status":"open","sticky":false,"template":"","format":"standard","meta":{"footnotes":""},"categories":[20],"tags":[475,18259,698,11838],"class_list":["post-74682","post","type-post","status-publish","format-standard","has-post-thumbnail","hentry","category-judiciales","tag-amia","tag-carlos-zannini","tag-pfa","tag-rio-gallegos"],"_links":{"self":[{"href":"https:\/\/www.elsindical.com.ar\/notas\/wp-json\/wp\/v2\/posts\/74682","targetHints":{"allow":["GET"]}}],"collection":[{"href":"https:\/\/www.elsindical.com.ar\/notas\/wp-json\/wp\/v2\/posts"}],"about":[{"href":"https:\/\/www.elsindical.com.ar\/notas\/wp-json\/wp\/v2\/types\/post"}],"author":[{"embeddable":true,"href":"https:\/\/www.elsindical.com.ar\/notas\/wp-json\/wp\/v2\/users\/1"}],"replies":[{"embeddable":true,"href":"https:\/\/www.elsindical.com.ar\/notas\/wp-json\/wp\/v2\/comments?post=74682"}],"version-history":[{"count":1,"href":"https:\/\/www.elsindical.com.ar\/notas\/wp-json\/wp\/v2\/posts\/74682\/revisions"}],"predecessor-version":[{"id":74684,"href":"https:\/\/www.elsindical.com.ar\/notas\/wp-json\/wp\/v2\/posts\/74682\/revisions\/74684"}],"wp:featuredmedia":[{"embeddable":true,"href":"https:\/\/www.elsindical.com.ar\/notas\/wp-json\/wp\/v2\/media\/74683"}],"wp:attachment":[{"href":"https:\/\/www.elsindical.com.ar\/notas\/wp-json\/wp\/v2\/media?parent=74682"}],"wp:term":[{"taxonomy":"category","embeddable":true,"href":"https:\/\/www.elsindical.com.ar\/notas\/wp-json\/wp\/v2\/categories?post=74682"},{"taxonomy":"post_tag","embeddable":true,"href":"https:\/\/www.elsindical.com.ar\/notas\/wp-json\/wp\/v2\/tags?post=74682"}],"curies":[{"name":"wp","href":"https:\/\/api.w.org\/{rel}","templated":true}]}}