{"id":74679,"date":"2017-12-07T07:14:20","date_gmt":"2017-12-07T10:14:20","guid":{"rendered":"http:\/\/www.elsindical.com.ar\/notas\/?p=74679"},"modified":"2017-12-07T07:14:20","modified_gmt":"2017-12-07T10:14:20","slug":"el-padre-de-festivales-presento-la-62a-semana-de-la-tradicion-del-norte-cordobes","status":"publish","type":"post","link":"https:\/\/www.elsindical.com.ar\/notas\/el-padre-de-festivales-presento-la-62a-semana-de-la-tradicion-del-norte-cordobes\/","title":{"rendered":"El Padre de Festivales present\u00f3 la 62\u00aa Semana de la Tradici\u00f3n del Norte Cordob\u00e9s"},"content":{"rendered":"<table class=\"t1_mod\" width=\"100%\" cellspacing=\"0\" cellpadding=\"0\">\n<tbody>\n<tr>\n<td><a href=\"http:\/\/www.elsindical.com.ar\/notas\/var\/www\/html\/notas\/wp-content\/uploads\/2017\/12\/Padre-de-Festivales-2.jpg\"><img loading=\"lazy\" decoding=\"async\" class=\"alignnone size-medium wp-image-74680\" src=\"http:\/\/www.elsindical.com.ar\/notas\/var\/www\/html\/notas\/wp-content\/uploads\/2017\/12\/Padre-de-Festivales-2-300x115.jpg\" alt=\"\" width=\"300\" height=\"115\" srcset=\"https:\/\/www.elsindical.com.ar\/notas\/var\/www\/html\/notas\/wp-content\/uploads\/2017\/12\/Padre-de-Festivales-2-300x115.jpg 300w, https:\/\/www.elsindical.com.ar\/notas\/var\/www\/html\/notas\/wp-content\/uploads\/2017\/12\/Padre-de-Festivales-2-768x294.jpg 768w, https:\/\/www.elsindical.com.ar\/notas\/var\/www\/html\/notas\/wp-content\/uploads\/2017\/12\/Padre-de-Festivales-2-1024x392.jpg 1024w, https:\/\/www.elsindical.com.ar\/notas\/var\/www\/html\/notas\/wp-content\/uploads\/2017\/12\/Padre-de-Festivales-2-500x191.jpg 500w, https:\/\/www.elsindical.com.ar\/notas\/var\/www\/html\/notas\/wp-content\/uploads\/2017\/12\/Padre-de-Festivales-2.jpg 2048w\" sizes=\"auto, (max-width: 300px) 100vw, 300px\" \/><\/a>El Intendente de De\u00e1n Funes presidi\u00f3 la presentaci\u00f3n de la 62\u00aa Semana de la Tradici\u00f3n del Norte Cordob\u00e9s, acompa\u00f1ado de la Presidente de la Comisi\u00f3n Permanente, Eliana Torres y miembros de de esta Comisi\u00f3n, el evento se llev\u00f3 a cabo en la Meca de Culturas este mi\u00e9rcoles 6 de diciembre.<\/p>\n<p>El Padre de Festivales comenzar\u00e1 el jueves 18 de enero de 2018 con la tradicional Cabalgata que recorre toda la ciudad y culmina en el Estadio Fuhad Cordi. Luego en Plaza Sarmiento la fiesta continuar\u00e1 con la actuaci\u00f3n de Duo Coplanacu, 5 Sentidos, Duo la Copla, Paquito Monteoliva, Maxi Gil, Bruna Monte, Gabriel Polidoro, Emiliano Baez Pe\u00f1a, Los Hijos del Viento, Los Choyas y Estampas Tulumbanas, con entrada totalmente gratuita.<\/p>\n<p>\u201cEs importante destacar que todos los gastos para esta primera jornada corre por cuenta del municipio\u201d, explicaba la Profesora Torres.<\/p>\n<p>Por su parte el Intendente Ra\u00fal Figueroa se refiri\u00f3 \u201cque los $ 103.000 pesos que dej\u00f3 de ganancia la edici\u00f3n 2017 la Comisi\u00f3n decidi\u00f3 donarlos para mejoras que se est\u00e1n realizando en el Estadio y que en total superan el medio mill\u00f3n de pesos\u201d.<\/p>\n<p>Como el a\u00f1o pasado el Predio del Festival ser\u00e1 de tres manzanas que incluyen el Estadio Fuhad Cordi, con un cerramiento perimetral, con entradas por calles 9 de Julio y 25 de Mayo \u201cpero no se descarta otras posibilidades de ingresos seg\u00fan la cantidad de p\u00fablico\u201d, manifestaron miembros de la Comisi\u00f3n.<\/p>\n<p>El Padre de Festivales continuar\u00e1 el viernes 19 de enero con la presentaci\u00f3n de Mart\u00edn Bravo y Lucas Iba\u00f1ez, Los Huayras, El Indio Lucio Rojas, Los Trajinantes, Jesica Benavidez, Los Campedrinos.<\/p>\n<p>Por su parte el s\u00e1bado 20 de enero actuar\u00e1n Sergio Galleguillo, Los 4 de C\u00f3rdoba, Destino San Javier, Pachecos, Rodrigo Peque\u00f1o y Mait\u00e9.<\/p>\n<p>El cierre de la 62\u00aa Semana de la Tradici\u00f3n del Norte Cordob\u00e9s ser\u00e1 el domingo 21 de enero con la actuaci\u00f3n de: Mariachis De\u00e1n Funes, Paquito Oca\u00f1o y un gran bailable con Dale Q\u00b4 Va.<\/p>\n<p>Tambi\u00e9n se explic\u00f3 que habr\u00e1 \u201c40 montas por noche con tropillas de primer nivel\u201d y las Finales del Campeonato de Destrezas Gauchas.<\/p>\n<p>En cuanto a las entradas se podr\u00e1n adquirir con Tarjeta Naranja en Plan Z, en las Oficinas de Turismo y a trav\u00e9s de Autoentrada \u201ccon todos los medios de pago que esta empres dispone\u201d, sostuvo la Presidente de la Comisi\u00f3n Permanente.<\/p>\n<p>Con respecto a los costos el Intendente Ra\u00fal Figueroa dijo: \u201cEs nuestra voluntad mantener un equilibrio y precios accesible para que las entradas est\u00e9n al alcance de todos\u201d. Los ni\u00f1os menores de 10 a\u00f1os ingresan gratis al predio. El jueves, en Plaza Sarmiento, ser\u00e1 con entrada libre y gratuita. El viernes el costo ser\u00e1 de $180. El s\u00e1bado el costo es de $200 y el domingo de $180. Cabe aclarar que se podr\u00e1n adquirir abonos por las tres noches a $480.<\/td>\n<\/tr>\n<\/tbody>\n<\/table>\n<table class=\"t1_mod\" width=\"100%\" cellspacing=\"0\" cellpadding=\"0\">\n<tbody>\n<tr>\n<td>&nbsp;<\/p>\n<p><img decoding=\"async\" src=\"https:\/\/scontent-eze1-1.xx.fbcdn.net\/v\/t1.0-9\/24796628_851655291660637_6316318869186339686_n.jpg?oh=4ef46fb4e06b647221d3a5ba3bcdd64e&amp;oe=5AD7082A\" \/><\/td>\n<\/tr>\n<\/tbody>\n<\/table>\n<table class=\"t1_mod\" width=\"100%\" cellspacing=\"0\" cellpadding=\"0\">\n<tbody>\n<tr>\n<td><\/td>\n<\/tr>\n<\/tbody>\n<\/table>\n<table class=\"t1_mod\" width=\"100%\" cellspacing=\"0\" cellpadding=\"0\">\n<tbody>\n<tr>\n<td><strong>Padre de Festivales<\/strong><\/p>\n<p><strong>Comisi\u00f3n Permanente de la Semana de la Tradici\u00f3n del Norte Cordob\u00e9s<\/strong><\/p>\n<p><span class=\"text_exposed_show\">Contacto Prensa: Bruno Ceriani (Secretario Publicidad, Prensa y Difusi\u00f3n)<\/span><\/p>\n<p><strong><span class=\"text_exposed_show\">Tel\u00e9fono: <\/span>3521533003<\/strong><\/p>\n<p><span class=\"text_exposed_show\">E-mail:\u00a0<\/span><a title=\"Este enlace externo se abrir\u00e1 en una nueva ventana\" href=\"https:\/\/afrodita.astranetwork.net:2096\/cpsess5463372872\/3rdparty\/squirrelmail\/src\/compose.php?send_to=pdfdifusion@gmail.com\" target=\"_blank\" rel=\"noopener\">pdfdifusion@gmail.com<\/a><\/p>\n<p><strong>Facebook:<\/strong>\u00a0<strong><a title=\"Este enlace externo se abrir\u00e1 en una nueva ventana\" href=\"http:\/\/arrobamail.flmsb.net\/do\/trkln.php?index=1024084673AZD&amp;id=wpiustueqswiqwosuy&amp;url=aHR0cHM6Ly93d3cuZmFjZWJvb2suY29tL2Zlc3RpdmFsZGVhbmZ1bmVzLw%3D%3D\" target=\"_blank\" rel=\"noopener\">https:\/\/www.facebook.com\/festivaldeanfunes\/<\/a><\/strong><\/td>\n<\/tr>\n<\/tbody>\n<\/table>\n","protected":false},"excerpt":{"rendered":"<p>El Intendente de De\u00e1n Funes presidi\u00f3 la presentaci\u00f3n de la 62\u00aa Semana de la Tradici\u00f3n del Norte Cordob\u00e9s, acompa\u00f1ado de la Presidente de la Comisi\u00f3n Permanente, Eliana Torres y miembros de de esta Comisi\u00f3n, el evento se llev\u00f3 a cabo en la Meca de Culturas este mi\u00e9rcoles 6 de diciembre. El Padre de Festivales comenzar\u00e1&hellip;<\/p>\n","protected":false},"author":1,"featured_media":74680,"comment_status":"open","ping_status":"open","sticky":false,"template":"","format":"standard","meta":{"footnotes":""},"categories":[15],"tags":[153,27956,27957],"class_list":["post-74679","post","type-post","status-publish","format-standard","has-post-thumbnail","hentry","category-espectaculos","tag-cordoba","tag-padre-de-festivales","tag-raul-figueroa"],"_links":{"self":[{"href":"https:\/\/www.elsindical.com.ar\/notas\/wp-json\/wp\/v2\/posts\/74679","targetHints":{"allow":["GET"]}}],"collection":[{"href":"https:\/\/www.elsindical.com.ar\/notas\/wp-json\/wp\/v2\/posts"}],"about":[{"href":"https:\/\/www.elsindical.com.ar\/notas\/wp-json\/wp\/v2\/types\/post"}],"author":[{"embeddable":true,"href":"https:\/\/www.elsindical.com.ar\/notas\/wp-json\/wp\/v2\/users\/1"}],"replies":[{"embeddable":true,"href":"https:\/\/www.elsindical.com.ar\/notas\/wp-json\/wp\/v2\/comments?post=74679"}],"version-history":[{"count":1,"href":"https:\/\/www.elsindical.com.ar\/notas\/wp-json\/wp\/v2\/posts\/74679\/revisions"}],"predecessor-version":[{"id":74681,"href":"https:\/\/www.elsindical.com.ar\/notas\/wp-json\/wp\/v2\/posts\/74679\/revisions\/74681"}],"wp:featuredmedia":[{"embeddable":true,"href":"https:\/\/www.elsindical.com.ar\/notas\/wp-json\/wp\/v2\/media\/74680"}],"wp:attachment":[{"href":"https:\/\/www.elsindical.com.ar\/notas\/wp-json\/wp\/v2\/media?parent=74679"}],"wp:term":[{"taxonomy":"category","embeddable":true,"href":"https:\/\/www.elsindical.com.ar\/notas\/wp-json\/wp\/v2\/categories?post=74679"},{"taxonomy":"post_tag","embeddable":true,"href":"https:\/\/www.elsindical.com.ar\/notas\/wp-json\/wp\/v2\/tags?post=74679"}],"curies":[{"name":"wp","href":"https:\/\/api.w.org\/{rel}","templated":true}]}}