{"id":74623,"date":"2017-12-05T10:16:29","date_gmt":"2017-12-05T13:16:29","guid":{"rendered":"http:\/\/www.elsindical.com.ar\/notas\/?p=74623"},"modified":"2017-12-05T11:40:02","modified_gmt":"2017-12-05T14:40:02","slug":"tres-localidades-bonaerenses-en-vilo-por-la-construccion-de-plantas-termoelectricas","status":"publish","type":"post","link":"https:\/\/www.elsindical.com.ar\/notas\/tres-localidades-bonaerenses-en-vilo-por-la-construccion-de-plantas-termoelectricas\/","title":{"rendered":"Tres localidades bonaerenses en vilo por la construcci\u00f3n de plantas termoel\u00e9ctricas"},"content":{"rendered":"<p><em><a href=\"http:\/\/www.elsindical.com.ar\/notas\/var\/www\/html\/notas\/wp-content\/uploads\/2017\/12\/no-a-las-termoel\u00e9ctricas.jpg\"><img loading=\"lazy\" decoding=\"async\" class=\"alignnone size-medium wp-image-74624\" src=\"http:\/\/www.elsindical.com.ar\/notas\/var\/www\/html\/notas\/wp-content\/uploads\/2017\/12\/no-a-las-termoel\u00e9ctricas-300x179.jpg\" alt=\"\" width=\"300\" height=\"179\" srcset=\"https:\/\/www.elsindical.com.ar\/notas\/var\/www\/html\/notas\/wp-content\/uploads\/2017\/12\/no-a-las-termoel\u00e9ctricas-300x179.jpg 300w, https:\/\/www.elsindical.com.ar\/notas\/var\/www\/html\/notas\/wp-content\/uploads\/2017\/12\/no-a-las-termoel\u00e9ctricas-500x298.jpg 500w, https:\/\/www.elsindical.com.ar\/notas\/var\/www\/html\/notas\/wp-content\/uploads\/2017\/12\/no-a-las-termoel\u00e9ctricas.jpg 620w\" sizes=\"auto, (max-width: 300px) 100vw, 300px\" \/><\/a>\u00a0 En las \u00faltimas semanas, el denominador com\u00fan en los vecinos de tres localidades bonaerenses es el rechazo a la construcci\u00f3n de plantas termoel\u00e9ctricas, por los riesgos que implica la radicaci\u00f3n de estas centrales.<\/em><\/p>\n<p>En Pilar, analizan la relocalizaci\u00f3n de dos plantas que se construyeron en el l\u00edmite con Escobar. Al igual que en Luj\u00e1n, donde el Intendente decidi\u00f3 paralizar las obras por la presi\u00f3n vecinal.<\/p>\n<p>Escobar y Pilar<\/p>\n<p>Seg\u00fan publica el portal de noticias Escobarnews, la Justicia Federal hizo lugar a una medida cautelar presentada por los vecinos de la localidad pilarense de Villa Rosa para frenar las obras de las centrales termoel\u00e9ctricas que se est\u00e1n construyendo a pocos metros de la localidad de Matheu.<\/p>\n<p>En su resoluci\u00f3n, el juez Gonz\u00e1lez Charvay orden\u00f3 a la empresa APR ENERGY S.R.L. a la suspensi\u00f3n de la construcci\u00f3n de la central termoel\u00e9ctrica, de su operaci\u00f3n y\/o ensayos de prueba, y\/o acopio de combustible, y\/o el indebido uso de aguas subterr\u00e1neas y\/o aguas de red, desv\u00edo de desag\u00fces naturales, emisi\u00f3n sonoras, efluentes gaseosos, vertido de efluentes l\u00edquidos, movimiento de suelos, construcci\u00f3n de calles consolidadas, manejo y\/o acopio de combustibles.<\/p>\n<p>El magistrado tambi\u00e9n prohibi\u00f3 el uso del recurso h\u00eddrico subterr\u00e1neo o de la red p\u00fablica, y orden\u00f3 suspender el vertido de efluentes l\u00edquidos, todo ello \u201chasta tanto se dicte sentencia definitiva en las presentes actuaciones\u201d seg\u00fan reza en la disposici\u00f3n judicial que fue oficiada en el d\u00eda de hoy a las empresas vinculadas con la construcci\u00f3n de las centrales termoel\u00e9ctricas.<\/p>\n<p>A pesar de la decisi\u00f3n de la justicia, este fin de semana un grupo de vecinos cort\u00f3 la Ruta 25 para visibilizar la problem\u00e1tica que preocupa a miles de vecinos.<\/p>\n<p>Luj\u00e1n<\/p>\n<p>Una situaci\u00f3n similar se gest\u00f3 en Luj\u00e1n donde el Intendente Luciani suspendi\u00f3 la obra de una central termoel\u00e9ctrica de Araucaria Energy hasta obtener un nuevo informe de impacto ambiental pedido por los vecinos.<\/p>\n<p>Sin embargo, en la jornada de hoy vecinos de la zona denunciaron a trav\u00e9s de un video publicado en El Civismo actividad en el interior de la planta. En el material se da cuenta de ruidos provenientes de la central, una especie de zumbido, similares a los generados por una turbina. \u201cSe escucha algo similar a una turbina de avi\u00f3n\u201d, dijo el responsable de la filmaci\u00f3n.<\/p>\n<p>&nbsp;<\/p>\n<p><strong>Fuente: Infogei<\/strong><\/p>\n","protected":false},"excerpt":{"rendered":"<p>\u00a0 En las \u00faltimas semanas, el denominador com\u00fan en los vecinos de tres localidades bonaerenses es el rechazo a la construcci\u00f3n de plantas termoel\u00e9ctricas, por los riesgos que implica la radicaci\u00f3n de estas centrales. En Pilar, analizan la relocalizaci\u00f3n de dos plantas que se construyeron en el l\u00edmite con Escobar. Al igual que en Luj\u00e1n,&hellip;<\/p>\n","protected":false},"author":1,"featured_media":74624,"comment_status":"open","ping_status":"open","sticky":false,"template":"","format":"standard","meta":{"footnotes":""},"categories":[25],"tags":[1176,478,1411,27940],"class_list":["post-74623","post","type-post","status-publish","format-standard","has-post-thumbnail","hentry","category-sociedad","tag-escobar","tag-lujan","tag-pilar","tag-termoelectricas"],"_links":{"self":[{"href":"https:\/\/www.elsindical.com.ar\/notas\/wp-json\/wp\/v2\/posts\/74623","targetHints":{"allow":["GET"]}}],"collection":[{"href":"https:\/\/www.elsindical.com.ar\/notas\/wp-json\/wp\/v2\/posts"}],"about":[{"href":"https:\/\/www.elsindical.com.ar\/notas\/wp-json\/wp\/v2\/types\/post"}],"author":[{"embeddable":true,"href":"https:\/\/www.elsindical.com.ar\/notas\/wp-json\/wp\/v2\/users\/1"}],"replies":[{"embeddable":true,"href":"https:\/\/www.elsindical.com.ar\/notas\/wp-json\/wp\/v2\/comments?post=74623"}],"version-history":[{"count":2,"href":"https:\/\/www.elsindical.com.ar\/notas\/wp-json\/wp\/v2\/posts\/74623\/revisions"}],"predecessor-version":[{"id":74635,"href":"https:\/\/www.elsindical.com.ar\/notas\/wp-json\/wp\/v2\/posts\/74623\/revisions\/74635"}],"wp:featuredmedia":[{"embeddable":true,"href":"https:\/\/www.elsindical.com.ar\/notas\/wp-json\/wp\/v2\/media\/74624"}],"wp:attachment":[{"href":"https:\/\/www.elsindical.com.ar\/notas\/wp-json\/wp\/v2\/media?parent=74623"}],"wp:term":[{"taxonomy":"category","embeddable":true,"href":"https:\/\/www.elsindical.com.ar\/notas\/wp-json\/wp\/v2\/categories?post=74623"},{"taxonomy":"post_tag","embeddable":true,"href":"https:\/\/www.elsindical.com.ar\/notas\/wp-json\/wp\/v2\/tags?post=74623"}],"curies":[{"name":"wp","href":"https:\/\/api.w.org\/{rel}","templated":true}]}}