{"id":74620,"date":"2017-12-05T10:13:19","date_gmt":"2017-12-05T13:13:19","guid":{"rendered":"http:\/\/www.elsindical.com.ar\/notas\/?p=74620"},"modified":"2017-12-05T10:13:19","modified_gmt":"2017-12-05T13:13:19","slug":"en-territorio-bonaerense-solo-1-de-cada-10-personas-con-discapacidad-tiene-empleo","status":"publish","type":"post","link":"https:\/\/www.elsindical.com.ar\/notas\/en-territorio-bonaerense-solo-1-de-cada-10-personas-con-discapacidad-tiene-empleo\/","title":{"rendered":"En territorio bonaerense solo 1 de cada 10 personas con discapacidad tiene empleo"},"content":{"rendered":"<p><em>\u00a0 <a href=\"http:\/\/www.elsindical.com.ar\/notas\/var\/www\/html\/notas\/wp-content\/uploads\/2017\/12\/trabajo-y-discapacidad.jpg\"><img loading=\"lazy\" decoding=\"async\" class=\"alignnone size-medium wp-image-74621\" src=\"http:\/\/www.elsindical.com.ar\/notas\/var\/www\/html\/notas\/wp-content\/uploads\/2017\/12\/trabajo-y-discapacidad-300x179.jpg\" alt=\"\" width=\"300\" height=\"179\" srcset=\"https:\/\/www.elsindical.com.ar\/notas\/var\/www\/html\/notas\/wp-content\/uploads\/2017\/12\/trabajo-y-discapacidad-300x179.jpg 300w, https:\/\/www.elsindical.com.ar\/notas\/var\/www\/html\/notas\/wp-content\/uploads\/2017\/12\/trabajo-y-discapacidad-500x298.jpg 500w, https:\/\/www.elsindical.com.ar\/notas\/var\/www\/html\/notas\/wp-content\/uploads\/2017\/12\/trabajo-y-discapacidad.jpg 620w\" sizes=\"auto, (max-width: 300px) 100vw, 300px\" \/><\/a>El dato surge del Registro Nacional de Personas con Discapacidad en base a los certificados emitidos durante el 2016. En la Provincia de Buenos Aires s\u00f3lo tiene empleo el 13 por ciento.<\/em><\/p>\n<p>Seg\u00fan un informe difundido por la defensor\u00eda del Pueblo bonaerense, Buenos Aires es la provincia que m\u00e1s certificados por discapacidad emiti\u00f3 en 2016, con el 39,9 por ciento del total en Argentina, donde uno de cada tres solicitantes es menor de edad,<\/p>\n<p>Las cifras surgen del Anuario 2016 del sistema de Informaci\u00f3n, en base a datos del Registro Nacional de Personas con Discapacidad. \u201cEntre quienes manifestaron poseer alg\u00fan beneficio previsional casi un 80% recibe una pensi\u00f3n no contributiva\u201d, en tanto \u201c1 de cada 3 no cuenta con ning\u00fan tipo de protecci\u00f3n de salud\u201d, se\u00f1ala el trabajo, divulgado en el \u201cD\u00eda Internacional de las Personas con Discapacidad\u201d.<\/p>\n<p>El 30,94% de quienes solicitaron el CUD en la provincia son menores de 19 a\u00f1os, en tanto s\u00f3lo un 26,49% de quienes lo poseen declar\u00f3 utilizar alg\u00fan tipo de equipamiento, detalla el informe.<\/p>\n<p>Adem\u00e1s, precisa que entre los mayores de 14 a\u00f1os con certificado por discapacidad \u00fanicamente el 13,49% tiene empleo, o al menos lo declara, mientras el 86,51% restante manifest\u00f3 que trabaja.<\/p>\n<p>Entre los varones la proporci\u00f3n ocupacional es algo mayor al promedio: un 15,94% dice trabajar, por sobre el 10,99% de las mujeres, seg\u00fan los datos difundidos por el defensor.<\/p>\n<p>Respecto al tipo de ocupaci\u00f3n declarada por quienes tienen empleo, el 64,85% dijo ser obrero o empleado, el 29,97% trabajadores por cuenta propia, un 3,9 % se defini\u00f3 como trabajador familiar mientras y s\u00f3lo el 1,33% se identific\u00f3 como patr\u00f3n.<\/p>\n<p>En cuanto a la situaci\u00f3n previsional de la poblaci\u00f3n con CUD, un 52,01% declar\u00f3 percibir haberes y el 47,99% dijo no contar con ning\u00fan tipo de beneficio, en tanto el 35% del total dijo no tener su vivienda adaptada a las condiciones requeridas por su discapacidad.<\/p>\n","protected":false},"excerpt":{"rendered":"<p>\u00a0 El dato surge del Registro Nacional de Personas con Discapacidad en base a los certificados emitidos durante el 2016. En la Provincia de Buenos Aires s\u00f3lo tiene empleo el 13 por ciento. Seg\u00fan un informe difundido por la defensor\u00eda del Pueblo bonaerense, Buenos Aires es la provincia que m\u00e1s certificados por discapacidad emiti\u00f3 en&hellip;<\/p>\n","protected":false},"author":1,"featured_media":74621,"comment_status":"open","ping_status":"open","sticky":false,"template":"","format":"standard","meta":{"footnotes":""},"categories":[13],"tags":[18415,1300,27939,1466],"class_list":["post-74620","post","type-post","status-publish","format-standard","has-post-thumbnail","hentry","category-politica","tag-cud","tag-empleo","tag-personas-con-discapacidad","tag-provincia-de-buenos-aires"],"_links":{"self":[{"href":"https:\/\/www.elsindical.com.ar\/notas\/wp-json\/wp\/v2\/posts\/74620","targetHints":{"allow":["GET"]}}],"collection":[{"href":"https:\/\/www.elsindical.com.ar\/notas\/wp-json\/wp\/v2\/posts"}],"about":[{"href":"https:\/\/www.elsindical.com.ar\/notas\/wp-json\/wp\/v2\/types\/post"}],"author":[{"embeddable":true,"href":"https:\/\/www.elsindical.com.ar\/notas\/wp-json\/wp\/v2\/users\/1"}],"replies":[{"embeddable":true,"href":"https:\/\/www.elsindical.com.ar\/notas\/wp-json\/wp\/v2\/comments?post=74620"}],"version-history":[{"count":1,"href":"https:\/\/www.elsindical.com.ar\/notas\/wp-json\/wp\/v2\/posts\/74620\/revisions"}],"predecessor-version":[{"id":74622,"href":"https:\/\/www.elsindical.com.ar\/notas\/wp-json\/wp\/v2\/posts\/74620\/revisions\/74622"}],"wp:featuredmedia":[{"embeddable":true,"href":"https:\/\/www.elsindical.com.ar\/notas\/wp-json\/wp\/v2\/media\/74621"}],"wp:attachment":[{"href":"https:\/\/www.elsindical.com.ar\/notas\/wp-json\/wp\/v2\/media?parent=74620"}],"wp:term":[{"taxonomy":"category","embeddable":true,"href":"https:\/\/www.elsindical.com.ar\/notas\/wp-json\/wp\/v2\/categories?post=74620"},{"taxonomy":"post_tag","embeddable":true,"href":"https:\/\/www.elsindical.com.ar\/notas\/wp-json\/wp\/v2\/tags?post=74620"}],"curies":[{"name":"wp","href":"https:\/\/api.w.org\/{rel}","templated":true}]}}