{"id":74617,"date":"2017-12-05T10:09:57","date_gmt":"2017-12-05T13:09:57","guid":{"rendered":"http:\/\/www.elsindical.com.ar\/notas\/?p=74617"},"modified":"2017-12-05T11:38:59","modified_gmt":"2017-12-05T14:38:59","slug":"junin-es-la-ciudad-con-mas-muertes-por-accidentes-de-transito-del-noroeste-bonaerense","status":"publish","type":"post","link":"https:\/\/www.elsindical.com.ar\/notas\/junin-es-la-ciudad-con-mas-muertes-por-accidentes-de-transito-del-noroeste-bonaerense\/","title":{"rendered":"Jun\u00edn es la ciudad con m\u00e1s muertes por accidentes de tr\u00e1nsito del noroeste bonaerense"},"content":{"rendered":"<p><em><a href=\"http:\/\/www.elsindical.com.ar\/notas\/var\/www\/html\/notas\/wp-content\/uploads\/2017\/12\/accidentes-de-Jun\u00edn-2017.jpg\"><img loading=\"lazy\" decoding=\"async\" class=\"alignnone size-medium wp-image-74618\" src=\"http:\/\/www.elsindical.com.ar\/notas\/var\/www\/html\/notas\/wp-content\/uploads\/2017\/12\/accidentes-de-Jun\u00edn-2017-300x179.jpg\" alt=\"\" width=\"300\" height=\"179\" srcset=\"https:\/\/www.elsindical.com.ar\/notas\/var\/www\/html\/notas\/wp-content\/uploads\/2017\/12\/accidentes-de-Jun\u00edn-2017-300x179.jpg 300w, https:\/\/www.elsindical.com.ar\/notas\/var\/www\/html\/notas\/wp-content\/uploads\/2017\/12\/accidentes-de-Jun\u00edn-2017-500x298.jpg 500w, https:\/\/www.elsindical.com.ar\/notas\/var\/www\/html\/notas\/wp-content\/uploads\/2017\/12\/accidentes-de-Jun\u00edn-2017.jpg 620w\" sizes=\"auto, (max-width: 300px) 100vw, 300px\" \/><\/a>\u00a0 La ciudad de Junin encabeza el triste ranking de fallecidos en siniestros viales, por encima de \u2013por ejemplo\u2013 los catorce que se registraron en Pergamino (nueve de los cuales se produjeron en las rutas circundantes y s\u00f3lo cinco en la planta urbana), los ocho de Lincoln, los cinco de Chacabuco y los cuatro de Chivilcoy.<\/em><\/p>\n<p>\u201cVimos que la cantidad de accidentes no sube pero lo que s\u00ed aument\u00f3 es la gravedad de las lesiones. Inclusive hubo muchas m\u00e1s muertes, estamos en un r\u00e9cord de 17 fallecimientos, y eso nos tiene terriblemente preocupados\u201d, explic\u00f3 al diario Democracia el titular de la Agencia Municipal de Seguridad Vial de Jun\u00edn, Eduardo Naya.<\/p>\n<p>\u201cLa cantidad de motos que hay en Jun\u00edn es at\u00edpica \u2013contin\u00faa el funcionario\u2013, en la mitad de los accidentes de motos que registramos no hubo choque con otro veh\u00edculo, son ca\u00eddas. Viven cay\u00e9ndose, porque andan a exceso de velocidad, o no saben conducir, porque quieren esquivar los reductores, entonces la pregunta es si se le puede echar la culpa al tr\u00e1nsito, o a la locura urbana como un problema cultural\u201d.<\/p>\n<p>De acuerdo a su an\u00e1lisis, \u201ctransgredir con una moto es mucho m\u00e1s f\u00e1cil\u201d, por su volumen, su tama\u00f1o y su practicidad. \u201cCon un auto uno no estaciona en la vereda en el centro, o no gira en U, o no se hace maniobras bruscas, y por sus caracter\u00edsticas la moto permite hacer esas cosas\u201d, a\u00f1ade.<\/p>\n<p>Con todo, insiste en que \u201chay un tema cultural que tiene una incidencia directa sobre esta problem\u00e1tica\u201d.<\/p>\n<p>Por tal motivo, a los cursos que se hacen para el primer carnet de conducir, se le dio continuidad a la prevenci\u00f3n. \u201cQuisiera que el Ministerio de Educaci\u00f3n ponga alguna asignatura para tratar el tr\u00e1nsito en las escuelas, de manera que no reciban solamente alguna charla por a\u00f1o, sino que tenga continuidad\u201d, concluye.<\/p>\n<p>&nbsp;<\/p>\n<p><strong>Fuente: Infogei<\/strong><\/p>\n","protected":false},"excerpt":{"rendered":"<p>\u00a0 La ciudad de Junin encabeza el triste ranking de fallecidos en siniestros viales, por encima de \u2013por ejemplo\u2013 los catorce que se registraron en Pergamino (nueve de los cuales se produjeron en las rutas circundantes y s\u00f3lo cinco en la planta urbana), los ocho de Lincoln, los cinco de Chacabuco y los cuatro de&hellip;<\/p>\n","protected":false},"author":1,"featured_media":74618,"comment_status":"open","ping_status":"open","sticky":false,"template":"","format":"standard","meta":{"footnotes":""},"categories":[25],"tags":[13926,27938,7748,974],"class_list":["post-74617","post","type-post","status-publish","format-standard","has-post-thumbnail","hentry","category-sociedad","tag-chivilcoy","tag-eduardo-naya","tag-junin","tag-pergamino"],"_links":{"self":[{"href":"https:\/\/www.elsindical.com.ar\/notas\/wp-json\/wp\/v2\/posts\/74617","targetHints":{"allow":["GET"]}}],"collection":[{"href":"https:\/\/www.elsindical.com.ar\/notas\/wp-json\/wp\/v2\/posts"}],"about":[{"href":"https:\/\/www.elsindical.com.ar\/notas\/wp-json\/wp\/v2\/types\/post"}],"author":[{"embeddable":true,"href":"https:\/\/www.elsindical.com.ar\/notas\/wp-json\/wp\/v2\/users\/1"}],"replies":[{"embeddable":true,"href":"https:\/\/www.elsindical.com.ar\/notas\/wp-json\/wp\/v2\/comments?post=74617"}],"version-history":[{"count":2,"href":"https:\/\/www.elsindical.com.ar\/notas\/wp-json\/wp\/v2\/posts\/74617\/revisions"}],"predecessor-version":[{"id":74633,"href":"https:\/\/www.elsindical.com.ar\/notas\/wp-json\/wp\/v2\/posts\/74617\/revisions\/74633"}],"wp:featuredmedia":[{"embeddable":true,"href":"https:\/\/www.elsindical.com.ar\/notas\/wp-json\/wp\/v2\/media\/74618"}],"wp:attachment":[{"href":"https:\/\/www.elsindical.com.ar\/notas\/wp-json\/wp\/v2\/media?parent=74617"}],"wp:term":[{"taxonomy":"category","embeddable":true,"href":"https:\/\/www.elsindical.com.ar\/notas\/wp-json\/wp\/v2\/categories?post=74617"},{"taxonomy":"post_tag","embeddable":true,"href":"https:\/\/www.elsindical.com.ar\/notas\/wp-json\/wp\/v2\/tags?post=74617"}],"curies":[{"name":"wp","href":"https:\/\/api.w.org\/{rel}","templated":true}]}}