{"id":74600,"date":"2017-12-04T00:20:09","date_gmt":"2017-12-04T03:20:09","guid":{"rendered":"http:\/\/www.elsindical.com.ar\/notas\/?p=74600"},"modified":"2017-12-04T00:20:09","modified_gmt":"2017-12-04T03:20:09","slug":"convocan-a-una-nueva-protesta-en-plaza-de-mayo-contra-la-reforma-laboral","status":"publish","type":"post","link":"https:\/\/www.elsindical.com.ar\/notas\/convocan-a-una-nueva-protesta-en-plaza-de-mayo-contra-la-reforma-laboral\/","title":{"rendered":"Convocan a una nueva protesta en Plaza de Mayo contra la reforma laboral"},"content":{"rendered":"<p><em>\u00a0 <a href=\"http:\/\/www.elsindical.com.ar\/notas\/var\/www\/html\/notas\/wp-content\/uploads\/2017\/12\/marcha-contra-la-reforma-laboral.jpg\"><img loading=\"lazy\" decoding=\"async\" class=\"alignnone size-medium wp-image-74601\" src=\"http:\/\/www.elsindical.com.ar\/notas\/var\/www\/html\/notas\/wp-content\/uploads\/2017\/12\/marcha-contra-la-reforma-laboral-300x183.jpg\" alt=\"\" width=\"300\" height=\"183\" srcset=\"https:\/\/www.elsindical.com.ar\/notas\/var\/www\/html\/notas\/wp-content\/uploads\/2017\/12\/marcha-contra-la-reforma-laboral-300x183.jpg 300w, https:\/\/www.elsindical.com.ar\/notas\/var\/www\/html\/notas\/wp-content\/uploads\/2017\/12\/marcha-contra-la-reforma-laboral-768x468.jpg 768w, https:\/\/www.elsindical.com.ar\/notas\/var\/www\/html\/notas\/wp-content\/uploads\/2017\/12\/marcha-contra-la-reforma-laboral-493x300.jpg 493w, https:\/\/www.elsindical.com.ar\/notas\/var\/www\/html\/notas\/wp-content\/uploads\/2017\/12\/marcha-contra-la-reforma-laboral.jpg 903w\" sizes=\"auto, (max-width: 300px) 100vw, 300px\" \/><\/a>Organizaciones sindicales, sociales y de izquierda convocaron a una nueva movilizaci\u00f3n a Plaza de Mayo para el pr\u00f3ximo 6 de diciembre en rechazo a la reforma laboral y previsional que impulsa el Gobierno.<\/em><\/p>\n<p>Organizaciones sindicales, sociales y de izquierda convocaron a una nueva movilizaci\u00f3n a Plaza de Mayo para el pr\u00f3ximo 6 de diciembre en rechazo a la reforma laboral y previsional que impulsa el Gobierno.<\/p>\n<p>De la marcha participar\u00e1n ATE, la Corriente Clasista y Combativa (CCC), Barrios de Pie, la Confederaci\u00f3n de Trabajadores de la Econom\u00eda Popular (CTEP), Fesprosa, AAPM, docentes universitarios enrolados en la Conadu Hist\u00f3rica, CICOP, Ademys, Trabajadores del Cuero, UCRA, SUTNA y de AGD-UBA, entre otros.<\/p>\n<p>La medida llega luego de la multitudinaria jornada de protesta que llevaron adelante las dos CTA y un sector de la CGT frente al Congreso Nacional para expresar sus cr\u00edticas por estas iniciativas del Ejecutivo.<\/p>\n<p>Barrios de Pie anunci\u00f3 que tambi\u00e9n va a manifestarse ante \u00abla falta de respuesta ante el pedido de un bono de fin de a\u00f1o para jubilados y beneficiarios de la Asignaci\u00f3n Universal por Hijo (AUH)\u00bb.<\/p>\n<p>Daniel Men\u00e9ndez, coordinador nacional de esta organizaci\u00f3n, explic\u00f3 a NA que consideran \u00abuna insensibilidad enorme\u00bb no avanzar con esa solicitud y remarc\u00f3 que van a exigir justicia por \u00ablas dos muertes que gener\u00f3 el conflicto mapuche\u00bb, en referencia a los casos de Santiago Maldonado y Rafael Nahuel.<\/p>\n<p>En tanto, diferentes movimientos de izquierda encabezados por el Polo Obrero se reunir\u00e1n este lunes para definir los detalles de la nueva movilizaci\u00f3n y reclamarle adem\u00e1s al sector gremial un paro nacional y un plan de lucha.<\/p>\n<p>\u00abEs necesario superar a las direcciones entregadoras y abrir una deliberaci\u00f3n de fondo en los sindicatos y lugares de trabajo, mediante asambleas y plenarios con mandatos de base, por la defensa del derecho al trabajo, del salario y de las conquistas amenazadas\u00bb, explicaron en un comunicado.<\/p>\n<p>Los militantes se concentrar\u00e1n bajo consignas como \u00abAbajo la reforma laboral y el pacto de Macri, la CGT y los gobernadores\u00bb y \u00abBasta de cierres y despidos\u00bb.<\/p>\n","protected":false},"excerpt":{"rendered":"<p>\u00a0 Organizaciones sindicales, sociales y de izquierda convocaron a una nueva movilizaci\u00f3n a Plaza de Mayo para el pr\u00f3ximo 6 de diciembre en rechazo a la reforma laboral y previsional que impulsa el Gobierno. Organizaciones sindicales, sociales y de izquierda convocaron a una nueva movilizaci\u00f3n a Plaza de Mayo para el pr\u00f3ximo 6 de diciembre&hellip;<\/p>\n","protected":false},"author":1,"featured_media":74601,"comment_status":"open","ping_status":"open","sticky":false,"template":"","format":"standard","meta":{"footnotes":""},"categories":[25],"tags":[7430,290,12209,910,291,184,24120,156,292,27276,3787,16797],"class_list":["post-74600","post","type-post","status-publish","format-standard","has-post-thumbnail","hentry","category-sociedad","tag-agd-uba","tag-ate","tag-ccc","tag-cgt","tag-cicop","tag-cta","tag-ctep","tag-marcha","tag-protesta","tag-reforma-laboral","tag-sutna","tag-ucra"],"_links":{"self":[{"href":"https:\/\/www.elsindical.com.ar\/notas\/wp-json\/wp\/v2\/posts\/74600","targetHints":{"allow":["GET"]}}],"collection":[{"href":"https:\/\/www.elsindical.com.ar\/notas\/wp-json\/wp\/v2\/posts"}],"about":[{"href":"https:\/\/www.elsindical.com.ar\/notas\/wp-json\/wp\/v2\/types\/post"}],"author":[{"embeddable":true,"href":"https:\/\/www.elsindical.com.ar\/notas\/wp-json\/wp\/v2\/users\/1"}],"replies":[{"embeddable":true,"href":"https:\/\/www.elsindical.com.ar\/notas\/wp-json\/wp\/v2\/comments?post=74600"}],"version-history":[{"count":1,"href":"https:\/\/www.elsindical.com.ar\/notas\/wp-json\/wp\/v2\/posts\/74600\/revisions"}],"predecessor-version":[{"id":74602,"href":"https:\/\/www.elsindical.com.ar\/notas\/wp-json\/wp\/v2\/posts\/74600\/revisions\/74602"}],"wp:featuredmedia":[{"embeddable":true,"href":"https:\/\/www.elsindical.com.ar\/notas\/wp-json\/wp\/v2\/media\/74601"}],"wp:attachment":[{"href":"https:\/\/www.elsindical.com.ar\/notas\/wp-json\/wp\/v2\/media?parent=74600"}],"wp:term":[{"taxonomy":"category","embeddable":true,"href":"https:\/\/www.elsindical.com.ar\/notas\/wp-json\/wp\/v2\/categories?post=74600"},{"taxonomy":"post_tag","embeddable":true,"href":"https:\/\/www.elsindical.com.ar\/notas\/wp-json\/wp\/v2\/tags?post=74600"}],"curies":[{"name":"wp","href":"https:\/\/api.w.org\/{rel}","templated":true}]}}