{"id":74595,"date":"2017-12-04T00:11:11","date_gmt":"2017-12-04T03:11:11","guid":{"rendered":"http:\/\/www.elsindical.com.ar\/notas\/?p=74595"},"modified":"2017-12-04T00:11:11","modified_gmt":"2017-12-04T03:11:11","slug":"suba-en-alimentos-rondan-el-10","status":"publish","type":"post","link":"https:\/\/www.elsindical.com.ar\/notas\/suba-en-alimentos-rondan-el-10\/","title":{"rendered":"Suba en alimentos rondan el 10%"},"content":{"rendered":"<p><em>\u00a0 <a href=\"http:\/\/www.elsindical.com.ar\/notas\/var\/www\/html\/notas\/wp-content\/uploads\/2017\/10\/gastos-alimentos.jpg\"><img loading=\"lazy\" decoding=\"async\" class=\"alignnone size-medium wp-image-73159\" src=\"http:\/\/www.elsindical.com.ar\/notas\/var\/www\/html\/notas\/wp-content\/uploads\/2017\/10\/gastos-alimentos-300x180.jpg\" alt=\"\" width=\"300\" height=\"180\" srcset=\"https:\/\/www.elsindical.com.ar\/notas\/var\/www\/html\/notas\/wp-content\/uploads\/2017\/10\/gastos-alimentos-300x180.jpg 300w, https:\/\/www.elsindical.com.ar\/notas\/var\/www\/html\/notas\/wp-content\/uploads\/2017\/10\/gastos-alimentos-768x461.jpg 768w, https:\/\/www.elsindical.com.ar\/notas\/var\/www\/html\/notas\/wp-content\/uploads\/2017\/10\/gastos-alimentos-1024x615.jpg 1024w, https:\/\/www.elsindical.com.ar\/notas\/var\/www\/html\/notas\/wp-content\/uploads\/2017\/10\/gastos-alimentos-500x300.jpg 500w, https:\/\/www.elsindical.com.ar\/notas\/var\/www\/html\/notas\/wp-content\/uploads\/2017\/10\/gastos-alimentos.jpg 1170w\" sizes=\"auto, (max-width: 300px) 100vw, 300px\" \/><\/a>Varios productos aumentaran su valor como consecuencia del aumento de combustibles y tarifas. Las cadenas aseguran que s\u00f3lo trasladan otros incrementos.<\/em><\/p>\n<p>Como consecuencia directa de los aumentos en los combustibles y las tarifas, los precios en g\u00f3ndola de los hipermercados subir\u00e1n no menos del 7% en las pr\u00f3ximas dos semanas, y recaer\u00e1n en un amplio universo de productos por el impacto que tiene la energ\u00eda en la cadena comercial.<\/p>\n<p>Fuentes del sector hipermercadista se\u00f1alaron que \u00ablos proveedores ya hab\u00edan advertido que si se concretaba la suba en las naftas, se iban a ver remarcaciones en las g\u00f3ndolas. Creemos que llegar\u00e1n a ser del 7 por ciento al menos, por lo que se dijo extraoficialmente\u00bb. En cuanto al alcance, se notar\u00e1 en bienes sensibles como los cortes de carne, pasando por las salchichas, picadillos, pat\u00e9s y las hamburguesas, que son un mercado muy fuerte.<\/p>\n<p>Asimismo, por los incrementos en las tarifas de luz y gas, aumentar\u00e1n el pan, las pizzas, tartas, empanadas o galletitas, relataron desde los hipermercados. En cuanto a los l\u00e1cteos, la suerte ser\u00e1 la misma. La serie de incrementos de precios se dar\u00e1 justo cuando el consumo masivo en los hipermercados hab\u00eda mejorado levemente en octubre, respecto de meses anteriores. La comparaci\u00f3n en todos los meses del a\u00f1o fue negativa, aunque seg\u00fan fuentes del sector hipermercadista, el consumo mejor\u00f3 porque est\u00e1n \u00abcayendo\u00bb las primeras cuotas de las paritarias.<\/p>\n<p>De esta forma, el gobierno enfrentar\u00e1 un diciembre \u00abmuy caliente\u00bb con una inflaci\u00f3n n\u00facleo que no se podr\u00eda contener en los par\u00e1metros deseados. Por otro lado, y junto al impacto de las nuevas remarcaciones, la titular de la c\u00e1mara de s\u00faper chinos Cedeapsa, Yolanda Dur\u00e1n, entreg\u00f3 una lista de aumentos producidos en noviembre. Este es el detalle del informe: Quilmes elev\u00f3 los precios 6%; Coca-Coca, 10%; Arcor 8%; Molinos, 5%; Terrabusi, 8%; Procter and Gamble, 10%; Favorita, 5%; Matarazzo, 5%; Brahma 6%; e Higienol, 5%. De esta forma, diciembre ya se perfila como un mes donde la inflaci\u00f3n al menos no ser\u00e1 baja.<\/p>\n<p>En esta direcci\u00f3n, desde las cadenas apuntaron que \u00ablo que deber\u00eda controlar el gobierno es el manejo del mercado que tiene la industria, con una posici\u00f3n dominante que le permite decidir los precios\u00bb. El mes de octubre hab\u00eda arrancado una sonrisa en el gobierno, ya que por primera vez en el a\u00f1o las ventas de los hipermercados subieron (entre 1 y 2%) respecto del a\u00f1o anterior, y los comercios de cercan\u00eda lo hicieron en porcentajes superiores de hasta el 5 por ciento, aunque frente a una base comparativa muy baja. Sobre el pasado mes de noviembre, los comercios en general esperan otra suba en los niveles de consumo, en la comparaci\u00f3n con noviembre de 2016.<\/p>\n","protected":false},"excerpt":{"rendered":"<p>\u00a0 Varios productos aumentaran su valor como consecuencia del aumento de combustibles y tarifas. Las cadenas aseguran que s\u00f3lo trasladan otros incrementos. Como consecuencia directa de los aumentos en los combustibles y las tarifas, los precios en g\u00f3ndola de los hipermercados subir\u00e1n no menos del 7% en las pr\u00f3ximas dos semanas, y recaer\u00e1n en un&hellip;<\/p>\n","protected":false},"author":1,"featured_media":73159,"comment_status":"open","ping_status":"open","sticky":false,"template":"","format":"standard","meta":{"footnotes":""},"categories":[9],"tags":[1118,357,27929],"class_list":["post-74595","post","type-post","status-publish","format-standard","has-post-thumbnail","hentry","category-economia","tag-alimentos","tag-aumento","tag-suba-combustibles"],"_links":{"self":[{"href":"https:\/\/www.elsindical.com.ar\/notas\/wp-json\/wp\/v2\/posts\/74595","targetHints":{"allow":["GET"]}}],"collection":[{"href":"https:\/\/www.elsindical.com.ar\/notas\/wp-json\/wp\/v2\/posts"}],"about":[{"href":"https:\/\/www.elsindical.com.ar\/notas\/wp-json\/wp\/v2\/types\/post"}],"author":[{"embeddable":true,"href":"https:\/\/www.elsindical.com.ar\/notas\/wp-json\/wp\/v2\/users\/1"}],"replies":[{"embeddable":true,"href":"https:\/\/www.elsindical.com.ar\/notas\/wp-json\/wp\/v2\/comments?post=74595"}],"version-history":[{"count":1,"href":"https:\/\/www.elsindical.com.ar\/notas\/wp-json\/wp\/v2\/posts\/74595\/revisions"}],"predecessor-version":[{"id":74596,"href":"https:\/\/www.elsindical.com.ar\/notas\/wp-json\/wp\/v2\/posts\/74595\/revisions\/74596"}],"wp:featuredmedia":[{"embeddable":true,"href":"https:\/\/www.elsindical.com.ar\/notas\/wp-json\/wp\/v2\/media\/73159"}],"wp:attachment":[{"href":"https:\/\/www.elsindical.com.ar\/notas\/wp-json\/wp\/v2\/media?parent=74595"}],"wp:term":[{"taxonomy":"category","embeddable":true,"href":"https:\/\/www.elsindical.com.ar\/notas\/wp-json\/wp\/v2\/categories?post=74595"},{"taxonomy":"post_tag","embeddable":true,"href":"https:\/\/www.elsindical.com.ar\/notas\/wp-json\/wp\/v2\/tags?post=74595"}],"curies":[{"name":"wp","href":"https:\/\/api.w.org\/{rel}","templated":true}]}}