{"id":74586,"date":"2017-12-03T23:05:41","date_gmt":"2017-12-04T02:05:41","guid":{"rendered":"http:\/\/www.elsindical.com.ar\/notas\/?p=74586"},"modified":"2017-12-03T23:05:52","modified_gmt":"2017-12-04T02:05:52","slug":"mar-del-plata-familiares-de-tripulantes-del-ara-san-juan-marcharon-para-pedir-que-reanuden-rescate-de-los-marinos","status":"publish","type":"post","link":"https:\/\/www.elsindical.com.ar\/notas\/mar-del-plata-familiares-de-tripulantes-del-ara-san-juan-marcharon-para-pedir-que-reanuden-rescate-de-los-marinos\/","title":{"rendered":"Mar del Plata: Familiares de tripulantes del ARA San Juan marcharon para pedir que reanuden rescate de los marinos"},"content":{"rendered":"<p><em>\u00a0 <a href=\"http:\/\/www.elsindical.com.ar\/notas\/var\/www\/html\/notas\/wp-content\/uploads\/2017\/12\/marcha-familiares-ARA-San-Juan-4.jpg\"><img loading=\"lazy\" decoding=\"async\" class=\"alignnone size-medium wp-image-74587\" src=\"http:\/\/www.elsindical.com.ar\/notas\/var\/www\/html\/notas\/wp-content\/uploads\/2017\/12\/marcha-familiares-ARA-San-Juan-4-300x169.jpg\" alt=\"\" width=\"300\" height=\"169\" srcset=\"https:\/\/www.elsindical.com.ar\/notas\/var\/www\/html\/notas\/wp-content\/uploads\/2017\/12\/marcha-familiares-ARA-San-Juan-4-300x169.jpg 300w, https:\/\/www.elsindical.com.ar\/notas\/var\/www\/html\/notas\/wp-content\/uploads\/2017\/12\/marcha-familiares-ARA-San-Juan-4-500x282.jpg 500w, https:\/\/www.elsindical.com.ar\/notas\/var\/www\/html\/notas\/wp-content\/uploads\/2017\/12\/marcha-familiares-ARA-San-Juan-4-460x260.jpg 460w, https:\/\/www.elsindical.com.ar\/notas\/var\/www\/html\/notas\/wp-content\/uploads\/2017\/12\/marcha-familiares-ARA-San-Juan-4.jpg 744w\" sizes=\"auto, (max-width: 300px) 100vw, 300px\" \/><\/a>Al cumplirse 18 d\u00edas desde la \u00faltima comunicaci\u00f3n del submarino ARA San Juan, familiares de los tripulantes marcharon en la ciudad de Mar del Plata para pedir que se reanude el rescate. la Armada inform\u00f3 que se investigaban tres puntos de contacto.<\/em><\/p>\n<p>Al cumplirse 18 d\u00edas desde la \u00faltima comunicaci\u00f3n del submarino ARA San Juan, familiares de los tripulantes marcharon En la ciudad de Mar del Plata para pedir que se reanude el rescate de los marinos, mientras que la Armada inform\u00f3 que se investigaban tres puntos de contacto situados a distintas profundidades en la zona donde buscan la nave.<\/p>\n<p>Los familiares marcharon este domingo desde la Base Naval hasta el edificio del Casino Central para reclamar que la Armada reanude la b\u00fasqueda y el rescate de los tripulantes del ARA San Juan.<\/p>\n<p>\u00abLe solicitamos al Gobierno nacional y, por medio de ellos, a la Armada Argentina que contin\u00fae con la b\u00fasqueda y rescate de nuestros h\u00e9roes\u00bb, se\u00f1al\u00f3 Marcela Moyano, esposa de Hern\u00e1n Rodr\u00edguez, maquinista del submarino.<\/p>\n<p>Por su parte, el vocero de la Armada, Enrique Balbi, inform\u00f3 este domingo que se investigaban tres puntos de contacto ubicados a 700, 800 y 950 metros.<\/p>\n<p>\u00abSe est\u00e1 investigando un punto de contacto que se encuentra a 950 metros de profundidad y que fue detectado por el buque Cabo de Hornos y que fue corroborado por el Skandi Patagonia \u00ab, precis\u00f3.<\/p>\n<p>Al dar a conocer el parte de la Armada, Balbi inform\u00f3 que \u00abun contacto ubicado a 700 metros no pudo ser visualizado y habr\u00e1 que investigarlo nuevamente\u00bb.<br \/>\nAdem\u00e1s, mencion\u00f3 que investigaban \u00abun tercer contacto que se encuentra a unos 800 metros\u00bb.<\/p>\n<p>Balbi mencion\u00f3 que \u00abla meteorolog\u00eda comenzaba a ser adversa\u00bb este domingo, con olas de hasta tres metros en la zona donde se realizaba la b\u00fasqueda del submarino y que dificultaba las tareas de rastrillaje.<\/p>\n<p>\u00abOtra novedad es que arrib\u00f3 la comitiva que hab\u00eda viajado a Alemania para reunirse con la empresa constructora para recabar informaci\u00f3n sobre el ARA San Juan. La est\u00e1 recabando la Armada para ponerla a disposici\u00f3n de la Justicia\u00bb, indic\u00f3.<\/p>\n<p><a href=\"http:\/\/www.elsindical.com.ar\/notas\/var\/www\/html\/notas\/wp-content\/uploads\/2017\/12\/marcha-familiares-ARA-San-Juan-1.jpg\"><img loading=\"lazy\" decoding=\"async\" class=\"alignnone size-medium wp-image-74590\" src=\"http:\/\/www.elsindical.com.ar\/notas\/var\/www\/html\/notas\/wp-content\/uploads\/2017\/12\/marcha-familiares-ARA-San-Juan-1-300x168.jpg\" alt=\"\" width=\"300\" height=\"168\" srcset=\"https:\/\/www.elsindical.com.ar\/notas\/var\/www\/html\/notas\/wp-content\/uploads\/2017\/12\/marcha-familiares-ARA-San-Juan-1-300x168.jpg 300w, https:\/\/www.elsindical.com.ar\/notas\/var\/www\/html\/notas\/wp-content\/uploads\/2017\/12\/marcha-familiares-ARA-San-Juan-1-500x281.jpg 500w, https:\/\/www.elsindical.com.ar\/notas\/var\/www\/html\/notas\/wp-content\/uploads\/2017\/12\/marcha-familiares-ARA-San-Juan-1.jpg 739w\" sizes=\"auto, (max-width: 300px) 100vw, 300px\" \/><\/a> <a href=\"http:\/\/www.elsindical.com.ar\/notas\/var\/www\/html\/notas\/wp-content\/uploads\/2017\/12\/marcha-familiares-ARA-San-Juan-2.jpg\"><img loading=\"lazy\" decoding=\"async\" class=\"alignnone size-medium wp-image-74589\" src=\"http:\/\/www.elsindical.com.ar\/notas\/var\/www\/html\/notas\/wp-content\/uploads\/2017\/12\/marcha-familiares-ARA-San-Juan-2-300x169.jpg\" alt=\"\" width=\"300\" height=\"169\" srcset=\"https:\/\/www.elsindical.com.ar\/notas\/var\/www\/html\/notas\/wp-content\/uploads\/2017\/12\/marcha-familiares-ARA-San-Juan-2-300x169.jpg 300w, https:\/\/www.elsindical.com.ar\/notas\/var\/www\/html\/notas\/wp-content\/uploads\/2017\/12\/marcha-familiares-ARA-San-Juan-2-500x282.jpg 500w, https:\/\/www.elsindical.com.ar\/notas\/var\/www\/html\/notas\/wp-content\/uploads\/2017\/12\/marcha-familiares-ARA-San-Juan-2-460x260.jpg 460w, https:\/\/www.elsindical.com.ar\/notas\/var\/www\/html\/notas\/wp-content\/uploads\/2017\/12\/marcha-familiares-ARA-San-Juan-2.jpg 741w\" sizes=\"auto, (max-width: 300px) 100vw, 300px\" \/><\/a> <a href=\"http:\/\/www.elsindical.com.ar\/notas\/var\/www\/html\/notas\/wp-content\/uploads\/2017\/12\/marcha-familiares-ARA-San-Juan-3.jpg\"><img loading=\"lazy\" decoding=\"async\" class=\"alignnone size-medium wp-image-74588\" src=\"http:\/\/www.elsindical.com.ar\/notas\/var\/www\/html\/notas\/wp-content\/uploads\/2017\/12\/marcha-familiares-ARA-San-Juan-3-300x168.jpg\" alt=\"\" width=\"300\" height=\"168\" srcset=\"https:\/\/www.elsindical.com.ar\/notas\/var\/www\/html\/notas\/wp-content\/uploads\/2017\/12\/marcha-familiares-ARA-San-Juan-3-300x168.jpg 300w, https:\/\/www.elsindical.com.ar\/notas\/var\/www\/html\/notas\/wp-content\/uploads\/2017\/12\/marcha-familiares-ARA-San-Juan-3-500x280.jpg 500w, https:\/\/www.elsindical.com.ar\/notas\/var\/www\/html\/notas\/wp-content\/uploads\/2017\/12\/marcha-familiares-ARA-San-Juan-3.jpg 744w\" sizes=\"auto, (max-width: 300px) 100vw, 300px\" \/><\/a><\/p>\n","protected":false},"excerpt":{"rendered":"<p>\u00a0 Al cumplirse 18 d\u00edas desde la \u00faltima comunicaci\u00f3n del submarino ARA San Juan, familiares de los tripulantes marcharon en la ciudad de Mar del Plata para pedir que se reanude el rescate. la Armada inform\u00f3 que se investigaban tres puntos de contacto. Al cumplirse 18 d\u00edas desde la \u00faltima comunicaci\u00f3n del submarino ARA San&hellip;<\/p>\n","protected":false},"author":1,"featured_media":74587,"comment_status":"open","ping_status":"open","sticky":false,"template":"","format":"standard","meta":{"footnotes":""},"categories":[25],"tags":[27730,27928,157,1673,156,27744],"class_list":["post-74586","post","type-post","status-publish","format-standard","has-post-thumbnail","hentry","category-sociedad","tag-ara-san-juan","tag-casino-central","tag-familiares","tag-mar-del-plata","tag-marcha","tag-submarino"],"_links":{"self":[{"href":"https:\/\/www.elsindical.com.ar\/notas\/wp-json\/wp\/v2\/posts\/74586","targetHints":{"allow":["GET"]}}],"collection":[{"href":"https:\/\/www.elsindical.com.ar\/notas\/wp-json\/wp\/v2\/posts"}],"about":[{"href":"https:\/\/www.elsindical.com.ar\/notas\/wp-json\/wp\/v2\/types\/post"}],"author":[{"embeddable":true,"href":"https:\/\/www.elsindical.com.ar\/notas\/wp-json\/wp\/v2\/users\/1"}],"replies":[{"embeddable":true,"href":"https:\/\/www.elsindical.com.ar\/notas\/wp-json\/wp\/v2\/comments?post=74586"}],"version-history":[{"count":1,"href":"https:\/\/www.elsindical.com.ar\/notas\/wp-json\/wp\/v2\/posts\/74586\/revisions"}],"predecessor-version":[{"id":74591,"href":"https:\/\/www.elsindical.com.ar\/notas\/wp-json\/wp\/v2\/posts\/74586\/revisions\/74591"}],"wp:featuredmedia":[{"embeddable":true,"href":"https:\/\/www.elsindical.com.ar\/notas\/wp-json\/wp\/v2\/media\/74587"}],"wp:attachment":[{"href":"https:\/\/www.elsindical.com.ar\/notas\/wp-json\/wp\/v2\/media?parent=74586"}],"wp:term":[{"taxonomy":"category","embeddable":true,"href":"https:\/\/www.elsindical.com.ar\/notas\/wp-json\/wp\/v2\/categories?post=74586"},{"taxonomy":"post_tag","embeddable":true,"href":"https:\/\/www.elsindical.com.ar\/notas\/wp-json\/wp\/v2\/tags?post=74586"}],"curies":[{"name":"wp","href":"https:\/\/api.w.org\/{rel}","templated":true}]}}