{"id":74547,"date":"2017-12-02T11:02:15","date_gmt":"2017-12-02T14:02:15","guid":{"rendered":"http:\/\/www.elsindical.com.ar\/notas\/?p=74547"},"modified":"2017-12-02T11:02:15","modified_gmt":"2017-12-02T14:02:15","slug":"entraron-en-vigencia-las-nuevas-tarifas-de-luz-y-gas","status":"publish","type":"post","link":"https:\/\/www.elsindical.com.ar\/notas\/entraron-en-vigencia-las-nuevas-tarifas-de-luz-y-gas\/","title":{"rendered":"Entraron en vigencia las nuevas tarifas de luz y gas"},"content":{"rendered":"<p><em><a href=\"http:\/\/www.elsindical.com.ar\/notas\/var\/www\/html\/notas\/wp-content\/uploads\/2017\/12\/gas-y-luz.jpg\"><img loading=\"lazy\" decoding=\"async\" class=\"alignnone size-medium wp-image-74548\" src=\"http:\/\/www.elsindical.com.ar\/notas\/var\/www\/html\/notas\/wp-content\/uploads\/2017\/12\/gas-y-luz-300x190.jpg\" alt=\"\" width=\"300\" height=\"190\" srcset=\"https:\/\/www.elsindical.com.ar\/notas\/var\/www\/html\/notas\/wp-content\/uploads\/2017\/12\/gas-y-luz-300x190.jpg 300w, https:\/\/www.elsindical.com.ar\/notas\/var\/www\/html\/notas\/wp-content\/uploads\/2017\/12\/gas-y-luz.jpg 315w\" sizes=\"auto, (max-width: 300px) 100vw, 300px\" \/><\/a>\u00a0 El aumento promedio en las facturas del servicio de gas es del 45 por ciento, mientras que las boletas residenciales del servicio de energ\u00eda traer\u00e1n subas que oscilar\u00e1n entre el 39 y el 47 por ciento.<\/em><\/p>\n<p>El aumento promedio en las facturas gas\u00edferas es del 45%, mientras el precio mayorista de la energ\u00eda se incrementa un 36,8% con distinta incidencia para cada distribuidora local. En Edenor y Edesur, las subas en las boletas residenciales ir\u00e1n del 39% al 47%, porque tambi\u00e9n se suma una segunda etapa del alza en los m\u00e1rgenes de esas distribuidoras y el ajuste por inflaci\u00f3n.<\/p>\n<p>El nuevo esquema fue discutido en sendas audiencias p\u00fablicas celebradas a mediados de noviembre.<\/p>\n<p>Desde el Gobierno explican que, con los aumentos de las tarifas, se busca lograr que el acceso al beneficio de los subsidios sea consecuencia no s\u00f3lo de las variaciones clim\u00e1ticas, sino tambi\u00e9n de llevar a cabo un esfuerzo real de reducci\u00f3n del consumo, incluidos los aparatos de bajo consumo.<\/p>\n<p>Incrementos. En el caso del gas el aumento promedio de las facturas a nivel pa\u00eds &#8211; sumando el precio del fluido, el transporte y la distribuci\u00f3n- ser\u00e1 de entre 45% y de 58% para comercios y usuarios residenciales.<\/p>\n<p>El 17 de noviembre pasado, el Ministerio de Energ\u00eda inform\u00f3 que las tarifas de electricidad aumentar\u00e1n en total 70 % para los usuarios de las distribuidoras Edenor y Edesur en dos etapas que entrar\u00e1n en vigencia el 1 de diciembre y el 1 de febrero de 2018.<\/p>\n<p>En base a estas previsiones, en febrero pr\u00f3ximo el incremento ser\u00e1 de 24% promedio en el \u00c1rea Metropolitana de la Ciudad de Buenos Aires.<\/p>\n","protected":false},"excerpt":{"rendered":"<p>\u00a0 El aumento promedio en las facturas del servicio de gas es del 45 por ciento, mientras que las boletas residenciales del servicio de energ\u00eda traer\u00e1n subas que oscilar\u00e1n entre el 39 y el 47 por ciento. El aumento promedio en las facturas gas\u00edferas es del 45%, mientras el precio mayorista de la energ\u00eda se&hellip;<\/p>\n","protected":false},"author":1,"featured_media":74548,"comment_status":"open","ping_status":"open","sticky":false,"template":"","format":"standard","meta":{"footnotes":""},"categories":[9],"tags":[357,2973,374,373,376],"class_list":["post-74547","post","type-post","status-publish","format-standard","has-post-thumbnail","hentry","category-economia","tag-aumento","tag-edenor","tag-edesur","tag-tarifas","tag-usuarios"],"_links":{"self":[{"href":"https:\/\/www.elsindical.com.ar\/notas\/wp-json\/wp\/v2\/posts\/74547","targetHints":{"allow":["GET"]}}],"collection":[{"href":"https:\/\/www.elsindical.com.ar\/notas\/wp-json\/wp\/v2\/posts"}],"about":[{"href":"https:\/\/www.elsindical.com.ar\/notas\/wp-json\/wp\/v2\/types\/post"}],"author":[{"embeddable":true,"href":"https:\/\/www.elsindical.com.ar\/notas\/wp-json\/wp\/v2\/users\/1"}],"replies":[{"embeddable":true,"href":"https:\/\/www.elsindical.com.ar\/notas\/wp-json\/wp\/v2\/comments?post=74547"}],"version-history":[{"count":1,"href":"https:\/\/www.elsindical.com.ar\/notas\/wp-json\/wp\/v2\/posts\/74547\/revisions"}],"predecessor-version":[{"id":74549,"href":"https:\/\/www.elsindical.com.ar\/notas\/wp-json\/wp\/v2\/posts\/74547\/revisions\/74549"}],"wp:featuredmedia":[{"embeddable":true,"href":"https:\/\/www.elsindical.com.ar\/notas\/wp-json\/wp\/v2\/media\/74548"}],"wp:attachment":[{"href":"https:\/\/www.elsindical.com.ar\/notas\/wp-json\/wp\/v2\/media?parent=74547"}],"wp:term":[{"taxonomy":"category","embeddable":true,"href":"https:\/\/www.elsindical.com.ar\/notas\/wp-json\/wp\/v2\/categories?post=74547"},{"taxonomy":"post_tag","embeddable":true,"href":"https:\/\/www.elsindical.com.ar\/notas\/wp-json\/wp\/v2\/tags?post=74547"}],"curies":[{"name":"wp","href":"https:\/\/api.w.org\/{rel}","templated":true}]}}