{"id":74535,"date":"2017-12-02T10:15:48","date_gmt":"2017-12-02T13:15:48","guid":{"rendered":"http:\/\/www.elsindical.com.ar\/notas\/?p=74535"},"modified":"2017-12-02T10:15:48","modified_gmt":"2017-12-02T13:15:48","slug":"efemerides-del-dia-2-de-diciembre-4","status":"publish","type":"post","link":"https:\/\/www.elsindical.com.ar\/notas\/efemerides-del-dia-2-de-diciembre-4\/","title":{"rendered":"EFEM\u00c9RIDES: DEL D\u00cdA 2 DE DICIEMBRE"},"content":{"rendered":"<p>\u2013 D\u00eda Internacional de la Abolici\u00f3n de la Esclavitud<\/p>\n<p>1547 \u2013 Muere Hern\u00e1n Cort\u00e9s, explorador espa\u00f1ol.<\/p>\n<p>1804 \u2013 Napole\u00f3n Bonaparte es consagrado emperador por el Papa P\u00edo VII en la catedral de Par\u00eds.<\/p>\n<p>1805 \u2013 Batalla de Austerlitz, una de las m\u00e1s grandes victorias militares de Napole\u00f3n I.<\/p>\n<p>1814 \u2013 Muere el Marqu\u00e9s de Sade.<\/p>\n<p>1817 \u2013 Nace Jos\u00e9 M\u00e1rmol, poeta argentino.<\/p>\n<p>1877 \u2013 Estreno de la Opera \u201cSanson y Dalila\u201d.<\/p>\n<p>1901 \u2013 Gillette patenta la primera m\u00e1quina de afeitar con hojita descartable.<\/p>\n<p>1905 \u2013 Nace el pianista y director de orquestas de tango Osvaldo Pugliese.<\/p>\n<p>1906 \u2013 Nace Peter Carl Goldmark, quien desarroll\u00f3 la TV color y grabaciones LP.<\/p>\n<p>1923 \u2013 Nace en Italia Mar\u00eda Callas, cantante l\u00edrica.<\/p>\n<p>1927 \u2013 Se vende el primer Ford A.<\/p>\n<p>1939 \u2013 Empieza a operar el aeropuerto La Guardia en New York.<\/p>\n<p>1942 \u2013 Con la clave \u201cEl navegante italiano lleg\u00f3 a Am\u00e9rica\u201d, el presidente de los EEUU fue avisado que Enrico Fermi hab\u00eda logrado controlar por primera vez una reacci\u00f3n nuclear en cadena en la Universidad de Chicago.<\/p>\n<p>1951 \u2013 Muere Manuel Ugarte, ensayista y poeta argentino.<\/p>\n<p>1954 \u2013 El senado de EE.UU. destituye al senador Mc Carthy, artifice de la \u201ccaza de brujas\u201d.<\/p>\n<p>1956 \u2013 El yate \u201cGranma\u201d llega a las costas de Cuba con 82 revolucionarios cubanos a bordo \u2013 comandados por Fidel Castro \u2013 dispuestos a derrocar al dictador Fulgencio Batista.<\/p>\n<p>1964 \u2013 Brasil env\u00eda a Juan Domingo Per\u00f3n de vuelta a Espa\u00f1a, frustrando as\u00ed su regreso a la Argentina.<\/p>\n<p>1968 \u2013 Nixon nombra a Henry Kissinger consejero de la Seguridad Nacional de los Estados Unidos.<\/p>\n<p>1969 \u2013 El jumho jet boeing 747 realiza su vuelo inaugural con 191 personas a bordo, la mayor\u00eda periodistas y fot\u00f3grafos.<\/p>\n<p>1973 \u2013 Nace Monica Seles, tenista.<\/p>\n<p>1979 \u2013 San Lorenzo juega su \u00faltimo partido en el Gas\u00f3metro.<\/p>\n<p>1982 \u2013 Se implanta exitosamente el primer coraz\u00f3n artificial permanente.<\/p>\n<p>1987 \u2013 Muere el Dr. Luis Federico Leloir, m\u00e9dico y bioqu\u00edmico argentino, Premio Nobel de Qu\u00edmica.<\/p>\n<p>1990 \u2013 Se realizan las primeras elecciones en la Alemania reunificada.<\/p>\n<p>1993 \u2013 El narcotraficante Pablo Escobar es abatido por la policia colombiana.<\/p>\n<p>1997 \u2013 Los 16 estados miembros de la OTAN aprueban en Bruselas la nueva estructura militar de la organizaci\u00f3n.<\/p>\n<p>2003 \u2013 El presidente estadounidense George Bush firma una ley que permite el desarrollo de nuevas armas nucleares.<\/p>\n<p>2007 \u2013 En Argentina, el Club Atl\u00e9tico Lan\u00fas se consagra por primera vez campe\u00f3n nacional de f\u00fatbol.<\/p>\n<p>2007 \u2013 Muere Nelly Beltr\u00e1n, actriz argentina.<\/p>\n<p>2009 \u2013 En los Emiratos \u00c1rabes Unidos se inaugura el rascacielos Torre Jalifa (Burj Dub\u00e1i), el de mayor altura jam\u00e1s construido (828 m), tras seis a\u00f1os de obras.<\/p>\n<p>2013 \u2013 Muere Roberto Capablanca, artista y humorista uruguayo de origen argentino.<\/p>\n","protected":false},"excerpt":{"rendered":"<p>\u2013 D\u00eda Internacional de la Abolici\u00f3n de la Esclavitud 1547 \u2013 Muere Hern\u00e1n Cort\u00e9s, explorador espa\u00f1ol. 1804 \u2013 Napole\u00f3n Bonaparte es consagrado emperador por el Papa P\u00edo VII en la catedral de Par\u00eds. 1805 \u2013 Batalla de Austerlitz, una de las m\u00e1s grandes victorias militares de Napole\u00f3n I. 1814 \u2013 Muere el Marqu\u00e9s de Sade.&hellip;<\/p>\n","protected":false},"author":1,"featured_media":0,"comment_status":"open","ping_status":"open","sticky":false,"template":"","format":"standard","meta":{"footnotes":""},"categories":[14],"tags":[],"class_list":["post-74535","post","type-post","status-publish","format-standard","hentry","category-efemerides"],"_links":{"self":[{"href":"https:\/\/www.elsindical.com.ar\/notas\/wp-json\/wp\/v2\/posts\/74535","targetHints":{"allow":["GET"]}}],"collection":[{"href":"https:\/\/www.elsindical.com.ar\/notas\/wp-json\/wp\/v2\/posts"}],"about":[{"href":"https:\/\/www.elsindical.com.ar\/notas\/wp-json\/wp\/v2\/types\/post"}],"author":[{"embeddable":true,"href":"https:\/\/www.elsindical.com.ar\/notas\/wp-json\/wp\/v2\/users\/1"}],"replies":[{"embeddable":true,"href":"https:\/\/www.elsindical.com.ar\/notas\/wp-json\/wp\/v2\/comments?post=74535"}],"version-history":[{"count":1,"href":"https:\/\/www.elsindical.com.ar\/notas\/wp-json\/wp\/v2\/posts\/74535\/revisions"}],"predecessor-version":[{"id":74536,"href":"https:\/\/www.elsindical.com.ar\/notas\/wp-json\/wp\/v2\/posts\/74535\/revisions\/74536"}],"wp:attachment":[{"href":"https:\/\/www.elsindical.com.ar\/notas\/wp-json\/wp\/v2\/media?parent=74535"}],"wp:term":[{"taxonomy":"category","embeddable":true,"href":"https:\/\/www.elsindical.com.ar\/notas\/wp-json\/wp\/v2\/categories?post=74535"},{"taxonomy":"post_tag","embeddable":true,"href":"https:\/\/www.elsindical.com.ar\/notas\/wp-json\/wp\/v2\/tags?post=74535"}],"curies":[{"name":"wp","href":"https:\/\/api.w.org\/{rel}","templated":true}]}}