{"id":74530,"date":"2017-12-01T10:48:10","date_gmt":"2017-12-01T13:48:10","guid":{"rendered":"http:\/\/www.elsindical.com.ar\/notas\/?p=74530"},"modified":"2017-12-01T10:48:10","modified_gmt":"2017-12-01T13:48:10","slug":"trabajadores-tomaron-la-clinica-estrada-y-se-especula-con-su-cierre","status":"publish","type":"post","link":"https:\/\/www.elsindical.com.ar\/notas\/trabajadores-tomaron-la-clinica-estrada-y-se-especula-con-su-cierre\/","title":{"rendered":"Trabajadores tomaron la Cl\u00ednica Estrada y se especula con su cierre"},"content":{"rendered":"<p><em>\u00a0\u00a0 <a href=\"http:\/\/www.elsindical.com.ar\/notas\/var\/www\/html\/notas\/wp-content\/uploads\/2017\/12\/Cl\u00ednica-Estrada-tomada-por-los-trabajadores.jpg\"><img loading=\"lazy\" decoding=\"async\" class=\"alignnone size-medium wp-image-74531\" src=\"http:\/\/www.elsindical.com.ar\/notas\/var\/www\/html\/notas\/wp-content\/uploads\/2017\/12\/Cl\u00ednica-Estrada-tomada-por-los-trabajadores-300x188.jpg\" alt=\"\" width=\"300\" height=\"188\" srcset=\"https:\/\/www.elsindical.com.ar\/notas\/var\/www\/html\/notas\/wp-content\/uploads\/2017\/12\/Cl\u00ednica-Estrada-tomada-por-los-trabajadores-300x188.jpg 300w, https:\/\/www.elsindical.com.ar\/notas\/var\/www\/html\/notas\/wp-content\/uploads\/2017\/12\/Cl\u00ednica-Estrada-tomada-por-los-trabajadores-480x300.jpg 480w, https:\/\/www.elsindical.com.ar\/notas\/var\/www\/html\/notas\/wp-content\/uploads\/2017\/12\/Cl\u00ednica-Estrada-tomada-por-los-trabajadores.jpg 640w\" sizes=\"auto, (max-width: 300px) 100vw, 300px\" \/><\/a>Adem\u00e1s, denuncian salarios atrasados desde hace varios meses. Hoy tendr\u00e1n una reuni\u00f3n con el Ministerio de Trabajo y luego definir\u00e1n los pasos a seguir. No descartan realizar movilizarse.<\/em><\/p>\n<p>Trabajadores de la Cl\u00ednica Estrada, de Remedios de Escalada, tomaron el establecimiento por el despido de setenta trabajadores y por la falta de pago de una parte de los salarios de octubre.<\/p>\n<p>Los trabajadores permanecer\u00e1n dentro del sanatorio hasta hoy a las 10:00 hs., cuando tendr\u00e1n una audiencia en la sede del Ministerio de Trabajo de Lan\u00fas para tratar de encontrar una soluci\u00f3n al conflicto. Seg\u00fan indicaron, el retraso en el pago de los sueldos viene desde hace varios meses.<\/p>\n<p>\u201cVamos a pedir la conciliaci\u00f3n obligatoria y el pago de los salarios atrasados. Hoy la cl\u00ednica est\u00e1 parada con los trabajadores y el sindicato adentro\u201d, precis\u00f3 en di\u00e1logo Sergio Oyhambur\u00fa, secretario general de la Asociaci\u00f3n de Trabajadores de la Sanidad Argentina de la zona sur.<\/p>\n<p>En ese marco, se\u00f1al\u00f3 que definir\u00e1n los pasos a seguir seg\u00fan cual sea la respuesta por parte del Ministerio, y no descartan realizar una movilizaci\u00f3n. \u201cEvaluaremos las medidas en asamblea con los trabajadores\u201d, indic\u00f3.<\/p>\n<p>\u201cHoy m\u00e1s de 25 recibieron el telegrama de despido, con la gravedad que eso implica. Queremos resguardar nuestros puestos de trabajo\u201d, expres\u00f3 Osvaldo Gerez, secretario gremial de ATSA y trabajador de la cl\u00ednica.<\/p>\n<p>Seg\u00fan se\u00f1al\u00f3, la empresa habr\u00eda manifestado ante el Ministerio de Trabajo la posibilidad de dar una marcha atr\u00e1s con los despidos. \u201cPero hasta que no quede plasmado en un acta no vamos a estar tranquilos\u201d, indic\u00f3.<\/p>\n<p>Gerez tambi\u00e9n se\u00f1al\u00f3 que hay rumores de \u201cquiebra\u201d, pero no tienen ninguna certeza. \u201cEllos han manifestado esa posibilidad y est\u00e1n buscando a alguien que pueda venir a inyectar algo de dinero para que se ponga nuevamente en funcionamiento\u201d, precis\u00f3 y detall\u00f3: \u201cHabr\u00eda un grupo inversor que se podr\u00eda hacer cargo del sanatorio y tendr\u00edamos que esperar hasta el 15 de diciembre\u201d.<\/p>\n<p>\u201cLa excusa que tienen para llevar adelante los despidos es que hay menos trabajo y que est\u00e1n viviendo un momento econ\u00f3mico dif\u00edcil, pero nosotros no somos responsables de esta ca\u00edda, sino que la responsabilidad es de la empresa, que hoy pareciera que no la conduce nadie\u201d, sostuvo Oyhambur\u00fa<\/p>\n<p><iframe loading=\"lazy\" src=\"https:\/\/www.youtube.com\/embed\/JXi52NuemII\" width=\"580\" height=\"420\" frameborder=\"0\" allowfullscreen=\"allowfullscreen\"><span style=\"display: inline-block; width: 0px; overflow: hidden; line-height: 0;\" data-mce-type=\"bookmark\" class=\"mce_SELRES_start\">\ufeff<\/span><\/iframe><\/p>\n","protected":false},"excerpt":{"rendered":"<p>\u00a0\u00a0 Adem\u00e1s, denuncian salarios atrasados desde hace varios meses. Hoy tendr\u00e1n una reuni\u00f3n con el Ministerio de Trabajo y luego definir\u00e1n los pasos a seguir. No descartan realizar movilizarse. Trabajadores de la Cl\u00ednica Estrada, de Remedios de Escalada, tomaron el establecimiento por el despido de setenta trabajadores y por la falta de pago de una&hellip;<\/p>\n","protected":false},"author":1,"featured_media":74531,"comment_status":"open","ping_status":"open","sticky":false,"template":"","format":"standard","meta":{"footnotes":""},"categories":[16],"tags":[2258,25054,53,170,125],"class_list":["post-74530","post","type-post","status-publish","format-standard","has-post-thumbnail","hentry","category-gremiales","tag-cierre","tag-clinica-estrada","tag-despidos","tag-toma","tag-trabajadores"],"_links":{"self":[{"href":"https:\/\/www.elsindical.com.ar\/notas\/wp-json\/wp\/v2\/posts\/74530","targetHints":{"allow":["GET"]}}],"collection":[{"href":"https:\/\/www.elsindical.com.ar\/notas\/wp-json\/wp\/v2\/posts"}],"about":[{"href":"https:\/\/www.elsindical.com.ar\/notas\/wp-json\/wp\/v2\/types\/post"}],"author":[{"embeddable":true,"href":"https:\/\/www.elsindical.com.ar\/notas\/wp-json\/wp\/v2\/users\/1"}],"replies":[{"embeddable":true,"href":"https:\/\/www.elsindical.com.ar\/notas\/wp-json\/wp\/v2\/comments?post=74530"}],"version-history":[{"count":1,"href":"https:\/\/www.elsindical.com.ar\/notas\/wp-json\/wp\/v2\/posts\/74530\/revisions"}],"predecessor-version":[{"id":74532,"href":"https:\/\/www.elsindical.com.ar\/notas\/wp-json\/wp\/v2\/posts\/74530\/revisions\/74532"}],"wp:featuredmedia":[{"embeddable":true,"href":"https:\/\/www.elsindical.com.ar\/notas\/wp-json\/wp\/v2\/media\/74531"}],"wp:attachment":[{"href":"https:\/\/www.elsindical.com.ar\/notas\/wp-json\/wp\/v2\/media?parent=74530"}],"wp:term":[{"taxonomy":"category","embeddable":true,"href":"https:\/\/www.elsindical.com.ar\/notas\/wp-json\/wp\/v2\/categories?post=74530"},{"taxonomy":"post_tag","embeddable":true,"href":"https:\/\/www.elsindical.com.ar\/notas\/wp-json\/wp\/v2\/tags?post=74530"}],"curies":[{"name":"wp","href":"https:\/\/api.w.org\/{rel}","templated":true}]}}