{"id":74517,"date":"2017-11-30T12:12:25","date_gmt":"2017-11-30T15:12:25","guid":{"rendered":"http:\/\/www.elsindical.com.ar\/notas\/?p=74517"},"modified":"2017-11-30T12:12:25","modified_gmt":"2017-11-30T15:12:25","slug":"mar-del-plata-protesta-de-ex-trabajadores-de-pepsico","status":"publish","type":"post","link":"https:\/\/www.elsindical.com.ar\/notas\/mar-del-plata-protesta-de-ex-trabajadores-de-pepsico\/","title":{"rendered":"Mar del Plata: Protesta de ex trabajadores de P\u00e9psico"},"content":{"rendered":"<p><em>\u00a0 <a href=\"http:\/\/www.elsindical.com.ar\/notas\/var\/www\/html\/notas\/wp-content\/uploads\/2017\/11\/trabajadores-de-P\u00e9psico-Mar-del-Plata.jpg\"><img loading=\"lazy\" decoding=\"async\" class=\"alignnone size-medium wp-image-74518\" src=\"http:\/\/www.elsindical.com.ar\/notas\/var\/www\/html\/notas\/wp-content\/uploads\/2017\/11\/trabajadores-de-P\u00e9psico-Mar-del-Plata-300x169.jpg\" alt=\"\" width=\"300\" height=\"169\" srcset=\"https:\/\/www.elsindical.com.ar\/notas\/var\/www\/html\/notas\/wp-content\/uploads\/2017\/11\/trabajadores-de-P\u00e9psico-Mar-del-Plata-300x169.jpg 300w, https:\/\/www.elsindical.com.ar\/notas\/var\/www\/html\/notas\/wp-content\/uploads\/2017\/11\/trabajadores-de-P\u00e9psico-Mar-del-Plata-768x432.jpg 768w, https:\/\/www.elsindical.com.ar\/notas\/var\/www\/html\/notas\/wp-content\/uploads\/2017\/11\/trabajadores-de-P\u00e9psico-Mar-del-Plata-500x281.jpg 500w, https:\/\/www.elsindical.com.ar\/notas\/var\/www\/html\/notas\/wp-content\/uploads\/2017\/11\/trabajadores-de-P\u00e9psico-Mar-del-Plata-460x260.jpg 460w, https:\/\/www.elsindical.com.ar\/notas\/var\/www\/html\/notas\/wp-content\/uploads\/2017\/11\/trabajadores-de-P\u00e9psico-Mar-del-Plata.jpg 970w\" sizes=\"auto, (max-width: 300px) 100vw, 300px\" \/><\/a>Ex empleados de la multinacional, de la planta Florida, protestaron en la f\u00e1brica ubicada en la ciudad bonaerense de Mar del Plata. Al respect\u00f3, el delegado Camilo Mones explic\u00f3: \u00abhicimos una volanteada en reclamo de nuestras fuentes laborales y en solidaridad con los 700 trabajadores que est\u00e1n desempe\u00f1\u00e1ndose aqu\u00ed en Mar del Plata, quienes est\u00e1n sufriendo precarizaci\u00f3n\u00bb.<\/em><\/p>\n<p>&#8216;Trabajadores de PepsiCo en Lucha&#8217; de la planta de Florida realizaron una protesta en la f\u00e1brica de la multinacional ubicada en la ciudad de Mar del Plata, donde hicieron una \u00abvolanteada\u00bb y reclamaron por los 600 puestos de trabajo que perdieron en junio pasado.<\/p>\n<p>Adem\u00e1s, volver\u00e1n a manifestarse hoy al mediod\u00eda, cuando solicitar\u00e1n ser atendidos por sus antiguos empleadores.<\/p>\n<p>El delegado Camilo Mones cont\u00f3 que alrededor de \u00ab25 trabajadores\u00bb se hicieron presentes en la puerta de la f\u00e1brica ubicada en el Parque Industrial de Maquinista Savio, entre las 5 y las 7 de la ma\u00f1ana, donde repartieron volantes y se manifestaron \u00abhasta que desde la empresa llamaron a la polic\u00eda\u00bb.<\/p>\n<p>\u00abNo hubo incidentes, s\u00f3lo hicimos una volanteada en reclamo de nuestras fuentes laborales y en solidaridad con los 700 trabajadores que est\u00e1n desempe\u00f1\u00e1ndose aqu\u00ed en Mar del Plata debido a que ellos tambi\u00e9n realizaron una medida de fuerza hace un mes por la suba de los ritmos de producci\u00f3n y la precarizaci\u00f3n de las condiciones laborales\u00bb, indic\u00f3.<\/p>\n<p>El gremialista explic\u00f3 que la producci\u00f3n \u00abaument\u00f3 desde el cierre de la planta de Florida bajo las peores condiciones para los trabajadores de Mar del Plata, de los cuales unos 300 est\u00e1n con contratos de entre seis meses y un a\u00f1o\u00bb, especific\u00f3 Mones.<\/p>\n<p>Por este motivo, los trabajadores despedidos de Florida volver\u00e1n a presentarse hoy desde las 13 en la puerta de la f\u00e1brica marplatense.<\/p>\n<p>\u00abPedimos la reincorporaci\u00f3n de los 600 trabajadores que fuimos despedidos y quedamos en la calle\u00bb, el pasado 20 de junio, cuando fueron informados del cese de la relaci\u00f3n laboral mediante un cartel ubicado en la puerta de acceso a la planta que los remit\u00eda a un 0800 para asesorarse sobre los despidos.<\/p>\n<p>Por su parte, la empresa sostuvo que el cierre de la filial de Florida se produjo porque era \u00abinviable\u00bb la continuidad productiva en ese lugar \u00abpor cuestiones log\u00edsticas y operacionales\u00bb.<\/p>\n","protected":false},"excerpt":{"rendered":"<p>\u00a0 Ex empleados de la multinacional, de la planta Florida, protestaron en la f\u00e1brica ubicada en la ciudad bonaerense de Mar del Plata. Al respect\u00f3, el delegado Camilo Mones explic\u00f3: \u00abhicimos una volanteada en reclamo de nuestras fuentes laborales y en solidaridad con los 700 trabajadores que est\u00e1n desempe\u00f1\u00e1ndose aqu\u00ed en Mar del Plata, quienes&hellip;<\/p>\n","protected":false},"author":1,"featured_media":74518,"comment_status":"open","ping_status":"open","sticky":false,"template":"","format":"standard","meta":{"footnotes":""},"categories":[16],"tags":[617,1673,6898,27907],"class_list":["post-74517","post","type-post","status-publish","format-standard","has-post-thumbnail","hentry","category-gremiales","tag-florida","tag-mar-del-plata","tag-pepsico","tag-trabajdores"],"_links":{"self":[{"href":"https:\/\/www.elsindical.com.ar\/notas\/wp-json\/wp\/v2\/posts\/74517","targetHints":{"allow":["GET"]}}],"collection":[{"href":"https:\/\/www.elsindical.com.ar\/notas\/wp-json\/wp\/v2\/posts"}],"about":[{"href":"https:\/\/www.elsindical.com.ar\/notas\/wp-json\/wp\/v2\/types\/post"}],"author":[{"embeddable":true,"href":"https:\/\/www.elsindical.com.ar\/notas\/wp-json\/wp\/v2\/users\/1"}],"replies":[{"embeddable":true,"href":"https:\/\/www.elsindical.com.ar\/notas\/wp-json\/wp\/v2\/comments?post=74517"}],"version-history":[{"count":1,"href":"https:\/\/www.elsindical.com.ar\/notas\/wp-json\/wp\/v2\/posts\/74517\/revisions"}],"predecessor-version":[{"id":74519,"href":"https:\/\/www.elsindical.com.ar\/notas\/wp-json\/wp\/v2\/posts\/74517\/revisions\/74519"}],"wp:featuredmedia":[{"embeddable":true,"href":"https:\/\/www.elsindical.com.ar\/notas\/wp-json\/wp\/v2\/media\/74518"}],"wp:attachment":[{"href":"https:\/\/www.elsindical.com.ar\/notas\/wp-json\/wp\/v2\/media?parent=74517"}],"wp:term":[{"taxonomy":"category","embeddable":true,"href":"https:\/\/www.elsindical.com.ar\/notas\/wp-json\/wp\/v2\/categories?post=74517"},{"taxonomy":"post_tag","embeddable":true,"href":"https:\/\/www.elsindical.com.ar\/notas\/wp-json\/wp\/v2\/tags?post=74517"}],"curies":[{"name":"wp","href":"https:\/\/api.w.org\/{rel}","templated":true}]}}