{"id":74514,"date":"2017-11-30T09:33:05","date_gmt":"2017-11-30T12:33:05","guid":{"rendered":"http:\/\/www.elsindical.com.ar\/notas\/?p=74514"},"modified":"2017-11-30T09:33:05","modified_gmt":"2017-11-30T12:33:05","slug":"avellaneda-vecinos-quieren-cercar-calles-por-ola-de-robos","status":"publish","type":"post","link":"https:\/\/www.elsindical.com.ar\/notas\/avellaneda-vecinos-quieren-cercar-calles-por-ola-de-robos\/","title":{"rendered":"Avellaneda: Vecinos quieren cercar calles por ola de robos"},"content":{"rendered":"<p><em><a href=\"http:\/\/www.elsindical.com.ar\/notas\/var\/www\/html\/notas\/wp-content\/uploads\/2017\/11\/vecinos-enrejados.jpg\"><img loading=\"lazy\" decoding=\"async\" class=\"alignnone size-medium wp-image-74515\" src=\"http:\/\/www.elsindical.com.ar\/notas\/var\/www\/html\/notas\/wp-content\/uploads\/2017\/11\/vecinos-enrejados-300x169.jpg\" alt=\"\" width=\"300\" height=\"169\" srcset=\"https:\/\/www.elsindical.com.ar\/notas\/var\/www\/html\/notas\/wp-content\/uploads\/2017\/11\/vecinos-enrejados-300x169.jpg 300w, https:\/\/www.elsindical.com.ar\/notas\/var\/www\/html\/notas\/wp-content\/uploads\/2017\/11\/vecinos-enrejados-768x432.jpg 768w, https:\/\/www.elsindical.com.ar\/notas\/var\/www\/html\/notas\/wp-content\/uploads\/2017\/11\/vecinos-enrejados-500x281.jpg 500w, https:\/\/www.elsindical.com.ar\/notas\/var\/www\/html\/notas\/wp-content\/uploads\/2017\/11\/vecinos-enrejados-460x260.jpg 460w, https:\/\/www.elsindical.com.ar\/notas\/var\/www\/html\/notas\/wp-content\/uploads\/2017\/11\/vecinos-enrejados.jpg 970w\" sizes=\"auto, (max-width: 300px) 100vw, 300px\" \/><\/a> Hartos de vivir enrejados, muchos habitantes de Wilde pusieron en venta sus casas para mudarse de la peligrosa zona.<\/em><\/p>\n<p>Encerrados producto del p\u00e1nico y la angustia que genera el desamparo de las autoridades municipales, ante una demanda esencial como vivir tranquilos, se encuentran los vecinos de la localidad bonaerense de Wilde. Tierra de nadie, o mejor dicho de delincuentes que azotan diariamente a los residentes de la zona, quienes no salen de sus casas, e incluso ellos mismos determinaron las medidas de seguridad como la instalaci\u00f3n de un sistema de c\u00e1maras y de iluminaci\u00f3n p\u00fablica, frente a la falta de respuestas de la intendencia.<\/p>\n<p>Result\u00f3 llamativo al ingresar a la calle Pir\u00e1n la importante cantidad de propiedades en venta. <strong>Marcela<\/strong>, una vecina de la zona, asegur\u00f3 a <em>Cr\u00f3nica<\/em>: \u00ab<em>Cada vez son m\u00e1s los que se van. Ya no aguantan m\u00e1s vivir as\u00ed\u00bb.<\/em> La mujer hizo referencia a la ola delictiva que se acrecienta en forma preocupante en el tramo del mencionado acceso entre avenida Mitre y Ram\u00f3n Franco.<\/p>\n<p>All\u00ed se registraron ocho cr\u00edmenes en ocasi\u00f3n de robo desde 2014, y los sucesos protagonizados por motochorros, las entraderas y hasta los intentos de derribar portones a patadas son moneda corriente. Sin embargo, las reclamadas medidas de prevenci\u00f3n al municipio de Avellaneda brillan por su ausencia y entonces los vecinos se organizaron para comprar e instalar el sistema de c\u00e1maras de seguridad y la iluminaci\u00f3n p\u00fablica, a pesar de que abonan mensualmente en el impuesto de ABL un servicio de emergentolog\u00eda y de prevenci\u00f3n ciudadana.<\/p>\n<p>No obstante, los responsables distritales del \u00e1rea les argumentan a los demandantes residentes que \u00ab<em>el personal policial depende de provincia. Pero es una respuesta tibia&#8230; no se preocupan por la seguridad de sus vecinos\u00bb<\/em>, se\u00f1al\u00f3 <strong>Dar\u00edo,<\/strong> esposo de Marcela. En consecuencia, ante semejante panorama desolador, los vecinos viven en estado de alerta constante. Es m\u00e1s, debieron enrejar las c\u00e1maras ubicadas en la calle, puesto que los propios maleantes se las robaron.<\/p>\n<p><em>\u00abNosotros tenemos que estar en contacto permanente. Es una locura vivir de esta manera, estamos totalmente desamparados\u00bb,<\/em> consider\u00f3 <strong>Mirtha.<\/strong> Por lo tanto, la falta de respuestas y de accionar de las autoridades impulsa a los vecinos a \u00abe<em>xtremar las medidas de seguridad. Pensamos en cerrar la calle con rejas y poner seguridad privada<\/em>\u00ab, enfatiz\u00f3 <strong>Esther<\/strong>.<\/p>\n<p>&nbsp;<\/p>\n<p><b>Por Mat\u00edas Resano\u00a0<\/b><br \/>\n<em>mresano@cronica.com.ar\u00a0<\/em><\/p>\n<p><strong>Fuente: Diario Cr\u00f3nica<\/strong><\/p>\n","protected":false},"excerpt":{"rendered":"<p>Hartos de vivir enrejados, muchos habitantes de Wilde pusieron en venta sus casas para mudarse de la peligrosa zona. Encerrados producto del p\u00e1nico y la angustia que genera el desamparo de las autoridades municipales, ante una demanda esencial como vivir tranquilos, se encuentran los vecinos de la localidad bonaerense de Wilde. Tierra de nadie, o&hellip;<\/p>\n","protected":false},"author":1,"featured_media":74515,"comment_status":"open","ping_status":"open","sticky":false,"template":"","format":"standard","meta":{"footnotes":""},"categories":[6],"tags":[461,1567,984,12396,986,882],"class_list":["post-74514","post","type-post","status-publish","format-standard","has-post-thumbnail","hentry","category-denuncias","tag-avellaneda","tag-cronica","tag-inseguridad","tag-rejas","tag-vecinos","tag-wilde"],"_links":{"self":[{"href":"https:\/\/www.elsindical.com.ar\/notas\/wp-json\/wp\/v2\/posts\/74514","targetHints":{"allow":["GET"]}}],"collection":[{"href":"https:\/\/www.elsindical.com.ar\/notas\/wp-json\/wp\/v2\/posts"}],"about":[{"href":"https:\/\/www.elsindical.com.ar\/notas\/wp-json\/wp\/v2\/types\/post"}],"author":[{"embeddable":true,"href":"https:\/\/www.elsindical.com.ar\/notas\/wp-json\/wp\/v2\/users\/1"}],"replies":[{"embeddable":true,"href":"https:\/\/www.elsindical.com.ar\/notas\/wp-json\/wp\/v2\/comments?post=74514"}],"version-history":[{"count":1,"href":"https:\/\/www.elsindical.com.ar\/notas\/wp-json\/wp\/v2\/posts\/74514\/revisions"}],"predecessor-version":[{"id":74516,"href":"https:\/\/www.elsindical.com.ar\/notas\/wp-json\/wp\/v2\/posts\/74514\/revisions\/74516"}],"wp:featuredmedia":[{"embeddable":true,"href":"https:\/\/www.elsindical.com.ar\/notas\/wp-json\/wp\/v2\/media\/74515"}],"wp:attachment":[{"href":"https:\/\/www.elsindical.com.ar\/notas\/wp-json\/wp\/v2\/media?parent=74514"}],"wp:term":[{"taxonomy":"category","embeddable":true,"href":"https:\/\/www.elsindical.com.ar\/notas\/wp-json\/wp\/v2\/categories?post=74514"},{"taxonomy":"post_tag","embeddable":true,"href":"https:\/\/www.elsindical.com.ar\/notas\/wp-json\/wp\/v2\/tags?post=74514"}],"curies":[{"name":"wp","href":"https:\/\/api.w.org\/{rel}","templated":true}]}}