{"id":74508,"date":"2017-11-30T09:21:42","date_gmt":"2017-11-30T12:21:42","guid":{"rendered":"http:\/\/www.elsindical.com.ar\/notas\/?p=74508"},"modified":"2017-11-30T09:21:42","modified_gmt":"2017-11-30T12:21:42","slug":"el-senado-aprobo-la-reforma-previsional-y-el-paquete-fiscal","status":"publish","type":"post","link":"https:\/\/www.elsindical.com.ar\/notas\/el-senado-aprobo-la-reforma-previsional-y-el-paquete-fiscal\/","title":{"rendered":"El Senado aprob\u00f3 la reforma previsional y el paquete fiscal"},"content":{"rendered":"<p><em>\u00a0 <a href=\"http:\/\/www.elsindical.com.ar\/notas\/var\/www\/html\/notas\/wp-content\/uploads\/2017\/11\/senado-PRO.jpg\"><img loading=\"lazy\" decoding=\"async\" class=\"alignnone size-medium wp-image-74509\" src=\"http:\/\/www.elsindical.com.ar\/notas\/var\/www\/html\/notas\/wp-content\/uploads\/2017\/11\/senado-PRO-300x200.jpg\" alt=\"\" width=\"300\" height=\"200\" srcset=\"https:\/\/www.elsindical.com.ar\/notas\/var\/www\/html\/notas\/wp-content\/uploads\/2017\/11\/senado-PRO-300x200.jpg 300w, https:\/\/www.elsindical.com.ar\/notas\/var\/www\/html\/notas\/wp-content\/uploads\/2017\/11\/senado-PRO-768x512.jpg 768w, https:\/\/www.elsindical.com.ar\/notas\/var\/www\/html\/notas\/wp-content\/uploads\/2017\/11\/senado-PRO-1024x683.jpg 1024w, https:\/\/www.elsindical.com.ar\/notas\/var\/www\/html\/notas\/wp-content\/uploads\/2017\/11\/senado-PRO-450x300.jpg 450w, https:\/\/www.elsindical.com.ar\/notas\/var\/www\/html\/notas\/wp-content\/uploads\/2017\/11\/senado-PRO.jpg 1170w\" sizes=\"auto, (max-width: 300px) 100vw, 300px\" \/><\/a>El Senado aprob\u00f3 por amplia mayor\u00eda la reforma previsional y el paquete fiscal, que fueron girados a la C\u00e1mara de Diputados despu\u00e9s de un extenso debate en el que los cambios en el sistema de jubilaciones fue uno de los puntos m\u00e1s criticados.<\/em><\/p>\n<p>El Senado aprob\u00f3 por amplia mayor\u00eda la reforma previsional y el paquete fiscal, que fueron girados a la C\u00e1mara de Diputados despu\u00e9s de un extenso debate en el que los cambios en el sistema de jubilaciones fue uno de los puntos m\u00e1s criticados.<\/p>\n<p>El proyecto de reforma previsional fue aprobado con 43 votos a favor, correspondientes a Cambiemos y al justicialismo alineado con los gobernadores, y 25 en contra, donde se ubicaron el kirchnerismo y peronistas independientes como los puntanos Adolfo Rodr\u00edguez Sa\u00e1 y Liliana Negre.<\/p>\n<p>En tanto, hubo tres abstenciones correspondientes a Juan Manuel Abal Medina (PJ-FPV), Alfredo Luenzo (PJ Chubut) y Jaime Linares (GEN).<\/p>\n<p>El proyecto de Consenso Fiscal, que ratifica el pacto firmado entre el presidente Mauricio Macri y los gobernadores y que engloba a todas las reformas que impulsa el Gobierno, fue aprobado con 52 votos a favor, 15 en contra y dos abstenciones por parte de las santacruce\u00f1as Virginia Garc\u00eda y Mar\u00eda Ester Labado.<\/p>\n<p>Asimismo, el proyecto de responsabilidad fiscal, que impone pautas de control para el gasto p\u00fablico de la Naci\u00f3n y las Provincias, tambi\u00e9n fue aprobado con 53 votos a favor, 14 en contra y dos abstenciones, tambi\u00e9n de Garc\u00eda y Labado.<\/p>\n<p>Los tres proyectos fueron debatidos en conjunto pero votados por separado y el que cosech\u00f3 m\u00e1s cr\u00edticas durante el transcurso de la sesi\u00f3n fue el de reforma previsional, que modifica el c\u00e1lculo de la movilidad de los haberes jubilatorios a fin de que el aumento contemple en un 70% el \u00edndice de la inflaci\u00f3n y en un 30% el coeficiente de variaci\u00f3n salarial.<\/p>\n<p>Durante el debate, el chubutense Alfredo Luenzo, el bonaerense Jaime Linares, el pampeano Daniel Lovera y la misionera Sandra Gim\u00e9nez propusieron que el nuevo c\u00e1lculo empiece a correr en junio del a\u00f1o pr\u00f3ximo en lugar de aplicarse a partir de marzo, pero la sugerencia no prosper\u00f3.<\/p>\n<p>Los principales argumentos a favor del paquete de proyectos destacaron como \u00abhist\u00f3rico\u00bb el acuerdo entre Macri y los gobernadores, se\u00f1alaron la necesidad de \u00abrecuperar el super\u00e1vit fiscal\u00bb a trav\u00e9s de un nuevo ordenamiento fiscal y pautas para el gasto p\u00fablico y que el ingreso de los jubilados se preservar\u00e1 con la nueva f\u00f3rmula.<\/p>\n<p>En contra, se afirm\u00f3 que el proyecto de reforma previsional le \u00abbaja el sueldo a los jubilados\u00bb y que el Pacto Fiscal \u00abafecta el federalismo\u00bb, al tiempo que se cuestion\u00f3 el beneficio que tendr\u00e1 la provincia de Buenos Aires a partir de ese acuerdo, dado que recibir\u00e1 65 mil millones de pesos para 2019.<\/p>\n<p>El debate comenz\u00f3 a poco antes de las 16:00 y culmin\u00f3 minutos antes de la medianoche.<\/p>\n","protected":false},"excerpt":{"rendered":"<p>\u00a0 El Senado aprob\u00f3 por amplia mayor\u00eda la reforma previsional y el paquete fiscal, que fueron girados a la C\u00e1mara de Diputados despu\u00e9s de un extenso debate en el que los cambios en el sistema de jubilaciones fue uno de los puntos m\u00e1s criticados. El Senado aprob\u00f3 por amplia mayor\u00eda la reforma previsional y el&hellip;<\/p>\n","protected":false},"author":1,"featured_media":74509,"comment_status":"open","ping_status":"open","sticky":false,"template":"","format":"standard","meta":{"footnotes":""},"categories":[13],"tags":[27458,564,565],"class_list":["post-74508","post","type-post","status-publish","format-standard","has-post-thumbnail","hentry","category-politica","tag-reforma-previsional","tag-senado","tag-votacion"],"_links":{"self":[{"href":"https:\/\/www.elsindical.com.ar\/notas\/wp-json\/wp\/v2\/posts\/74508","targetHints":{"allow":["GET"]}}],"collection":[{"href":"https:\/\/www.elsindical.com.ar\/notas\/wp-json\/wp\/v2\/posts"}],"about":[{"href":"https:\/\/www.elsindical.com.ar\/notas\/wp-json\/wp\/v2\/types\/post"}],"author":[{"embeddable":true,"href":"https:\/\/www.elsindical.com.ar\/notas\/wp-json\/wp\/v2\/users\/1"}],"replies":[{"embeddable":true,"href":"https:\/\/www.elsindical.com.ar\/notas\/wp-json\/wp\/v2\/comments?post=74508"}],"version-history":[{"count":1,"href":"https:\/\/www.elsindical.com.ar\/notas\/wp-json\/wp\/v2\/posts\/74508\/revisions"}],"predecessor-version":[{"id":74510,"href":"https:\/\/www.elsindical.com.ar\/notas\/wp-json\/wp\/v2\/posts\/74508\/revisions\/74510"}],"wp:featuredmedia":[{"embeddable":true,"href":"https:\/\/www.elsindical.com.ar\/notas\/wp-json\/wp\/v2\/media\/74509"}],"wp:attachment":[{"href":"https:\/\/www.elsindical.com.ar\/notas\/wp-json\/wp\/v2\/media?parent=74508"}],"wp:term":[{"taxonomy":"category","embeddable":true,"href":"https:\/\/www.elsindical.com.ar\/notas\/wp-json\/wp\/v2\/categories?post=74508"},{"taxonomy":"post_tag","embeddable":true,"href":"https:\/\/www.elsindical.com.ar\/notas\/wp-json\/wp\/v2\/tags?post=74508"}],"curies":[{"name":"wp","href":"https:\/\/api.w.org\/{rel}","templated":true}]}}