{"id":74505,"date":"2017-11-30T09:17:44","date_gmt":"2017-11-30T12:17:44","guid":{"rendered":"http:\/\/www.elsindical.com.ar\/notas\/?p=74505"},"modified":"2017-11-30T09:17:44","modified_gmt":"2017-11-30T12:17:44","slug":"detuvieron-a-noray-nakis-vicepresidente-de-independiente","status":"publish","type":"post","link":"https:\/\/www.elsindical.com.ar\/notas\/detuvieron-a-noray-nakis-vicepresidente-de-independiente\/","title":{"rendered":"Detuvieron a Noray Nakis, vicepresidente de Independiente"},"content":{"rendered":"<p><em>\u00a0\u00a0 <a href=\"http:\/\/www.elsindical.com.ar\/notas\/var\/www\/html\/notas\/wp-content\/uploads\/2017\/11\/Noray-Nakis.jpg\"><img loading=\"lazy\" decoding=\"async\" class=\"alignnone size-medium wp-image-74506\" src=\"http:\/\/www.elsindical.com.ar\/notas\/var\/www\/html\/notas\/wp-content\/uploads\/2017\/11\/Noray-Nakis-300x178.jpg\" alt=\"\" width=\"300\" height=\"178\" srcset=\"https:\/\/www.elsindical.com.ar\/notas\/var\/www\/html\/notas\/wp-content\/uploads\/2017\/11\/Noray-Nakis-300x178.jpg 300w, https:\/\/www.elsindical.com.ar\/notas\/var\/www\/html\/notas\/wp-content\/uploads\/2017\/11\/Noray-Nakis-768x456.jpg 768w, https:\/\/www.elsindical.com.ar\/notas\/var\/www\/html\/notas\/wp-content\/uploads\/2017\/11\/Noray-Nakis-500x297.jpg 500w, https:\/\/www.elsindical.com.ar\/notas\/var\/www\/html\/notas\/wp-content\/uploads\/2017\/11\/Noray-Nakis.jpg 912w\" sizes=\"auto, (max-width: 300px) 100vw, 300px\" \/><\/a>El dirigente del Rojo fue detenido tras realizarse 31 allanamientos en la Ciudad y en la provincia de Buenos Aires en el marco de la causa en la que se investiga los v\u00ednculos de dirigentes con el barrabrava \u00abBebote\u00bb \u00c1lvarez.<\/em><\/p>\n<p>El vicepresidente segundo de Independiente, Noray Nakis, fue detenido esta madrugada acusado de integrar una \u00abasociaci\u00f3n il\u00edcita\u00bb presuntamente liderada por el barrabrava Pablo \u00abBebote\u00bb \u00c1lvarez.<\/p>\n<p>La detenci\u00f3n de Nakis fue ordenada por el juez de garant\u00edas de Lomas de Zamora, Gabriel Vitale, quien adem\u00e1s determin\u00f3 otras 21 detenciones, entre ellas la de \u00c1lvarez, que est\u00e1 preso desde el 27 de octubre pasado acusado de extorsionar al t\u00e9cnico de Independiente, Ariel Holan.<\/p>\n<p>La denuncia fue impulsada por Juan Manuel Lugones, titular de la Agencia de Prevenci\u00f3n de la Violencia en el Deporte (APreVide) y los procedimientos estuvieron a cargo de fuerzas conjuntas del ministerio de Seguridad de la provincia de Buenos Aires y la Polic\u00eda Federal.<\/p>\n<p>El dirigente fue detenido tras llevarse a cabo 31 allanamientos en la Ciudad y en la provincia de Buenos Aires en el marco de la causa en la que se investiga los v\u00ednculos de representantes del club de Avellaneda con la barra brava.<\/p>\n<p>En tanto, la investigaci\u00f3n es llevada adelante por los Agentes Fiscales de la Unidad Funcional de Instrucci\u00f3n y Juicio N\u00famero 1 del Departamento Judicial Lomas de Zamora, Viviana Giorgi y Jos\u00e9 Luis Ju\u00e1rez.<\/p>\n<p>Seg\u00fan se inform\u00f3, la fiscal encontr\u00f3 probado que personas que integran una parte de la barra de Independiente \u00abestablecieron una asociaci\u00f3n con fines delictivos, destinada principalmente a la comisi\u00f3n de hechos de violencia f\u00edsica e intimidaciones contra personas y autoridades de organismos estatales y privados encargadas de la seguridad de los eventos deportivos\u00bb.<\/p>\n<p>Asimismo se indic\u00f3 que lo realizaban \u00abcon el objeto de tomar y mantenerse al mando de la fracci\u00f3n de la hinchada para obtener beneficios econ\u00f3micos, entrega de entradas y su reventa, dinero para viajes, extorsiones a personal del cuerpo t\u00e9cnico, jugadores y dirigentes\u00bb.<\/p>\n<p>Tambi\u00e9n \u00abse han probado agresiones f\u00edsicas a las autoridades, intimidaciones a los organizadores, violencia en espacio p\u00fablico de los alrededores del estadio obteniendo r\u00e9ditos econ\u00f3micos con el manejo de parrillas y otros puestos callejeros y el cobro de dinero para estacionar en la v\u00eda p\u00fablica\u00bb.<\/p>\n<p>El juez de Garant\u00edas 8 de Lomas de Zamora, Gabriel Vitale, corrobor\u00f3 que \u00abestos grupos criminales organizados parecieran haber encontrado alg\u00fan tipo de amparo de legitimaci\u00f3n en la denominaci\u00f3n de los mismos como \u00b4Barras Bravas\u00b4 las cuales, con la excusa de un evento deportivo, vulneran la integridad f\u00edsica de las personas o la vida, ampar\u00e1ndose en la impunidad que les otorga su comisi\u00f3n en masa, y en el temor que generan en los posibles testigos\u00bb.<\/p>\n","protected":false},"excerpt":{"rendered":"<p>\u00a0\u00a0 El dirigente del Rojo fue detenido tras realizarse 31 allanamientos en la Ciudad y en la provincia de Buenos Aires en el marco de la causa en la que se investiga los v\u00ednculos de dirigentes con el barrabrava \u00abBebote\u00bb \u00c1lvarez. El vicepresidente segundo de Independiente, Noray Nakis, fue detenido esta madrugada acusado de integrar&hellip;<\/p>\n","protected":false},"author":1,"featured_media":74506,"comment_status":"open","ping_status":"open","sticky":false,"template":"","format":"standard","meta":{"footnotes":""},"categories":[22],"tags":[27904,2390,742,4449,27903,27905],"class_list":["post-74505","post","type-post","status-publish","format-standard","has-post-thumbnail","hentry","category-policiales","tag-apredvide","tag-barras","tag-detenidos","tag-independiente","tag-nora-nakis","tag-pablo-bbebote-alvarez"],"_links":{"self":[{"href":"https:\/\/www.elsindical.com.ar\/notas\/wp-json\/wp\/v2\/posts\/74505","targetHints":{"allow":["GET"]}}],"collection":[{"href":"https:\/\/www.elsindical.com.ar\/notas\/wp-json\/wp\/v2\/posts"}],"about":[{"href":"https:\/\/www.elsindical.com.ar\/notas\/wp-json\/wp\/v2\/types\/post"}],"author":[{"embeddable":true,"href":"https:\/\/www.elsindical.com.ar\/notas\/wp-json\/wp\/v2\/users\/1"}],"replies":[{"embeddable":true,"href":"https:\/\/www.elsindical.com.ar\/notas\/wp-json\/wp\/v2\/comments?post=74505"}],"version-history":[{"count":1,"href":"https:\/\/www.elsindical.com.ar\/notas\/wp-json\/wp\/v2\/posts\/74505\/revisions"}],"predecessor-version":[{"id":74507,"href":"https:\/\/www.elsindical.com.ar\/notas\/wp-json\/wp\/v2\/posts\/74505\/revisions\/74507"}],"wp:featuredmedia":[{"embeddable":true,"href":"https:\/\/www.elsindical.com.ar\/notas\/wp-json\/wp\/v2\/media\/74506"}],"wp:attachment":[{"href":"https:\/\/www.elsindical.com.ar\/notas\/wp-json\/wp\/v2\/media?parent=74505"}],"wp:term":[{"taxonomy":"category","embeddable":true,"href":"https:\/\/www.elsindical.com.ar\/notas\/wp-json\/wp\/v2\/categories?post=74505"},{"taxonomy":"post_tag","embeddable":true,"href":"https:\/\/www.elsindical.com.ar\/notas\/wp-json\/wp\/v2\/tags?post=74505"}],"curies":[{"name":"wp","href":"https:\/\/api.w.org\/{rel}","templated":true}]}}