{"id":74500,"date":"2017-11-30T02:34:26","date_gmt":"2017-11-30T05:34:26","guid":{"rendered":"http:\/\/www.elsindical.com.ar\/notas\/?p=74500"},"modified":"2017-11-30T02:34:26","modified_gmt":"2017-11-30T05:34:26","slug":"la-provincia-lanza-un-plan-para-la-urbanizacion-de-villas-en-el-conurbano","status":"publish","type":"post","link":"https:\/\/www.elsindical.com.ar\/notas\/la-provincia-lanza-un-plan-para-la-urbanizacion-de-villas-en-el-conurbano\/","title":{"rendered":"La Provincia lanza un plan para la urbanizaci\u00f3n de villas en el Conurbano"},"content":{"rendered":"<p><em>\u00a0<a href=\"http:\/\/www.elsindical.com.ar\/notas\/var\/www\/html\/notas\/wp-content\/uploads\/2013\/09\/Villa-Itat\u00ed-Acceso-Sudeste.jpg\"><img loading=\"lazy\" decoding=\"async\" class=\"alignnone size-medium wp-image-37633\" src=\"http:\/\/www.elsindical.com.ar\/notas\/var\/www\/html\/notas\/wp-content\/uploads\/2013\/09\/Villa-Itat\u00ed-Acceso-Sudeste-300x224.jpg\" alt=\"\" width=\"300\" height=\"224\" srcset=\"https:\/\/www.elsindical.com.ar\/notas\/var\/www\/html\/notas\/wp-content\/uploads\/2013\/09\/Villa-Itat\u00ed-Acceso-Sudeste-300x224.jpg 300w, https:\/\/www.elsindical.com.ar\/notas\/var\/www\/html\/notas\/wp-content\/uploads\/2013\/09\/Villa-Itat\u00ed-Acceso-Sudeste-400x300.jpg 400w, https:\/\/www.elsindical.com.ar\/notas\/var\/www\/html\/notas\/wp-content\/uploads\/2013\/09\/Villa-Itat\u00ed-Acceso-Sudeste.jpg 502w\" sizes=\"auto, (max-width: 300px) 100vw, 300px\" \/><\/a> El gobierno bonaerense tiene resuelto avanzar desde los primeros meses del a\u00f1o que viene con la urbanizaci\u00f3n de una serie de villas ubicadas en La Matanza, Quilmes, San Mart\u00edn y San Isidro.<\/em><\/p>\n<p>La mira est\u00e1 posada en siete asentamientos que involucran a 18.780 familias que viven en condiciones de pobreza y en algunos casos de indigencia, con escasos o nulos servicios.<\/p>\n<p>La idea oficial de urbanizar no s\u00f3lo contempla la dotaci\u00f3n de servicios b\u00e1sicos como agua corriente y cloacas, sino tambi\u00e9n apertura de calles y asfalto, iluminaci\u00f3n y la creaci\u00f3n de servicios educativos y clubes, adem\u00e1s de centros de salud. Tambi\u00e9n, se prev\u00e9 abrir diversas reparticiones de los gobiernos bonaerense y nacional en esos lugares. La creaci\u00f3n de destacamentos es otra de las prioridades.<\/p>\n<p>De acuerdo a lo que trascendi\u00f3 en fuentes oficiales, una de las intervenciones que se prev\u00e9 es en Quilmes. Puntualmente en la villa Itat\u00ed donde viven nada menos que 12 mil familias en poco m\u00e1s de 50 hect\u00e1reas. Otra de las villas anotada como prioridad es La Cava, en San Isidro. Unas 2.300 familias habitan en un predio de 18 hect\u00e1reas. Costa Esperanza es otro de los asentamientos en los que se prev\u00e9 intervenir. Est\u00e1 ubicado en el distrito de San Mart\u00edn.<\/p>\n<p>Otra de las villas que est\u00e1 en la hoja de ruta oficial es la San Petersburgo, en el partido de La Matanza. Est\u00e1 situada en la localidad de Ciudad Evita sobre una superficie de 4 hect\u00e1reas. All\u00ed viven 420 familias. Pero no es el \u00fanico asentamiento apuntado en el distrito m\u00e1s populoso del pa\u00eds: en las prioridades oficiales aparecen tambi\u00e9n Puerta de Hierro y 17 de Marzo.<\/p>\n<p>Algunas versiones indican que el plan oficial demandar\u00eda una inversi\u00f3n cercana a los 400 millones de d\u00f3lares que podr\u00edan ser aportados por el Banco Mundial y el BID.<\/p>\n","protected":false},"excerpt":{"rendered":"<p>\u00a0 El gobierno bonaerense tiene resuelto avanzar desde los primeros meses del a\u00f1o que viene con la urbanizaci\u00f3n de una serie de villas ubicadas en La Matanza, Quilmes, San Mart\u00edn y San Isidro. La mira est\u00e1 posada en siete asentamientos que involucran a 18.780 familias que viven en condiciones de pobreza y en algunos casos&hellip;<\/p>\n","protected":false},"author":1,"featured_media":37633,"comment_status":"open","ping_status":"open","sticky":false,"template":"","format":"standard","meta":{"footnotes":""},"categories":[13],"tags":[7790,20906,3595],"class_list":["post-74500","post","type-post","status-publish","format-standard","has-post-thumbnail","hentry","category-politica","tag-gobierno-bonaerense","tag-urbanizacion","tag-villas"],"_links":{"self":[{"href":"https:\/\/www.elsindical.com.ar\/notas\/wp-json\/wp\/v2\/posts\/74500","targetHints":{"allow":["GET"]}}],"collection":[{"href":"https:\/\/www.elsindical.com.ar\/notas\/wp-json\/wp\/v2\/posts"}],"about":[{"href":"https:\/\/www.elsindical.com.ar\/notas\/wp-json\/wp\/v2\/types\/post"}],"author":[{"embeddable":true,"href":"https:\/\/www.elsindical.com.ar\/notas\/wp-json\/wp\/v2\/users\/1"}],"replies":[{"embeddable":true,"href":"https:\/\/www.elsindical.com.ar\/notas\/wp-json\/wp\/v2\/comments?post=74500"}],"version-history":[{"count":1,"href":"https:\/\/www.elsindical.com.ar\/notas\/wp-json\/wp\/v2\/posts\/74500\/revisions"}],"predecessor-version":[{"id":74501,"href":"https:\/\/www.elsindical.com.ar\/notas\/wp-json\/wp\/v2\/posts\/74500\/revisions\/74501"}],"wp:featuredmedia":[{"embeddable":true,"href":"https:\/\/www.elsindical.com.ar\/notas\/wp-json\/wp\/v2\/media\/37633"}],"wp:attachment":[{"href":"https:\/\/www.elsindical.com.ar\/notas\/wp-json\/wp\/v2\/media?parent=74500"}],"wp:term":[{"taxonomy":"category","embeddable":true,"href":"https:\/\/www.elsindical.com.ar\/notas\/wp-json\/wp\/v2\/categories?post=74500"},{"taxonomy":"post_tag","embeddable":true,"href":"https:\/\/www.elsindical.com.ar\/notas\/wp-json\/wp\/v2\/tags?post=74500"}],"curies":[{"name":"wp","href":"https:\/\/api.w.org\/{rel}","templated":true}]}}