{"id":74327,"date":"2017-11-26T00:53:24","date_gmt":"2017-11-26T03:53:24","guid":{"rendered":"http:\/\/www.elsindical.com.ar\/notas\/?p=74327"},"modified":"2017-11-26T00:53:24","modified_gmt":"2017-11-26T03:53:24","slug":"el-pj-bonaerense-celebro-unidad-con-menendez-a-la-cabeza","status":"publish","type":"post","link":"https:\/\/www.elsindical.com.ar\/notas\/el-pj-bonaerense-celebro-unidad-con-menendez-a-la-cabeza\/","title":{"rendered":"El PJ bonaerense celebr\u00f3 unidad con Men\u00e9ndez a la cabeza"},"content":{"rendered":"<p><em>\u00a0 <a href=\"http:\/\/www.elsindical.com.ar\/notas\/var\/www\/html\/notas\/wp-content\/uploads\/2017\/11\/PJ-Bonaerense.jpg\"><img loading=\"lazy\" decoding=\"async\" class=\"alignnone size-medium wp-image-74328\" src=\"http:\/\/www.elsindical.com.ar\/notas\/var\/www\/html\/notas\/wp-content\/uploads\/2017\/11\/PJ-Bonaerense-300x179.jpg\" alt=\"\" width=\"300\" height=\"179\" srcset=\"https:\/\/www.elsindical.com.ar\/notas\/var\/www\/html\/notas\/wp-content\/uploads\/2017\/11\/PJ-Bonaerense-300x179.jpg 300w, https:\/\/www.elsindical.com.ar\/notas\/var\/www\/html\/notas\/wp-content\/uploads\/2017\/11\/PJ-Bonaerense-500x298.jpg 500w, https:\/\/www.elsindical.com.ar\/notas\/var\/www\/html\/notas\/wp-content\/uploads\/2017\/11\/PJ-Bonaerense.jpg 620w\" sizes=\"auto, (max-width: 300px) 100vw, 300px\" \/><\/a>Luego de duras negociaciones, Fernando Espinoza baj\u00f3 su candidatura y el Intendente de Merlo ser\u00e1 el titular y rotar\u00e1 con su par Fernando Gray.<\/em><\/p>\n<p>Finalmente lleg\u00f3 a un acuerdo y habr\u00e1 lista de unidad. M\u00e1s all\u00e1 de que la noticia se conoci\u00f3 hace d\u00edas, Fernando Espinoza baj\u00f3 su candidatura y aparecieron en las redes las primeras fotos de \u00abunidad\u00bb.<\/p>\n<p>El jueves, quien conducir\u00e1 el PJ provincial, Gustavo Men\u00e9ndez hab\u00eda subido a Twitter una foto con Fernando Gray- Jefe comunal de Esteban Echeverr\u00eda y quien lo suceder\u00e1 el a\u00f1o pr\u00f3ximo-. All\u00ed, el hombre de Merlo contaba que se inauguraban las redes sociales \u00ab@UnidadPJBsAs en Twitter y @UnidadPeronistaBonaerense en Facebook\u00bb.<\/p>\n<p>Quien no quer\u00eda bajarse de la disputa por el poder y pretend\u00eda renovar la presidencia del PJ bonaerense, Fernando Espinoza comparti\u00f3 una foto en su Twitter: \u00abLa unidad significa poner por delante los problemas de la gente\u00bb, escribi\u00f3 el matancero junto a un post de Facebok.<\/p>\n<p>En la publicaci\u00f3n, el ex jefe comunal de La Matanza celebr\u00f3 la unidad del peronismo \u00abpara ser la alternativa que genere un pa\u00eds con justicia social y futuro\u00bb. Adem\u00e1s, a\u00f1adi\u00f3: \u00abPusimos por delante primero a la Patria, despu\u00e9s al Movimiento y por \u00faltimo a los hombres, tal como nos ense\u00f1ara el General Per\u00f3n.\u00bb.<\/p>\n<p>Quien sorprendi\u00f3 con una se\u00f1al de apoyo a Gustavo Men\u00e9ndez fue el massista Sebasti\u00e1n Galmarini. El Senador felicit\u00f3 al Intendente por haber logrado la unidad y por encabezar la renovaci\u00f3n y en Twitter escribi\u00f3: \u00abFelicitaciones Tano! Ojal\u00e1 tengas suerte en este nuevo desaf\u00edo. Momentos dif\u00edciles para la Argentina y los justicialistas. Que sea con mucha responsabilidad, compromiso, altruismo y \u00e9xito para todos!\u00bb.<\/p>\n<p>Por su parte, el intendente de Castelli Francisco Echarren comparti\u00f3 una foto donde se lo ve junto a Espinoza y Men\u00e9ndez sonrientes acompa\u00f1ados tambi\u00e9n de Pablo Moyano. \u00abHoy se logr\u00f3 la unidad. Ahora a sumar a todo el campo popular y construir una Argentina soberana, libre y justa de verdad #Peronismo #Unidad\u00bb, escribi\u00f3.<\/p>\n","protected":false},"excerpt":{"rendered":"<p>\u00a0 Luego de duras negociaciones, Fernando Espinoza baj\u00f3 su candidatura y el Intendente de Merlo ser\u00e1 el titular y rotar\u00e1 con su par Fernando Gray. Finalmente lleg\u00f3 a un acuerdo y habr\u00e1 lista de unidad. M\u00e1s all\u00e1 de que la noticia se conoci\u00f3 hace d\u00edas, Fernando Espinoza baj\u00f3 su candidatura y aparecieron en las redes&hellip;<\/p>\n","protected":false},"author":1,"featured_media":74328,"comment_status":"open","ping_status":"open","sticky":false,"template":"","format":"standard","meta":{"footnotes":""},"categories":[13],"tags":[15014,9430,1008,27832],"class_list":["post-74327","post","type-post","status-publish","format-standard","has-post-thumbnail","hentry","category-politica","tag-fernando-espinoza","tag-fernando-gray","tag-merlo","tag-pj-bonaerense"],"_links":{"self":[{"href":"https:\/\/www.elsindical.com.ar\/notas\/wp-json\/wp\/v2\/posts\/74327","targetHints":{"allow":["GET"]}}],"collection":[{"href":"https:\/\/www.elsindical.com.ar\/notas\/wp-json\/wp\/v2\/posts"}],"about":[{"href":"https:\/\/www.elsindical.com.ar\/notas\/wp-json\/wp\/v2\/types\/post"}],"author":[{"embeddable":true,"href":"https:\/\/www.elsindical.com.ar\/notas\/wp-json\/wp\/v2\/users\/1"}],"replies":[{"embeddable":true,"href":"https:\/\/www.elsindical.com.ar\/notas\/wp-json\/wp\/v2\/comments?post=74327"}],"version-history":[{"count":1,"href":"https:\/\/www.elsindical.com.ar\/notas\/wp-json\/wp\/v2\/posts\/74327\/revisions"}],"predecessor-version":[{"id":74329,"href":"https:\/\/www.elsindical.com.ar\/notas\/wp-json\/wp\/v2\/posts\/74327\/revisions\/74329"}],"wp:featuredmedia":[{"embeddable":true,"href":"https:\/\/www.elsindical.com.ar\/notas\/wp-json\/wp\/v2\/media\/74328"}],"wp:attachment":[{"href":"https:\/\/www.elsindical.com.ar\/notas\/wp-json\/wp\/v2\/media?parent=74327"}],"wp:term":[{"taxonomy":"category","embeddable":true,"href":"https:\/\/www.elsindical.com.ar\/notas\/wp-json\/wp\/v2\/categories?post=74327"},{"taxonomy":"post_tag","embeddable":true,"href":"https:\/\/www.elsindical.com.ar\/notas\/wp-json\/wp\/v2\/tags?post=74327"}],"curies":[{"name":"wp","href":"https:\/\/api.w.org\/{rel}","templated":true}]}}