{"id":74312,"date":"2017-11-25T16:21:45","date_gmt":"2017-11-25T19:21:45","guid":{"rendered":"http:\/\/www.elsindical.com.ar\/notas\/?p=74312"},"modified":"2017-11-25T16:21:45","modified_gmt":"2017-11-25T19:21:45","slug":"urgente-comenzaron-despidos-en-el-hospital-posadas-dependiente-de-nacion","status":"publish","type":"post","link":"https:\/\/www.elsindical.com.ar\/notas\/urgente-comenzaron-despidos-en-el-hospital-posadas-dependiente-de-nacion\/","title":{"rendered":"Urgente: Comenzaron despidos en el Hospital Posadas dependiente de Naci\u00f3n"},"content":{"rendered":"<div class=\"gmail_quote\">\n<div dir=\"auto\">\n<div dir=\"auto\"><b><a href=\"http:\/\/www.elsindical.com.ar\/notas\/var\/www\/html\/notas\/wp-content\/uploads\/2012\/07\/Hospital-Alejandro-Posadas.jpg\"><img loading=\"lazy\" decoding=\"async\" class=\"alignnone size-medium wp-image-25078\" src=\"http:\/\/www.elsindical.com.ar\/notas\/var\/www\/html\/notas\/wp-content\/uploads\/2012\/07\/Hospital-Alejandro-Posadas-300x224.jpg\" alt=\"\" width=\"300\" height=\"224\" srcset=\"https:\/\/www.elsindical.com.ar\/notas\/var\/www\/html\/notas\/wp-content\/uploads\/2012\/07\/Hospital-Alejandro-Posadas-300x224.jpg 300w, https:\/\/www.elsindical.com.ar\/notas\/var\/www\/html\/notas\/wp-content\/uploads\/2012\/07\/Hospital-Alejandro-Posadas.jpg 443w\" sizes=\"auto, (max-width: 300px) 100vw, 300px\" \/><\/a>URGENTE: EL PRESIDENTE DEL GREMIO NACIONAL DE LA SALUD P\u00daBLICA FESPROSA, DR. JORGE YABKOWSKI, DENUNCI\u00d3 HOY QUE \u00abEL DR. PABLO BERTOLDI HEPBURN, DIRECTOR DEL HOSPITAL POSADAS DE MOR\u00d3N, DESPIDI\u00d3 A CUATRO PROFESIONALES DE LA SALUD EN FORMA INJUSTIFICADA. SE TRATA DE UNA REPRESALIA A LA LUCHA DE LOS ENFERMEROS QUE OBTUVIERON\u00a0 EL AVAL DE LA JUSTICIA CON UN FALLO QUE EL GOBIERNO SE NIEGA A CUMPLIR. HABR\u00cdA UNA LISTA NEGRA CON NUEVOS DESPIDOS INSTRUMENTADA POR LOS MINISTERIOS DE SALUD Y MODERNIZACI\u00d3N. PARAN EL 1\/12.<\/b><\/div>\n<div dir=\"auto\"><\/div>\n<div dir=\"auto\">El presidente la Federaci\u00f3n Sindical de Profesionales de la Salud de la Rep\u00fablica Argentina (FESPROSA), el m\u00e9dico Jorge Yabkowski, denunci\u00f3 hoy que \u00aben represalia a la exitosa lucha sindical que ya tuvo aval de la Justicia contra el intento de flexibilizaci\u00f3n laboral de Enfermer\u00eda del turno noche, comenz\u00f3 una ola de despidos injustificados en el Hospital Posadas de Mor\u00f3n, centro de salud nacional dependiente del flamante ministro de Salud de la Naci\u00f3n designado por el presidente Mauricio Macri, doctor Adolfo Rubinstein, y comandado por su director, el doctor Pablo Bertoldi Hepburn, y el director general de Recursos Humanos, doctor Juan Ignacio Leonardi\u00bb. Realizar\u00e1n un paro este viernes 1 de diciembre con marcha al Ministerio de Salud nacional.<\/div>\n<div dir=\"auto\"><\/div>\n<div dir=\"auto\">Desde la Asociaci\u00f3n de Profesionales del Hospital Posadas (APH), gremio que integra a nivel provincial la Asociaci\u00f3n Sindical de Profesionales de la Salud de la Provincia de Buenos Aires (CICOP) y a nivel nacional la FESPROSA, informaron que en las \u00faltimas horas \u00abfueron despedidos sin causa dos farmac\u00e9uticas, Paula Choque y otra profesional que se encuentra de vacaciones. Tambi\u00e9n fueron cesanteados sin causa los t\u00e9cnicos Mirta Mortarotti y Luis Acosta, todos con una antig\u00fcedad en el hospital de entre 8 y 16 a\u00f1os\u00bb.<\/div>\n<div dir=\"auto\"><\/div>\n<div dir=\"auto\">\u00abAyer vivimos una situaci\u00f3n in\u00e9dita de violencia laboral y persecuci\u00f3n sindical cuando Paula tom\u00f3 su guardia y en ese momento se la quiso retirar por la fuerza con seguridad bajo directivas de Leonardi, jefe de personal. Al negarse, se la amenaz\u00f3 con la fuerza p\u00fablica femenina pero igual se qued\u00f3 cumpliendo su trabajo en Farmacia, acompa\u00f1ada y asesorada por el gremio, y los delegados que estaban anoche trabajando\u00bb, relataron.<\/div>\n<div dir=\"auto\"><\/div>\n<div dir=\"auto\">Al respecto, el presidente de la FESPROSA explic\u00f3 que \u00abesto es en represalia a la lucha sindical que tuvo el aval de la jueza Martina Isabel Forns, del Juzgado Federal de Primera Instancia en lo Civil, Comercial y Contencioso Administrativo N\u00famero 2 de San Mart\u00edn, quien fall\u00f3 este mes a favor de los enfermeros del Hospital Posadas y contra las medidas tomadas por las autoridades, ordenando que devuelvan a los trabajadores los salarios descontados por medidas gremiales que tomaron al no ser o\u00eddos en su negativa a ampliar de 10 a 12 horas por la noche su jornada laboral\u00bb.<\/div>\n<div dir=\"auto\"><\/div>\n<div dir=\"auto\">A su vez, trascendi\u00f3 que \u00abla lista negra de profesionales abarcar\u00eda diversos servicios y en los pr\u00f3ximos d\u00edas se producir\u00edan nuevos despidos\u00bb.<\/div>\n<div dir=\"auto\"><\/div>\n<div dir=\"auto\">\u00ab\u00c9sta es la reforma laboral del gobierno aplicada antes de su sanci\u00f3n\u00bb, se\u00f1al\u00f3 Yabkowski, y dijo agreg\u00f3 que \u00abel Consejo Ejecutivo Nacional (CEN) de FESPROSA reiter\u00f3 el pedido de entrevista urgente al Dr Rubinstein, m\u00e1xima autoridad pol\u00edtica a cargo del Hospital Posadaa, exigiendo que deje sin efecto los despidos\u00bb.<\/div>\n<div dir=\"auto\"><\/div>\n<div dir=\"auto\">Con el apoyo de CICOP y FESPROSA, los trabajadores convocaron a una asamblea y acto de repudio para este martes 28 de noviembre a las 9 horas. A su vez, votaron un paro de 24 horas para este viernes 1 de diciembre, y ese d\u00eda a las 10 horas marchar\u00e1n\u00a0al Ministerio de Salud de la Naci\u00f3n\u00a0junto a CICOP,\u00a0 FESPROSA y el Movimiento por el Derecho a la Salud.<\/div>\n<div dir=\"auto\"><\/div>\n<div dir=\"auto\"><\/div>\n<div dir=\"auto\">\n<p>\u25cfENTREVISTAS &gt; Yabkowski 011.15.5121.5179\u25cf<\/p>\n<p>\u2606\u00a0Difusi\u00f3n realizada por @MarcosViancheto y equipo de @HacemosPrensa<\/p>\n<p>Cooperativa period\u00edstica de prensa y difusi\u00f3n. (+54 9) 11 5340 0973<\/p>\n<p><a title=\"Este enlace externo se abrir\u00e1 en una nueva ventana\" href=\"http:\/\/www.facebook.com\/HacemosPrensa\" target=\"_blank\" rel=\"noopener\">www.facebook.com\/HacemosPrensa<\/a><\/p>\n<p><a title=\"Este enlace externo se abrir\u00e1 en una nueva ventana\" href=\"http:\/\/www.twitter.com\/HacemosPrensa\" target=\"_blank\" rel=\"noopener\">www.twitter.com\/HacemosPrensa<\/a>\u00a0<wbr \/>@HacemosPrensa<\/p>\n<p>Blog:\u00a0<a title=\"Este enlace externo se abrir\u00e1 en una nueva ventana\" href=\"http:\/\/www.hacemosprensa.blogspot.com\/\" target=\"_blank\" rel=\"noopener\">www.hacemosprensa.blogsp<wbr \/>ot.com<\/a><\/p>\n<p>Instagram: @HacemosPrensa<\/p>\n<\/div>\n<\/div>\n<\/div>\n","protected":false},"excerpt":{"rendered":"<p>URGENTE: EL PRESIDENTE DEL GREMIO NACIONAL DE LA SALUD P\u00daBLICA FESPROSA, DR. JORGE YABKOWSKI, DENUNCI\u00d3 HOY QUE \u00abEL DR. PABLO BERTOLDI HEPBURN, DIRECTOR DEL HOSPITAL POSADAS DE MOR\u00d3N, DESPIDI\u00d3 A CUATRO PROFESIONALES DE LA SALUD EN FORMA INJUSTIFICADA. SE TRATA DE UNA REPRESALIA A LA LUCHA DE LOS ENFERMEROS QUE OBTUVIERON\u00a0 EL AVAL DE LA&hellip;<\/p>\n","protected":false},"author":1,"featured_media":25078,"comment_status":"open","ping_status":"open","sticky":false,"template":"","format":"standard","meta":{"footnotes":""},"categories":[16],"tags":[27822,291,27823,2172,1836,1932],"class_list":["post-74312","post","type-post","status-publish","format-standard","has-post-thumbnail","hentry","category-gremiales","tag-aph","tag-cicop","tag-dr-pablo-bertoldi-hepburn","tag-fesprosa","tag-hospital-posadas","tag-moron"],"_links":{"self":[{"href":"https:\/\/www.elsindical.com.ar\/notas\/wp-json\/wp\/v2\/posts\/74312","targetHints":{"allow":["GET"]}}],"collection":[{"href":"https:\/\/www.elsindical.com.ar\/notas\/wp-json\/wp\/v2\/posts"}],"about":[{"href":"https:\/\/www.elsindical.com.ar\/notas\/wp-json\/wp\/v2\/types\/post"}],"author":[{"embeddable":true,"href":"https:\/\/www.elsindical.com.ar\/notas\/wp-json\/wp\/v2\/users\/1"}],"replies":[{"embeddable":true,"href":"https:\/\/www.elsindical.com.ar\/notas\/wp-json\/wp\/v2\/comments?post=74312"}],"version-history":[{"count":1,"href":"https:\/\/www.elsindical.com.ar\/notas\/wp-json\/wp\/v2\/posts\/74312\/revisions"}],"predecessor-version":[{"id":74313,"href":"https:\/\/www.elsindical.com.ar\/notas\/wp-json\/wp\/v2\/posts\/74312\/revisions\/74313"}],"wp:featuredmedia":[{"embeddable":true,"href":"https:\/\/www.elsindical.com.ar\/notas\/wp-json\/wp\/v2\/media\/25078"}],"wp:attachment":[{"href":"https:\/\/www.elsindical.com.ar\/notas\/wp-json\/wp\/v2\/media?parent=74312"}],"wp:term":[{"taxonomy":"category","embeddable":true,"href":"https:\/\/www.elsindical.com.ar\/notas\/wp-json\/wp\/v2\/categories?post=74312"},{"taxonomy":"post_tag","embeddable":true,"href":"https:\/\/www.elsindical.com.ar\/notas\/wp-json\/wp\/v2\/tags?post=74312"}],"curies":[{"name":"wp","href":"https:\/\/api.w.org\/{rel}","templated":true}]}}