{"id":74282,"date":"2017-11-24T21:01:53","date_gmt":"2017-11-25T00:01:53","guid":{"rendered":"http:\/\/www.elsindical.com.ar\/notas\/?p=74282"},"modified":"2017-11-24T21:01:53","modified_gmt":"2017-11-25T00:01:53","slug":"empresarios-de-television-condicionan-aumento-salarial-a-cambios-en-convenio-colectivo","status":"publish","type":"post","link":"https:\/\/www.elsindical.com.ar\/notas\/empresarios-de-television-condicionan-aumento-salarial-a-cambios-en-convenio-colectivo\/","title":{"rendered":"Empresarios de televisi\u00f3n condicionan aumento salarial a cambios en convenio colectivo"},"content":{"rendered":"<p><em>\u00a0<a href=\"http:\/\/www.elsindical.com.ar\/notas\/var\/www\/html\/notas\/wp-content\/uploads\/2016\/07\/SATSAID-movilizaci\u00f3n.jpg\"><img loading=\"lazy\" decoding=\"async\" class=\"alignnone size-medium wp-image-60911\" src=\"http:\/\/www.elsindical.com.ar\/notas\/var\/www\/html\/notas\/wp-content\/uploads\/2016\/07\/SATSAID-movilizaci\u00f3n-300x176.jpg\" alt=\"\" width=\"300\" height=\"176\" srcset=\"https:\/\/www.elsindical.com.ar\/notas\/var\/www\/html\/notas\/wp-content\/uploads\/2016\/07\/SATSAID-movilizaci\u00f3n-300x176.jpg 300w, https:\/\/www.elsindical.com.ar\/notas\/var\/www\/html\/notas\/wp-content\/uploads\/2016\/07\/SATSAID-movilizaci\u00f3n-500x294.jpg 500w, https:\/\/www.elsindical.com.ar\/notas\/var\/www\/html\/notas\/wp-content\/uploads\/2016\/07\/SATSAID-movilizaci\u00f3n.jpg 620w\" sizes=\"auto, (max-width: 300px) 100vw, 300px\" \/><\/a>\u00a0 Se tensa la paritaria de los trabajadores de televisi\u00f3n: el gremio rechaz\u00f3 la nueva oferta y lanz\u00f3 un paro de 24 horas.<\/em><\/p>\n<p>El<strong> Sindicato Argentino de Televisi\u00f3n (SATSAID)<\/strong> rechaz\u00f3 este jueves la nueva propuesta salarial formulada por las c\u00e1maras ATA y CAPIT en el marco de la negociaci\u00f3n paritaria y anunci\u00f3 un nuevo paro nacional de 24 horas con movilizaci\u00f3n.<\/p>\n<p>Tras el per\u00edodo de conciliaci\u00f3n obligatoria, la patronal mejor\u00f3 la oferta pero no pudo conseguir la aceptaci\u00f3n del gremio. En la \u00faltima audiencia de negociaci\u00f3n, los empresarios ofrecieron <strong>un incremento del 23% <\/strong>en dos tramos m\u00e1s una suma 8.000 pesos.<\/p>\n<p>Pero el dato a destacar, adem\u00e1s del incremento calificado como \u00abinsufiente\u00bb por SATSAID, fue la incorporaci\u00f3n de una cl\u00e1usula para que el sindicato acepte <strong>abrir una discusi\u00f3n convencional del convenio colectivo 131\/75<\/strong> para su renovaci\u00f3n, un punto rotundamente rechazado por la conducci\u00f3n gremial.<\/p>\n<p>Desde la organizaci\u00f3n que conduce<strong> Horacio Arreceygor<\/strong> tildaron de \u00abimprocedente\u00bb la pretensi\u00f3n de condicionar la discusi\u00f3n de los salarios a la discusi\u00f3n del convenio colectivo de trabajo, \u00abpretensi\u00f3n que revela un claro signo extorsivo sobre los derechos laborales de los trabajadores\u00bb, expresaron.<\/p>\n<p>En consecuencia, el Consejo Directivo Nacional del SATSAID resolvi\u00f3 convocar a un paro de 24 horas con movilizaci\u00f3n a la sede del Ministerio de Trabajo de la Naci\u00f3n y la realizaci\u00f3n de asambleas en los puestos de trabajo durante la tarde de este viernes 24 de noviembre.<\/p>\n","protected":false},"excerpt":{"rendered":"<p>\u00a0\u00a0 Se tensa la paritaria de los trabajadores de televisi\u00f3n: el gremio rechaz\u00f3 la nueva oferta y lanz\u00f3 un paro de 24 horas. El Sindicato Argentino de Televisi\u00f3n (SATSAID) rechaz\u00f3 este jueves la nueva propuesta salarial formulada por las c\u00e1maras ATA y CAPIT en el marco de la negociaci\u00f3n paritaria y anunci\u00f3 un nuevo paro&hellip;<\/p>\n","protected":false},"author":1,"featured_media":60911,"comment_status":"open","ping_status":"open","sticky":false,"template":"","format":"standard","meta":{"footnotes":""},"categories":[16],"tags":[27808,19626,19625,1435,7741],"class_list":["post-74282","post","type-post","status-publish","format-standard","has-post-thumbnail","hentry","category-gremiales","tag-acuerdo-salarios","tag-ata","tag-capit","tag-empresarios","tag-satsaid"],"_links":{"self":[{"href":"https:\/\/www.elsindical.com.ar\/notas\/wp-json\/wp\/v2\/posts\/74282","targetHints":{"allow":["GET"]}}],"collection":[{"href":"https:\/\/www.elsindical.com.ar\/notas\/wp-json\/wp\/v2\/posts"}],"about":[{"href":"https:\/\/www.elsindical.com.ar\/notas\/wp-json\/wp\/v2\/types\/post"}],"author":[{"embeddable":true,"href":"https:\/\/www.elsindical.com.ar\/notas\/wp-json\/wp\/v2\/users\/1"}],"replies":[{"embeddable":true,"href":"https:\/\/www.elsindical.com.ar\/notas\/wp-json\/wp\/v2\/comments?post=74282"}],"version-history":[{"count":1,"href":"https:\/\/www.elsindical.com.ar\/notas\/wp-json\/wp\/v2\/posts\/74282\/revisions"}],"predecessor-version":[{"id":74283,"href":"https:\/\/www.elsindical.com.ar\/notas\/wp-json\/wp\/v2\/posts\/74282\/revisions\/74283"}],"wp:featuredmedia":[{"embeddable":true,"href":"https:\/\/www.elsindical.com.ar\/notas\/wp-json\/wp\/v2\/media\/60911"}],"wp:attachment":[{"href":"https:\/\/www.elsindical.com.ar\/notas\/wp-json\/wp\/v2\/media?parent=74282"}],"wp:term":[{"taxonomy":"category","embeddable":true,"href":"https:\/\/www.elsindical.com.ar\/notas\/wp-json\/wp\/v2\/categories?post=74282"},{"taxonomy":"post_tag","embeddable":true,"href":"https:\/\/www.elsindical.com.ar\/notas\/wp-json\/wp\/v2\/tags?post=74282"}],"curies":[{"name":"wp","href":"https:\/\/api.w.org\/{rel}","templated":true}]}}