{"id":74191,"date":"2017-11-23T10:46:36","date_gmt":"2017-11-23T13:46:36","guid":{"rendered":"http:\/\/www.elsindical.com.ar\/notas\/?p=74191"},"modified":"2017-11-23T10:46:36","modified_gmt":"2017-11-23T13:46:36","slug":"segun-una-encuesta-la-mitad-de-los-bonaerenses-no-esta-de-acuerdo-con-la-reforma-laboral","status":"publish","type":"post","link":"https:\/\/www.elsindical.com.ar\/notas\/segun-una-encuesta-la-mitad-de-los-bonaerenses-no-esta-de-acuerdo-con-la-reforma-laboral\/","title":{"rendered":"Seg\u00fan una encuesta la mitad de los bonaerenses no est\u00e1 de acuerdo con la reforma laboral"},"content":{"rendered":"<p><em>\u00a0\u00a0 <a href=\"http:\/\/www.elsindical.com.ar\/notas\/var\/www\/html\/notas\/wp-content\/uploads\/2017\/11\/encuesta-a-bonaerenses.jpg\"><img loading=\"lazy\" decoding=\"async\" class=\"alignnone size-medium wp-image-74192\" src=\"http:\/\/www.elsindical.com.ar\/notas\/var\/www\/html\/notas\/wp-content\/uploads\/2017\/11\/encuesta-a-bonaerenses-300x179.jpg\" alt=\"\" width=\"300\" height=\"179\" srcset=\"https:\/\/www.elsindical.com.ar\/notas\/var\/www\/html\/notas\/wp-content\/uploads\/2017\/11\/encuesta-a-bonaerenses-300x179.jpg 300w, https:\/\/www.elsindical.com.ar\/notas\/var\/www\/html\/notas\/wp-content\/uploads\/2017\/11\/encuesta-a-bonaerenses-500x298.jpg 500w, https:\/\/www.elsindical.com.ar\/notas\/var\/www\/html\/notas\/wp-content\/uploads\/2017\/11\/encuesta-a-bonaerenses.jpg 620w\" sizes=\"auto, (max-width: 300px) 100vw, 300px\" \/><\/a>Casi el 50% de los encuestados del conurbano bonaerense cree que las reformas fiscales, laborales y previsionales benefician en una medida mucho mayor a los grandes empresarios que a los trabajadores, los jubilados o las pymes.<\/em><\/p>\n<p>Una encuesta realizada por Analog\u00edas los primeros d\u00edas de noviembre en el Gran Buenos Aires da cuenta de que un 54% de los entrevistados considera que la reforma laboral propuesta por el gobierno va a afectarlo en su trabajo; mientras que ese porcentaje asciende a un 63% entre los m\u00e1s j\u00f3venes. Un 25,8% de los encuestados manifest\u00f3 que las reformas no lo van a afectar.<\/p>\n<p>Consultados por los detalles de la reforma laboral, la resistencia a los cambios asciende a casi el 70% de los encuestados que est\u00e1 en desacuerdo con que se modifique eventualmente la forma de computar las horas extras y un 65,3% cree que las indemnizaciones deben ser pagadas por el empleador, en lugar de constituir un fondo de seguro abonado por los propios trabajadores.<\/p>\n<p>En cuanto a la percepci\u00f3n del estado laboral actual, Analog\u00edas revel\u00f3 que un 41,5% cree que su situaci\u00f3n laboral personal empeor\u00f3 durante el \u00faltimo a\u00f1o, contra un 19,9% que afirma haber mejorado; mientras que un 34,5% cree que esta igual.<\/p>\n<p>Casi el 50% de los encuestados del conurbano bonaerense cree que las reformas fiscales, laborales y previsionales benefician en una medida mucho mayor a los grandes empresarios que a los trabajadores, los jubilados o las pymes.<\/p>\n<p>Este porcentaje se eleva a 52,5% entre los j\u00f3venes y a un 54% en los adultos de hasta 44 a\u00f1os, as\u00ed como en el segmento de estudios universitarios que llega al 55,1%; mientras que solo un 15% cree que beneficia a los trabajadores y a los jubilados, y un 18% que beneficia a todos por igual.<\/p>\n<p>La consultora Analog\u00edas realiz\u00f3 este estudio de opini\u00f3n en los 28 municipios que integran el \u00e1rea metropolitana de Buenos Aires, con 2.120 casos efectivos relevados de forma telef\u00f3nica, los d\u00edas 5, 6 y 7 de noviembre.<\/p>\n<p>Respecto a las expectativas de que llegue \u201cla lluvia de inversiones\u201d promocionada por el gobierno, un 48,4% considera que estas reformas no van a acelerar la llegada de inversiones privadas mientras que un 37% creen que s\u00ed.<\/p>\n<p>En esta variable resulta fundamental la opini\u00f3n que tienen los encuestados sobre la figura del presidente Mauricio Macri para tomar posici\u00f3n ya que el 80% de quienes esperan inversiones eval\u00faan el desempe\u00f1o del m\u00e1ximo mandatario del Ejecutivo como \u201cmuy bueno\u201d y baja progresivamente, hasta tocar un piso del 13,1% entre quienes lo consideran \u201cmuy malo\u201d.<\/p>\n","protected":false},"excerpt":{"rendered":"<p>\u00a0\u00a0 Casi el 50% de los encuestados del conurbano bonaerense cree que las reformas fiscales, laborales y previsionales benefician en una medida mucho mayor a los grandes empresarios que a los trabajadores, los jubilados o las pymes. Una encuesta realizada por Analog\u00edas los primeros d\u00edas de noviembre en el Gran Buenos Aires da cuenta de&hellip;<\/p>\n","protected":false},"author":1,"featured_media":74192,"comment_status":"open","ping_status":"open","sticky":false,"template":"","format":"standard","meta":{"footnotes":""},"categories":[25],"tags":[494,1975,27276],"class_list":["post-74191","post","type-post","status-publish","format-standard","has-post-thumbnail","hentry","category-sociedad","tag-bonaerenses","tag-encuesta","tag-reforma-laboral"],"_links":{"self":[{"href":"https:\/\/www.elsindical.com.ar\/notas\/wp-json\/wp\/v2\/posts\/74191","targetHints":{"allow":["GET"]}}],"collection":[{"href":"https:\/\/www.elsindical.com.ar\/notas\/wp-json\/wp\/v2\/posts"}],"about":[{"href":"https:\/\/www.elsindical.com.ar\/notas\/wp-json\/wp\/v2\/types\/post"}],"author":[{"embeddable":true,"href":"https:\/\/www.elsindical.com.ar\/notas\/wp-json\/wp\/v2\/users\/1"}],"replies":[{"embeddable":true,"href":"https:\/\/www.elsindical.com.ar\/notas\/wp-json\/wp\/v2\/comments?post=74191"}],"version-history":[{"count":1,"href":"https:\/\/www.elsindical.com.ar\/notas\/wp-json\/wp\/v2\/posts\/74191\/revisions"}],"predecessor-version":[{"id":74193,"href":"https:\/\/www.elsindical.com.ar\/notas\/wp-json\/wp\/v2\/posts\/74191\/revisions\/74193"}],"wp:featuredmedia":[{"embeddable":true,"href":"https:\/\/www.elsindical.com.ar\/notas\/wp-json\/wp\/v2\/media\/74192"}],"wp:attachment":[{"href":"https:\/\/www.elsindical.com.ar\/notas\/wp-json\/wp\/v2\/media?parent=74191"}],"wp:term":[{"taxonomy":"category","embeddable":true,"href":"https:\/\/www.elsindical.com.ar\/notas\/wp-json\/wp\/v2\/categories?post=74191"},{"taxonomy":"post_tag","embeddable":true,"href":"https:\/\/www.elsindical.com.ar\/notas\/wp-json\/wp\/v2\/tags?post=74191"}],"curies":[{"name":"wp","href":"https:\/\/api.w.org\/{rel}","templated":true}]}}