{"id":7418,"date":"2010-06-18T18:17:47","date_gmt":"2010-06-18T21:17:47","guid":{"rendered":"http:\/\/www.elsindical.com.ar\/notas\/?p=7418"},"modified":"2010-06-18T18:17:47","modified_gmt":"2010-06-18T21:17:47","slug":"proyecto-de-ley-para-declarar-al-utero-de-la-mujer-y-a-sus-organos-reproductivos-ambiente-protegido","status":"publish","type":"post","link":"https:\/\/www.elsindical.com.ar\/notas\/proyecto-de-ley-para-declarar-al-utero-de-la-mujer-y-a-sus-organos-reproductivos-ambiente-protegido\/","title":{"rendered":"Proyecto de Ley para declarar al \u00fatero de la mujer y a sus \u00f3rganos reproductivos, \u00abambiente protegido\u00bb"},"content":{"rendered":"<p style=\"text-align: justify;\">\u00a0 <a href=\"http:\/\/www.elsindical.com.ar\/notas\/var\/www\/html\/notas\/wp-content\/uploads\/2010\/06\/\u00f3rganos-de-la-mujer.jpg\"><img loading=\"lazy\" decoding=\"async\" class=\"alignleft size-full wp-image-7419\" title=\"\u00f3rganos-de-la-mujer\" src=\"http:\/\/www.elsindical.com.ar\/notas\/var\/www\/html\/notas\/wp-content\/uploads\/2010\/06\/\u00f3rganos-de-la-mujer.jpg\" alt=\"\" width=\"198\" height=\"193\" \/><\/a>El proyecto de Ley N\u00ba 11156-D-2010\u00a0de autor\u00eda del Dr.Cristian R.Oliva, ser\u00e1 tratado el d\u00eda 29 de junio del 2010, a continuaci\u00f3n el texto del proyecto de Ley y el mail para los que quieran enviar su apoyo o sugerencias.<\/p>\n<p style=\"text-align: justify;\">Art. 1: Decl\u00e1rase al \u00fatero de la mujer y a sus \u00f3rganos reproductivos, \u00abambiente protegido\u00bb.-<\/p>\n<p>Art. 2: Instase al Poder Ejecutivo Nacional, para que a trav\u00e9s de los organismos correspondientes, desarrolle una campa\u00f1a de prevenci\u00f3n de la integridad del \u00fatero de las mujeres y de sus \u00f3rganos reproductores, destacando su relevancia para mejorar la salud reproductiva y la de la persona por nacer, tanto antes, durante, como despu\u00e9s del embarazo.-<\/p>\n<p>Art. 3: Dicha campa\u00f1a deber\u00e1 alertar sobre pr\u00e1cticas f\u00edsicas, deportivas, laborales, sociales, alimenticias, etc, y todos los factores ex\u00f3genos, incluyendo los efectos da\u00f1inos de todo tipo de adicciones o consumo de t\u00f3xicos, que pudieren da\u00f1ar la integridad y la salud del \u00fatero de la mujer y de sus \u00f3rganos reproductivos<\/p>\n<p>Art. 4: Las medidas preventivas elaboradas, deber\u00e1n difundirse ampliamente en los lugares de trabajo, centros sanitarios, educativos, de recreaci\u00f3n y medios de comunicaci\u00f3n masiva.-<\/p>\n<p>Art. 5: De forma.-<\/p>\n<p>FUNDAMENTOS<\/p>\n<p>Se\u00f1or presidente:<\/p>\n<p>La reforma de 1994, cristaliz\u00f3 en el texto constitucional, \u00abla protecci\u00f3n integral del embarazo\u00bb (art. 75, inc. 22). Existen diversas normas que promueven el cuidado del medio ambiente en que el ser humano desarrolla su vida de relaci\u00f3n, pero no se ha prestado mucha atenci\u00f3n al hecho de que el \u00abprimer medio ambiente\u00bb del que naturalmente dispone el hombre, es el \u00ab\u00fatero de la mujer\u00bb. &#8211;<\/p>\n<p>El Decreto 1406\/98 instituy\u00f3 el D\u00eda del Ni\u00f1o por nacer, para que se celebrara el 25 de marzo de cada a\u00f1o, fecha en que la Cristiandad celebra la Anunciaci\u00f3n a la Virgen Mar\u00eda, en virtud de que el nacimiento m\u00e1s celebrado en el mundo por cristianos y no cristianos, es el del Ni\u00f1o Jes\u00fas, cuyo momento de concepci\u00f3n coincide con dicha fecha.-<\/p>\n<p>Las normas se\u00f1aladas, invitan a la reflexi\u00f3n sobre el importante papel que representa la mujer embarazada en el destino de la humanidad, el de nuestro pa\u00eds (escaso en poblaci\u00f3n) y el valor de la vida humana que porta en su seno.-<\/p>\n<p>Esta medida fue seguida en diferentes pa\u00edses con una clara tendencia en materia de derechos humanos.-<\/p>\n<p>M\u00e1s all\u00e1 de las previsiones contempladas en la normativa de salud sexual y reproductiva vigente, y con el objeto de realizar un importante avance en materia de prevenci\u00f3n obst\u00e9trica y neonatol\u00f3gica, resulta oportuno declarar al \u00fatero de la mujer y a sus \u00f3rganos reproductores, como \u00abambiente protegido\u00bb, y as\u00ed desplegar una firme campa\u00f1a para su preservaci\u00f3n y desarrollo saludable, aumentando la conciencia social sobre su importancia.-<\/p>\n<p>A pesar de que el \u00fatero femenino constituye el \u00abambiente protegido natural\u00bb para la persona por nacer durante la gestaci\u00f3n, pudiendo hablarse de una \u00abecolog\u00eda embrionaria\u00bb, \u00e9ste debe ser tambi\u00e9n un \u00abambiente protegido\u00bb desde lo externo, en el sentido de gozar de la m\u00e1xima protecci\u00f3n y cuidado frente a factores ex\u00f3genos, y que de su sana conservaci\u00f3n, depender\u00e1 principalmente el \u00e9xito en la procreaci\u00f3n humana, en la salud de la persona por nacer y en el neonato, y en la salud posterior de la madre, que tendr\u00e1 a su cargo su crianza.-<\/p>\n<p>Asimismo, dicha campa\u00f1a podr\u00e1 realizar grandes aportes a la prevenci\u00f3n de la esterilidad e infertilidad humanas, las que a menudo responden a factores ex\u00f3genos, perfectamente evitables.-<\/p>\n<p>M\u00e1s all\u00e1 de la mejora en la salud sexual, reproductiva e integral de toda mujer, la promoci\u00f3n de una mejor conciencia y la implementaci\u00f3n de acciones preventivas dirigidas a la protecci\u00f3n de su \u00fatero y de sus \u00f3rganos reproductores, coadyuvar\u00e1n a crear un ambiente m\u00e1s sano para las personas por nacer, y asegurar\u00e1 la salud integral de la mujer, antes, durante y despu\u00e9s de la procreaci\u00f3n.-<\/p>\n<p>\u00abEl libro, escrito por el neonat\u00f3logo Carlo Bellieni, y la qu\u00edmica Nadia Marchettini, explica c\u00f3mo la esterilidad es a menudo el resultado del ambiente en el que vivimos y de las cosas que comemos, criticando el falso remedio de la fecundaci\u00f3n artificial. Este texto de car\u00e1cter divulgativo afirma &#8211; con argumentos cient\u00edficos s\u00f3lidos- la certeza de que la vida es algo serio y no un paseo que se puede hacer sin reglas y sin precauciones. De hecho, si no se afronta desde los bancos de la escuela el conocimiento de la sacralidad del cuerpo humano, sus ritmos y la fragilidad de la vida humana desde la concepci\u00f3n &#8211; sostienen los autores &#8211; no se habr\u00e1 hecho nada en inter\u00e9s de las mujeres que ma\u00f1ana concebir\u00e1n. Ciertas profesiones, se explica en el libro (camioneros, peluqueros, panaderos, t\u00e9cnicos de centrales el\u00e9ctricas, lavanderas, tip\u00f3grafos&#8230;) est\u00e1n en contacto con sustancias y h\u00e1bitos que potencialmente disminuyen la fertilidad; el alcohol, las drogas y el tabaco son otros enemigos de la concepci\u00f3n que hay que mantener alejados, as\u00ed como el mercurio en el pescado o ciertos compuestos del pl\u00e1stico. Hay muchos otros enemigos de la fertilidad sobre los que nadie pone en guardia, como el ars\u00e9nico en la madera conservada y el plomo en los barnices. Pero el libro no se detiene aqu\u00ed y cuenta con gran n\u00famero de detalles los enemigos que pueden atacar al ni\u00f1o desde la concepci\u00f3n, como el smog que la mam\u00e1 respira y que puede llevar al feto sustancias t\u00f3xicas y da\u00f1inas. Adem\u00e1s, tambi\u00e9n las mam\u00e1s que estuvieron a\u00f1os antes expuestas a sustancias t\u00f3xicas pueden haberse convertido en una bomba de relojer\u00eda para s\u00ed mismas y para el feto, dado que en el embarazo, ciertas sustancias vuelven a la sangre (y de aqu\u00ed al feto) procedentes de la grasa o de los huesos de la madre. El libro vuelve a poner en el centro del embarazo la relaci\u00f3n madre &#8211; hijo, sin el cual dif\u00edcilmente se entiende que desde la concepci\u00f3n, la mam\u00e1 lleva consigo un ser que debe proteger, y que puede estar, como ella, expuesto a da\u00f1os o sustancias t\u00f3xicas &#8211; y que por lo tanto tiene unos derechos que debemos respetar -; adem\u00e1s de hablar de los riesgos de las t\u00e9cnicas manipuladoras sobre los embriones&#8230;&#8230; Para conocer los criterios para una verdadera ecolog\u00eda del embarazo, es necesario entender que estamos frente a \u00abun inquilino: un sujeto con quien se puede dialogar, que tiene un cierto sexo, un cierto temperamento, y que para \u00e9l \/ ella esta \u00abcasa\u00bb debe mantenerse limpia y en buen estado. \u00abEl primer paso \u00abecol\u00f3gico\u00bb &#8211; est\u00e1 escrito en el libro &#8211; es reconocer esto. El segundo ser\u00e1 &#8216;disfrutar&#8217; esta nueva compa\u00f1\u00eda, no como una especie de objeto que se ha creado, sino como un compa\u00f1ero de juego y un consuelo en momentos de alegr\u00eda y tristeza..El tercer paso ser\u00e1 estar atentos a salvaguardar su salud antes de su llegada y despu\u00e9s de haberse establecido\/a&#8230; No obstante, embarazo ecol\u00f3gico supone tambi\u00e9n el redescubrimiento del cuerpo femenino como fuente de bienestar y de procreaci\u00f3n. El embarazo hoy es visto tristemente como un &#8216;s\u00edrvase usted mismo&#8217; &#8211; se observa &#8211; del que se debe salir para volver a su dimensi\u00f3n social y privilegiada: conocer los ritmos de la fecundidad, los recorridos de la vida, el misterio esot\u00e9rico del cuerpo femenino.Todo esto debe ser ense\u00f1ado (quiz\u00e1s m\u00e1s por contagio que en las aulas de clase) para una real reapropiaci\u00f3n del fuero interno femenino, afirman los autores.\u00bb (Una reflexi\u00f3n sobre la ecolog\u00eda del embarazo &#8211; Zenit-ROMA, martes 21 de octubre de 2008 (ZENIT.org).- Un libro sobre el embarazo \u00e9ticamente contracorriente es \u00abUna gravidanza ecologica. L&#8217;ambiente ideale per chi vuole diventare mamma e per il bimbo non ancora nato\u00bb (\u00abUn embarazo ecol\u00f3gico. El ambiente ideal para quien quiere ser mam\u00e1 y para el ni\u00f1o no nacido\u00bb) (SEF editrice, 2008).<\/p>\n<p>\u00abAlgunos experimentos muestran que los reci\u00e9n nacidos tienen memoria funcional, un desarrollo iniciado en el per\u00edodo anterior al nacimiento. Que recuerdan sabores y olores percibidos en el \u00fatero y que estas percepciones pueden tener influencia en sus preferencias futuras. La persona por nacer tambi\u00e9n escucha los sonidos, incluyendo la voz de la madre. Los reci\u00e9n nacidos han mostrado incluso que reconocen la m\u00fasica que la madre escuchaba durante el embarazo. El ni\u00f1o no nacido promueve el tr\u00e1fico celular con la madre gestante, por lo que es necesario considerar su bienestar dentro del \u00fatero. El dolor agudo o cr\u00f3nico, o incluso el estr\u00e9s prolongado, o la permanente ingesta o respiraci\u00f3n o contacto con sustancias t\u00f3xicas o contaminantes (m\u00e1s all\u00e1 de probables efectos teratog\u00e9nicos), pueden ser peligrosos tanto para la madre, como para el feto, especialmente si tienen lugar durante el periodo cr\u00edtico del desarrollo cerebral. Los efectos negativos posibles van desde un umbral m\u00e1s bajo de dolor, hasta un incremento de los problemas relacionados con la memoria. El dolor fetal puede incluso da\u00f1ar el funcionamiento del sistema inmunol\u00f3gico del cuerpo, con implicaciones a largo plazo para las infecciones y las enfermedades autoinmunes. Los beb\u00e9s de madres estresadas se caracterizan por tener un peso m\u00e1s bajo al nacer, menor circunferencia craneal y una edad de gestaci\u00f3n menor al nacer. Hay evidencias cient\u00edficas considerables que muestran que los fetos son sensibles en el \u00fatero a diversas sensaciones: sonido, cambios de luz, tacto y presi\u00f3n, y cambios de equilibrio.\u00bb (Zenit, Roma, 01-junio-2008, \u00abNeonatal Pain: Suffering, Pain and the Risk of Brain Damage in the Fetus and Unborn\u00bb -Dolor Neonatal: Sufrimiento, Dolor y Riesgo de Da\u00f1o Cerebral en el Feto y en el No Nacido- (Springer) editado por Giuseppe Buonocore y Carlo Bellieni, Depto. pediatr\u00eda, obstetricia y medicina reproductiva-Universidad de Siena).-<\/p>\n<p>Por lo expuesto, solicito a mis pares la aprobaci\u00f3n del presente proyecto, saludos.<\/p>\n<p style=\"text-align: justify;\"><a href=\"mailto:cfmnyadolescencia@hcdn.gov.ar\">cfmnyadolescencia@hcdn.gov.ar<\/a><\/p>\n","protected":false},"excerpt":{"rendered":"<p>\u00a0 El proyecto de Ley N\u00ba 11156-D-2010\u00a0de autor\u00eda del Dr.Cristian R.Oliva, ser\u00e1 tratado el d\u00eda 29 de junio del 2010, a continuaci\u00f3n el texto del proyecto de Ley y el mail para los que quieran enviar su apoyo o sugerencias. Art. 1: Decl\u00e1rase al \u00fatero de la mujer y a sus \u00f3rganos reproductivos, \u00abambiente protegido\u00bb.-&hellip;<\/p>\n","protected":false},"author":1,"featured_media":0,"comment_status":"open","ping_status":"open","sticky":false,"template":"","format":"standard","meta":{"footnotes":""},"categories":[13],"tags":[86,3725,822,235,3727,2997,3726],"class_list":["post-7418","post","type-post","status-publish","format-standard","hentry","category-politica","tag-congreso","tag-cristian-r-oliva","tag-mail","tag-mujer","tag-organos-reproductivos","tag-proyecto-de-ley","tag-utero"],"_links":{"self":[{"href":"https:\/\/www.elsindical.com.ar\/notas\/wp-json\/wp\/v2\/posts\/7418","targetHints":{"allow":["GET"]}}],"collection":[{"href":"https:\/\/www.elsindical.com.ar\/notas\/wp-json\/wp\/v2\/posts"}],"about":[{"href":"https:\/\/www.elsindical.com.ar\/notas\/wp-json\/wp\/v2\/types\/post"}],"author":[{"embeddable":true,"href":"https:\/\/www.elsindical.com.ar\/notas\/wp-json\/wp\/v2\/users\/1"}],"replies":[{"embeddable":true,"href":"https:\/\/www.elsindical.com.ar\/notas\/wp-json\/wp\/v2\/comments?post=7418"}],"version-history":[{"count":1,"href":"https:\/\/www.elsindical.com.ar\/notas\/wp-json\/wp\/v2\/posts\/7418\/revisions"}],"predecessor-version":[{"id":7420,"href":"https:\/\/www.elsindical.com.ar\/notas\/wp-json\/wp\/v2\/posts\/7418\/revisions\/7420"}],"wp:attachment":[{"href":"https:\/\/www.elsindical.com.ar\/notas\/wp-json\/wp\/v2\/media?parent=7418"}],"wp:term":[{"taxonomy":"category","embeddable":true,"href":"https:\/\/www.elsindical.com.ar\/notas\/wp-json\/wp\/v2\/categories?post=7418"},{"taxonomy":"post_tag","embeddable":true,"href":"https:\/\/www.elsindical.com.ar\/notas\/wp-json\/wp\/v2\/tags?post=7418"}],"curies":[{"name":"wp","href":"https:\/\/api.w.org\/{rel}","templated":true}]}}