{"id":74170,"date":"2017-11-22T09:29:37","date_gmt":"2017-11-22T12:29:37","guid":{"rendered":"http:\/\/www.elsindical.com.ar\/notas\/?p=74170"},"modified":"2017-11-22T09:29:37","modified_gmt":"2017-11-22T12:29:37","slug":"la-plata-familiares-de-victimas-se-reunieron-con-conte-grand","status":"publish","type":"post","link":"https:\/\/www.elsindical.com.ar\/notas\/la-plata-familiares-de-victimas-se-reunieron-con-conte-grand\/","title":{"rendered":"La Plata: Familiares de v\u00edctimas se reunieron con Conte Grand"},"content":{"rendered":"<p><em>\u00a0 <a href=\"http:\/\/www.elsindical.com.ar\/notas\/var\/www\/html\/notas\/wp-content\/uploads\/2017\/11\/familiares-de-v\u00edctimas-reuni\u00f3n-con-Conte-Grand.jpg\"><img loading=\"lazy\" decoding=\"async\" class=\"alignnone size-medium wp-image-74171\" src=\"http:\/\/www.elsindical.com.ar\/notas\/var\/www\/html\/notas\/wp-content\/uploads\/2017\/11\/familiares-de-v\u00edctimas-reuni\u00f3n-con-Conte-Grand-300x141.jpg\" alt=\"\" width=\"300\" height=\"141\" srcset=\"https:\/\/www.elsindical.com.ar\/notas\/var\/www\/html\/notas\/wp-content\/uploads\/2017\/11\/familiares-de-v\u00edctimas-reuni\u00f3n-con-Conte-Grand-300x141.jpg 300w, https:\/\/www.elsindical.com.ar\/notas\/var\/www\/html\/notas\/wp-content\/uploads\/2017\/11\/familiares-de-v\u00edctimas-reuni\u00f3n-con-Conte-Grand-500x234.jpg 500w, https:\/\/www.elsindical.com.ar\/notas\/var\/www\/html\/notas\/wp-content\/uploads\/2017\/11\/familiares-de-v\u00edctimas-reuni\u00f3n-con-Conte-Grand.jpg 640w\" sizes=\"auto, (max-width: 300px) 100vw, 300px\" \/><\/a>\u201cYa no sabemos a d\u00f3nde ir para que nos escuchen y nos den respuestas\u201d, expres\u00f3, en una mezcla de furia y dolor, Silvana Vescovo. Ella, junto a otros familiares de v\u00edctimas, se reuni\u00f3 con el Procurador General de la Provincia, en La Plata.<\/em><\/p>\n<p>Ya hicieron marchas, con y sin cortes de calle; pegaron carteles; gritaron pidiendo justicia; difundieron el caso en redes sociales y medios; pero a\u00fan esperan. Este martes, en ese marco, familiares de v\u00edctimas se reunieron en La Plata con el procurador general de la Provincia, Julio Conte Grand.<\/p>\n<p>En septiembre, ellos mismos hab\u00edan protagonizado una protesta frente a los Tribunales de Lomas de Zamora para reclamar celeridad en las causas, pero no hubo cambios.<\/p>\n<p>Silvana Vescovo, madre de Nicol\u00e1s L\u00f3pez, el joven asesinado a la salida de un boliche de Lan\u00fas en marzo de 2015, cont\u00f3 a que \u201chace meses\u201d que no recibe informaci\u00f3n, una situaci\u00f3n similar a la de los otros familiares. \u201cEn mi caso me cambiaron de Fiscal\u00eda y nunca fui informada. Fui hasta la nueva fiscal\u00eda y la causa de mi hijo ni siquiera fue asignada. Todas las familias pasan por lo mismo y los que est\u00e1n hace m\u00e1s a\u00f1os en la lucha que yo lo saben muy bien, tanto que ya es algo normal para ellos\u201d, lament\u00f3.<\/p>\n<p>Y mientras renuevan las denuncias por las causas paradas, acudieron a La Plata para reunirse con el procurador general bonaerense. Fueron convocados los familiares de Nahuel Ayala, Romina Acu\u00f1a, Dami\u00e1n Fern\u00e1ndez, Nicol\u00e1s V\u00e1zquez y Nicol\u00e1s L\u00f3pez, entre otros. \u201cYa no sabemos a d\u00f3nde ir para que nos escuchen y nos den respuestas. Por eso surge esto de ir a La Plata ante la falta de respuestas de las autoridades que no escuchan nuestros reclamos\u201d, explic\u00f3 Vescovo.<\/p>\n","protected":false},"excerpt":{"rendered":"<p>\u00a0 \u201cYa no sabemos a d\u00f3nde ir para que nos escuchen y nos den respuestas\u201d, expres\u00f3, en una mezcla de furia y dolor, Silvana Vescovo. Ella, junto a otros familiares de v\u00edctimas, se reuni\u00f3 con el Procurador General de la Provincia, en La Plata. Ya hicieron marchas, con y sin cortes de calle; pegaron carteles;&hellip;<\/p>\n","protected":false},"author":1,"featured_media":74171,"comment_status":"open","ping_status":"open","sticky":false,"template":"","format":"standard","meta":{"footnotes":""},"categories":[25],"tags":[27192,9186,744,27788],"class_list":["post-74170","post","type-post","status-publish","format-standard","has-post-thumbnail","hentry","category-sociedad","tag-familiares-de-victimas","tag-julio-conte-grand","tag-lomas-de-zamora","tag-procurador-general-de-la-provincia-de-buenos-aires"],"_links":{"self":[{"href":"https:\/\/www.elsindical.com.ar\/notas\/wp-json\/wp\/v2\/posts\/74170","targetHints":{"allow":["GET"]}}],"collection":[{"href":"https:\/\/www.elsindical.com.ar\/notas\/wp-json\/wp\/v2\/posts"}],"about":[{"href":"https:\/\/www.elsindical.com.ar\/notas\/wp-json\/wp\/v2\/types\/post"}],"author":[{"embeddable":true,"href":"https:\/\/www.elsindical.com.ar\/notas\/wp-json\/wp\/v2\/users\/1"}],"replies":[{"embeddable":true,"href":"https:\/\/www.elsindical.com.ar\/notas\/wp-json\/wp\/v2\/comments?post=74170"}],"version-history":[{"count":1,"href":"https:\/\/www.elsindical.com.ar\/notas\/wp-json\/wp\/v2\/posts\/74170\/revisions"}],"predecessor-version":[{"id":74172,"href":"https:\/\/www.elsindical.com.ar\/notas\/wp-json\/wp\/v2\/posts\/74170\/revisions\/74172"}],"wp:featuredmedia":[{"embeddable":true,"href":"https:\/\/www.elsindical.com.ar\/notas\/wp-json\/wp\/v2\/media\/74171"}],"wp:attachment":[{"href":"https:\/\/www.elsindical.com.ar\/notas\/wp-json\/wp\/v2\/media?parent=74170"}],"wp:term":[{"taxonomy":"category","embeddable":true,"href":"https:\/\/www.elsindical.com.ar\/notas\/wp-json\/wp\/v2\/categories?post=74170"},{"taxonomy":"post_tag","embeddable":true,"href":"https:\/\/www.elsindical.com.ar\/notas\/wp-json\/wp\/v2\/tags?post=74170"}],"curies":[{"name":"wp","href":"https:\/\/api.w.org\/{rel}","templated":true}]}}