{"id":74153,"date":"2017-11-22T08:45:37","date_gmt":"2017-11-22T11:45:37","guid":{"rendered":"http:\/\/www.elsindical.com.ar\/notas\/?p=74153"},"modified":"2017-11-22T08:45:37","modified_gmt":"2017-11-22T11:45:37","slug":"volveria-a-subir-la-nafta-ahora-entre-6-y-10-por-ciento","status":"publish","type":"post","link":"https:\/\/www.elsindical.com.ar\/notas\/volveria-a-subir-la-nafta-ahora-entre-6-y-10-por-ciento\/","title":{"rendered":"Volver\u00eda a subir la nafta, ahora entre 6 y 10 por ciento"},"content":{"rendered":"<p><em><a href=\"http:\/\/www.elsindical.com.ar\/notas\/var\/www\/html\/notas\/wp-content\/uploads\/2016\/03\/cargando-nafta.jpg\"><img loading=\"lazy\" decoding=\"async\" class=\"alignnone size-medium wp-image-57820\" src=\"http:\/\/www.elsindical.com.ar\/notas\/var\/www\/html\/notas\/wp-content\/uploads\/2016\/03\/cargando-nafta-300x169.jpg\" alt=\"\" width=\"300\" height=\"169\" srcset=\"https:\/\/www.elsindical.com.ar\/notas\/var\/www\/html\/notas\/wp-content\/uploads\/2016\/03\/cargando-nafta-300x169.jpg 300w, https:\/\/www.elsindical.com.ar\/notas\/var\/www\/html\/notas\/wp-content\/uploads\/2016\/03\/cargando-nafta-500x282.jpg 500w, https:\/\/www.elsindical.com.ar\/notas\/var\/www\/html\/notas\/wp-content\/uploads\/2016\/03\/cargando-nafta.jpg 620w\" sizes=\"auto, (max-width: 300px) 100vw, 300px\" \/><\/a>\u00a0\u00a0 En octubre, el Ministerio de Energ\u00eda liber\u00f3 los precios de los combustibles y desactiv\u00f3 cualquier acuerdo interno entre el Estado y las empresas. Este mes hubo cambios en el valor de los biocombustibles, subi\u00f3 la cotizaci\u00f3n del petr\u00f3leo crudo internacional y se depreci\u00f3 el peso frente al d\u00f3lar; por ende, ser\u00eda inminente que vuelva a incrementarse entre un 6 y un 10% el precio en las estaciones de servicio.<\/em><\/p>\n<p>El \u00faltimo ajuste fue el lunes 23 de octubre, un d\u00eda despu\u00e9s de la cita electoral, cuando se confirm\u00f3 el aumento de entre el 9,5% y el 10% en el precio de venta. Luego de ese aumento, el litro de nafta s\u00faper en YPF, el m\u00e1s bajo del mercado, lleg\u00f3 a $21,71 en Capital Federal y el Gran Buenos Aires, mientras que la premium ascendi\u00f3 a $24,99.<\/p>\n<p>Fue el tercer incremento del a\u00f1o, luego de los de enero (8%) y de julio (7,2% para las naftas y 6% para el gasoil), cuando reg\u00eda el acuerdo con las empresas.<\/p>\n<p>El cuarto ser\u00e1 para mantener la paridad con los precios internacionales.\u00a0Casi tres semanas atr\u00e1s, YPF aplic\u00f3 una baja en el precio de sus naftas s\u00faper y premium de un 1,5%, a ra\u00edz de la decisi\u00f3n del gobierno de reducir el costo de los biocombustibles.<\/p>\n<p>Pero esa medida se modific\u00f3 por orden de la cartera de Energ\u00eda, a cargo de <strong>Juan Jos\u00e9 Aranguren<\/strong>, ante el reclamo presentado por las provincias azucareras y de empresas del sector por costos que no fueron contemplados. Revertir esa reducci\u00f3n podr\u00eda provocar que vuelva a aumentar aquello que hab\u00edan disminuido.<\/p>\n<p>Al borde de una nueva alza que entrar\u00eda en vigencia entre ma\u00f1ana y el viernes, la nafta s\u00faper ya subi\u00f3 hasta ahora un promedio de 18%, mientras que la premium escal\u00f3 un 20% en el mismo per\u00edodo. El gasoil tambi\u00e9n avanz\u00f3 entre el 12% y el 13%.<\/p>\n","protected":false},"excerpt":{"rendered":"<p>\u00a0\u00a0 En octubre, el Ministerio de Energ\u00eda liber\u00f3 los precios de los combustibles y desactiv\u00f3 cualquier acuerdo interno entre el Estado y las empresas. Este mes hubo cambios en el valor de los biocombustibles, subi\u00f3 la cotizaci\u00f3n del petr\u00f3leo crudo internacional y se depreci\u00f3 el peso frente al d\u00f3lar; por ende, ser\u00eda inminente que vuelva&hellip;<\/p>\n","protected":false},"author":1,"featured_media":57820,"comment_status":"open","ping_status":"open","sticky":false,"template":"","format":"standard","meta":{"footnotes":""},"categories":[9],"tags":[357,11725,22023,23525,621],"class_list":["post-74153","post","type-post","status-publish","format-standard","has-post-thumbnail","hentry","category-economia","tag-aumento","tag-combustible","tag-economia","tag-juan-jose-arangueren","tag-ypf"],"_links":{"self":[{"href":"https:\/\/www.elsindical.com.ar\/notas\/wp-json\/wp\/v2\/posts\/74153","targetHints":{"allow":["GET"]}}],"collection":[{"href":"https:\/\/www.elsindical.com.ar\/notas\/wp-json\/wp\/v2\/posts"}],"about":[{"href":"https:\/\/www.elsindical.com.ar\/notas\/wp-json\/wp\/v2\/types\/post"}],"author":[{"embeddable":true,"href":"https:\/\/www.elsindical.com.ar\/notas\/wp-json\/wp\/v2\/users\/1"}],"replies":[{"embeddable":true,"href":"https:\/\/www.elsindical.com.ar\/notas\/wp-json\/wp\/v2\/comments?post=74153"}],"version-history":[{"count":1,"href":"https:\/\/www.elsindical.com.ar\/notas\/wp-json\/wp\/v2\/posts\/74153\/revisions"}],"predecessor-version":[{"id":74154,"href":"https:\/\/www.elsindical.com.ar\/notas\/wp-json\/wp\/v2\/posts\/74153\/revisions\/74154"}],"wp:featuredmedia":[{"embeddable":true,"href":"https:\/\/www.elsindical.com.ar\/notas\/wp-json\/wp\/v2\/media\/57820"}],"wp:attachment":[{"href":"https:\/\/www.elsindical.com.ar\/notas\/wp-json\/wp\/v2\/media?parent=74153"}],"wp:term":[{"taxonomy":"category","embeddable":true,"href":"https:\/\/www.elsindical.com.ar\/notas\/wp-json\/wp\/v2\/categories?post=74153"},{"taxonomy":"post_tag","embeddable":true,"href":"https:\/\/www.elsindical.com.ar\/notas\/wp-json\/wp\/v2\/tags?post=74153"}],"curies":[{"name":"wp","href":"https:\/\/api.w.org\/{rel}","templated":true}]}}