{"id":74137,"date":"2017-11-21T14:44:27","date_gmt":"2017-11-21T17:44:27","guid":{"rendered":"http:\/\/www.elsindical.com.ar\/notas\/?p=74137"},"modified":"2017-11-21T14:44:27","modified_gmt":"2017-11-21T17:44:27","slug":"llega-a-groove-el-festival-reggae-en-el-universo","status":"publish","type":"post","link":"https:\/\/www.elsindical.com.ar\/notas\/llega-a-groove-el-festival-reggae-en-el-universo\/","title":{"rendered":"Llega a Groove el festival \u00abReggae en el Universo\u00bb"},"content":{"rendered":"<table border=\"0\" cellspacing=\"0\" cellpadding=\"0\">\n<tbody>\n<tr>\n<td class=\"stack-column\" valign=\"top\">\n<div align=\"center\"><a href=\"http:\/\/www.elsindical.com.ar\/notas\/var\/www\/html\/notas\/wp-content\/uploads\/2017\/11\/ryr-8.png\"><img loading=\"lazy\" decoding=\"async\" class=\"alignnone size-full wp-image-74097\" src=\"http:\/\/www.elsindical.com.ar\/notas\/var\/www\/html\/notas\/wp-content\/uploads\/2017\/11\/ryr-8.png\" alt=\"\" width=\"205\" height=\"102\" \/><\/a>&#8230;tres bandas y un amor&#8230;<\/div>\n<\/td>\n<\/tr>\n<\/tbody>\n<\/table>\n<table border=\"0\" cellspacing=\"0\" cellpadding=\"0\">\n<tbody>\n<tr>\n<td class=\"stack-column\" valign=\"top\">\n<div align=\"center\">\n<div>\u00abReggae en el universo\u00bb<\/div>\n<\/div>\n<\/td>\n<\/tr>\n<\/tbody>\n<\/table>\n<table border=\"0\" cellspacing=\"0\" cellpadding=\"0\">\n<tbody>\n<tr>\n<td class=\"stack-column\" valign=\"top\">\n<div>\n<div>Jueves 21 de Diciembre, 19hs.<br \/>\nGroove, Av. Santa Fe 4389, Palermo.<\/div>\n<\/div>\n<\/td>\n<\/tr>\n<\/tbody>\n<\/table>\n<table border=\"0\" cellspacing=\"0\" cellpadding=\"0\">\n<tbody>\n<tr class=\"\">\n<td class=\"stack-column\" valign=\"top\">\n<div class=\"\">\n<div>Tres grandes representantes del reggae argentino compartir\u00e1n una velada a pura vibra en el marco del festival \u00abReggae en el universo\u00bb.<\/div>\n<div><\/div>\n<div>El anuncio de la grilla se mantendr\u00e1 a\u00fan sin develar, con la premisa de una noche imperdible de conexi\u00f3n de la mano de un solo amor: el reggae.<\/div>\n<div><\/div>\n<div>El pr\u00f3ximo jueves 21 de diciembre, Groove ser\u00e1 testigo de una noche \u00fanica de m\u00fasica y uni\u00f3n, para fan\u00e1ticos, para los desprejuiciados y para los amantes del buen reggae.<\/div>\n<\/div>\n<\/td>\n<\/tr>\n<\/tbody>\n<\/table>\n<table border=\"0\" cellspacing=\"0\" cellpadding=\"0\">\n<tbody>\n<tr class=\"\">\n<td class=\"stack-column\" align=\"center\" valign=\"top\">\n<div class=\"eddie-wrapper\"><a class=\"\" title=\"Este enlace externo se abrir\u00e1 en una nueva ventana\" href=\"http:\/\/trk.news.rockyreggae.com\/pl\/c?t=ZGpf3C8e2b1TwOEi9Lx7hRiYSXZANCgaTah8opb2i4nrjw1l6htsEoQYF2MZ54QYyCg9KyUVBiiL%0A5Rq0hANmPvNDnrQuxKWMwGWRBb_1Hnw%3D\" target=\"_blank\" rel=\"noopener\">Anticipadas por Ticketek<\/a><\/div>\n<div class=\"\" align=\"center\"><a class=\"\" title=\"Este enlace externo se abrir\u00e1 en una nueva ventana\" href=\"http:\/\/trk.news.rockyreggae.com\/pl\/c?t=ZGpf3C8e2b1TwOEi9Lx7hRiYSXZANCgaTah8opb2i4nrjw1l6htsEoQYF2MZ54QYyCg9KyUVBiiL%0A5Rq0hANmPvNDnrQuxKWMwGWRBb_1Hnw%3D\" target=\"_blank\" rel=\"noopener\">http:\/\/ticketek.com.ar\/reggae-en-el-universo\/groove<\/a><\/div>\n<\/td>\n<\/tr>\n<\/tbody>\n<\/table>\n<table border=\"0\" cellspacing=\"0\" cellpadding=\"0\">\n<tbody>\n<tr>\n<td class=\"stack-column\" align=\"center\" valign=\"top\">\n<div class=\"eddie-wrapper\"><img decoding=\"async\" class=\"fluid\" src=\"http:\/\/cdn.pemres01.net\/2277\/nonpalidece--el-natty-combo-960-x-401.jpg\" alt=\"\" width=\"660\" height=\"auto\" \/><\/div>\n<\/td>\n<\/tr>\n<\/tbody>\n<\/table>\n<table border=\"0\" cellspacing=\"0\" cellpadding=\"0\">\n<tbody>\n<tr>\n<td class=\"stack-column\" valign=\"top\">\n<div><\/div>\n<\/td>\n<\/tr>\n<\/tbody>\n<\/table>\n<table border=\"0\" cellspacing=\"0\" cellpadding=\"0\">\n<tbody>\n<tr>\n<td class=\"stack-column\" valign=\"top\">\n<div>\n<div>Produce Rock&amp;Reggae<\/div>\n<\/div>\n<div>\n<div>Prensa y difusi\u00f3n<\/div>\n<div>Antonela Barchiesi<\/div>\n<div>tone@rockyreggae.com.ar<\/div>\n<div>Nicolas Becerra<\/div>\n<div>nicobecerra@rockyreggae.com.ar<\/div>\n<\/div>\n<\/td>\n<\/tr>\n<\/tbody>\n<\/table>\n","protected":false},"excerpt":{"rendered":"<p>&#8230;tres bandas y un amor&#8230; \u00abReggae en el universo\u00bb Jueves 21 de Diciembre, 19hs. Groove, Av. Santa Fe 4389, Palermo. Tres grandes representantes del reggae argentino compartir\u00e1n una velada a pura vibra en el marco del festival \u00abReggae en el universo\u00bb. El anuncio de la grilla se mantendr\u00e1 a\u00fan sin develar, con la premisa de&hellip;<\/p>\n","protected":false},"author":1,"featured_media":74097,"comment_status":"open","ping_status":"open","sticky":false,"template":"","format":"standard","meta":{"footnotes":""},"categories":[15],"tags":[13797,1337,27776,26692],"class_list":["post-74137","post","type-post","status-publish","format-standard","has-post-thumbnail","hentry","category-espectaculos","tag-groove","tag-palermo","tag-reggae","tag-rock-and-reggae"],"_links":{"self":[{"href":"https:\/\/www.elsindical.com.ar\/notas\/wp-json\/wp\/v2\/posts\/74137","targetHints":{"allow":["GET"]}}],"collection":[{"href":"https:\/\/www.elsindical.com.ar\/notas\/wp-json\/wp\/v2\/posts"}],"about":[{"href":"https:\/\/www.elsindical.com.ar\/notas\/wp-json\/wp\/v2\/types\/post"}],"author":[{"embeddable":true,"href":"https:\/\/www.elsindical.com.ar\/notas\/wp-json\/wp\/v2\/users\/1"}],"replies":[{"embeddable":true,"href":"https:\/\/www.elsindical.com.ar\/notas\/wp-json\/wp\/v2\/comments?post=74137"}],"version-history":[{"count":1,"href":"https:\/\/www.elsindical.com.ar\/notas\/wp-json\/wp\/v2\/posts\/74137\/revisions"}],"predecessor-version":[{"id":74138,"href":"https:\/\/www.elsindical.com.ar\/notas\/wp-json\/wp\/v2\/posts\/74137\/revisions\/74138"}],"wp:featuredmedia":[{"embeddable":true,"href":"https:\/\/www.elsindical.com.ar\/notas\/wp-json\/wp\/v2\/media\/74097"}],"wp:attachment":[{"href":"https:\/\/www.elsindical.com.ar\/notas\/wp-json\/wp\/v2\/media?parent=74137"}],"wp:term":[{"taxonomy":"category","embeddable":true,"href":"https:\/\/www.elsindical.com.ar\/notas\/wp-json\/wp\/v2\/categories?post=74137"},{"taxonomy":"post_tag","embeddable":true,"href":"https:\/\/www.elsindical.com.ar\/notas\/wp-json\/wp\/v2\/tags?post=74137"}],"curies":[{"name":"wp","href":"https:\/\/api.w.org\/{rel}","templated":true}]}}