{"id":7412,"date":"2010-06-18T15:41:52","date_gmt":"2010-06-18T18:41:52","guid":{"rendered":"http:\/\/www.elsindical.com.ar\/notas\/?p=7412"},"modified":"2010-06-18T15:41:52","modified_gmt":"2010-06-18T18:41:52","slug":"villa-martellicae-y-estalla-helicoptero-de-c5n","status":"publish","type":"post","link":"https:\/\/www.elsindical.com.ar\/notas\/villa-martellicae-y-estalla-helicoptero-de-c5n\/","title":{"rendered":"Villa Martelli:Cae y estalla helic\u00f3ptero de C5N"},"content":{"rendered":"<p style=\"text-align: justify;\"><em><a href=\"http:\/\/www.elsindical.com.ar\/notas\/var\/www\/html\/notas\/wp-content\/uploads\/2010\/06\/accidente-helic\u00f3ptero-C5N.jpg\"><img loading=\"lazy\" decoding=\"async\" class=\"alignleft size-medium wp-image-7413\" title=\"accidente-helic\u00f3ptero-C5N\" src=\"http:\/\/www.elsindical.com.ar\/notas\/var\/www\/html\/notas\/wp-content\/uploads\/2010\/06\/accidente-helic\u00f3ptero-C5N-300x112.jpg\" alt=\"\" width=\"300\" height=\"112\" srcset=\"https:\/\/www.elsindical.com.ar\/notas\/var\/www\/html\/notas\/wp-content\/uploads\/2010\/06\/accidente-helic\u00f3ptero-C5N-300x112.jpg 300w, https:\/\/www.elsindical.com.ar\/notas\/var\/www\/html\/notas\/wp-content\/uploads\/2010\/06\/accidente-helic\u00f3ptero-C5N.jpg 397w\" sizes=\"auto, (max-width: 300px) 100vw, 300px\" \/><\/a>El hecho ocurri\u00f3 minutos despu\u00e9s de las 9:00 de hoy la calle G\u00fcemes al 4300, a pocos metros de la avenida General Paz, en el partido de Vicente L\u00f3pez.<\/em><\/p>\n<p style=\"text-align: justify;\">Por causas que se tratan de establecer, la aeronave se precipit\u00f3 a tierra y cay\u00f3 sobre el jard\u00edn de una vivienda de esa localidad del norte del Gran Buenos Aires.<\/p>\n<p>Las v\u00edctimas fueron identificadas como Fernando Gonz\u00e1lez, camar\u00f3grafo de 25 a\u00f1os, y Enrique Miguel Vila, de 51 a\u00f1os, padre de dos hijos y piloto ambos empleados del canal de noticias privado C5N.<\/p>\n<p>\u00abCuando llegu\u00e9 era una lluvia de fuego. El sonido era incre\u00edble, se sent\u00eda como que se ca\u00eda en cualquier momento. Es re de pel\u00edcula ver que un helic\u00f3ptero cae a trav\u00e9s de una ventana\u00bb, dijo Diego Montesano, testigo del hecho.<\/p>\n<p style=\"text-align: justify;\">Palabras de Daniel Hada due\u00f1o de C5N en el lugar<\/p>\n<p style=\"text-align: justify;\">El responsable del canal de noticias C5N, Daniel Hadad, calific\u00f3 este mediod\u00eda como una \u00abtragedia\u00bb el accidente en el que dos trabajadores del medio murieron al caer el helic\u00f3ptero en el cual volaban, y asegur\u00f3 que a\u00fan desconoce la causa del hecho.<\/p>\n<p>\u00abA esta altura escuche cinco versiones distintas\u00bb sobre el accidente dijo el empresario, quien se mostr\u00f3 sorprendido ya que \u00abel helic\u00f3ptero es uno de los m\u00e1s seguros, con dos turbinas, y si una falla funciona la otra\u00bb.<\/p>\n<p>\u00abEs devastador, Fernando&#8230; 25 a\u00f1os, y Enrique, tiene dos chiquitos, es una tragedia\u00bb, sostuvo Hadad sobre las dos v\u00edctimas.<\/p>\n<p>Hadad se mostr\u00f3 \u00abschokeado\u00bb y recalc\u00f3 que \u00aba esta altura saber que pas\u00f3 es un detalle, lo terrible es que hay dos personas que no est\u00e1n con nosotros\u00bb.<\/p>\n<p>Seg\u00fan estim\u00f3 al ver que el helic\u00f3ptero cay\u00f3 en el patio delantero de la casa, \u00abse nota que el piloto hizo lo posible para<br \/>\nno caer donde hay gente\u00bb.<\/p>\n<p>\u00abHoy es un d\u00eda de luto\u00bb, se\u00f1al\u00f3 Hadad.<\/p>\n","protected":false},"excerpt":{"rendered":"<p>El hecho ocurri\u00f3 minutos despu\u00e9s de las 9:00 de hoy la calle G\u00fcemes al 4300, a pocos metros de la avenida General Paz, en el partido de Vicente L\u00f3pez. Por causas que se tratan de establecer, la aeronave se precipit\u00f3 a tierra y cay\u00f3 sobre el jard\u00edn de una vivienda de esa localidad del norte&hellip;<\/p>\n","protected":false},"author":1,"featured_media":0,"comment_status":"open","ping_status":"open","sticky":false,"template":"","format":"standard","meta":{"footnotes":""},"categories":[22],"tags":[990,3720,3721,1206,649,3719],"class_list":["post-7412","post","type-post","status-publish","format-standard","hentry","category-policiales","tag-accidente","tag-c5n","tag-daniel-hadad","tag-helicoptero","tag-muertos","tag-villa-martelli"],"_links":{"self":[{"href":"https:\/\/www.elsindical.com.ar\/notas\/wp-json\/wp\/v2\/posts\/7412","targetHints":{"allow":["GET"]}}],"collection":[{"href":"https:\/\/www.elsindical.com.ar\/notas\/wp-json\/wp\/v2\/posts"}],"about":[{"href":"https:\/\/www.elsindical.com.ar\/notas\/wp-json\/wp\/v2\/types\/post"}],"author":[{"embeddable":true,"href":"https:\/\/www.elsindical.com.ar\/notas\/wp-json\/wp\/v2\/users\/1"}],"replies":[{"embeddable":true,"href":"https:\/\/www.elsindical.com.ar\/notas\/wp-json\/wp\/v2\/comments?post=7412"}],"version-history":[{"count":1,"href":"https:\/\/www.elsindical.com.ar\/notas\/wp-json\/wp\/v2\/posts\/7412\/revisions"}],"predecessor-version":[{"id":7414,"href":"https:\/\/www.elsindical.com.ar\/notas\/wp-json\/wp\/v2\/posts\/7412\/revisions\/7414"}],"wp:attachment":[{"href":"https:\/\/www.elsindical.com.ar\/notas\/wp-json\/wp\/v2\/media?parent=7412"}],"wp:term":[{"taxonomy":"category","embeddable":true,"href":"https:\/\/www.elsindical.com.ar\/notas\/wp-json\/wp\/v2\/categories?post=7412"},{"taxonomy":"post_tag","embeddable":true,"href":"https:\/\/www.elsindical.com.ar\/notas\/wp-json\/wp\/v2\/tags?post=7412"}],"curies":[{"name":"wp","href":"https:\/\/api.w.org\/{rel}","templated":true}]}}