{"id":74115,"date":"2017-11-20T12:06:15","date_gmt":"2017-11-20T15:06:15","guid":{"rendered":"http:\/\/www.elsindical.com.ar\/notas\/?p=74115"},"modified":"2017-11-20T12:06:15","modified_gmt":"2017-11-20T15:06:15","slug":"confirman-que-los-intentos-de-comunicacion-no-eran-del-ara-san-juan","status":"publish","type":"post","link":"https:\/\/www.elsindical.com.ar\/notas\/confirman-que-los-intentos-de-comunicacion-no-eran-del-ara-san-juan\/","title":{"rendered":"Confirman que los intentos de comunicaci\u00f3n no eran del ARA San Juan"},"content":{"rendered":"<p><em>\u00a0<a href=\"http:\/\/www.elsindical.com.ar\/notas\/var\/www\/html\/notas\/wp-content\/uploads\/2017\/11\/vocero-de-la-Armada.jpg\"><img loading=\"lazy\" decoding=\"async\" class=\"alignnone size-medium wp-image-74116\" src=\"http:\/\/www.elsindical.com.ar\/notas\/var\/www\/html\/notas\/wp-content\/uploads\/2017\/11\/vocero-de-la-Armada-300x188.jpg\" alt=\"\" width=\"300\" height=\"188\" srcset=\"https:\/\/www.elsindical.com.ar\/notas\/var\/www\/html\/notas\/wp-content\/uploads\/2017\/11\/vocero-de-la-Armada-300x188.jpg 300w, https:\/\/www.elsindical.com.ar\/notas\/var\/www\/html\/notas\/wp-content\/uploads\/2017\/11\/vocero-de-la-Armada-480x300.jpg 480w, https:\/\/www.elsindical.com.ar\/notas\/var\/www\/html\/notas\/wp-content\/uploads\/2017\/11\/vocero-de-la-Armada.jpg 640w\" sizes=\"auto, (max-width: 300px) 100vw, 300px\" \/><\/a> El vocero de la Armada, Enrique Balbi, dijo este lunes en conferencia de prensa que contin\u00faan sin poder comunicarse con el submarino y confirm\u00f3 que los siete intentos de llamadas que recibi\u00f3 la Marina no eran de la nave perdida. El ARA San Juan report\u00f3 una aver\u00eda en las bater\u00edas antes de desaparecer.<\/em><\/p>\n<p>El vocero de la Armada, Enrique Balbi, explic\u00f3 que se investigaron 400 se\u00f1ales y no pertenecen a la nave perdida. Balbi dijo tambi\u00e9n que la meteorolog\u00eda dificulta rastrillar el \u00e1rea y el contacto visual es limitado, aunque la situaci\u00f3n mejorar\u00eda ma\u00f1ana. Participan de la b\u00fasqueda m\u00e1s de 13 buques de distintas nacionalidades y 10 aviones.<\/p>\n<p>Adem\u00e1s, asegur\u00f3 que \u00abno se descarta ninguna hip\u00f3tesis\u00bb respecto de qu\u00e9 pudo haber pasado con el submarino y explic\u00f3 que \u00e9ste se encuentra preparado para subsistir 90 d\u00edas, \u00aben condiciones normales\u00bb aunque necesita \u00absalir a la superficie a buscar ox\u00edgeno m\u00ednimo cada 3 d\u00edas\u00bb.<\/p>\n<p>La \u00faltima comunicaci\u00f3n con el submarino fue el mi\u00e9rcoles pasado cuando se encontraba a 430 km de la costa en el Golfo de San Jorge, en el Atl\u00e1ntico Sur, y se dirig\u00eda desde Ushuaia hacia Mar del Plata. Este lunes deber\u00eda haber arribado a esa ciudad.<\/p>\n<p>Report\u00f3 una aver\u00eda. La Armada tambi\u00e9n confirm\u00f3 oficialmente que el submarino ARA San Juan hab\u00eda comunicado a la base naval \u00abuna aver\u00eda\u00bb en las bater\u00edas. La informaci\u00f3n fue difundida por el capit\u00e1n de nav\u00edo Gabriel Galeazzi, vocero de la fuerza en Mar del Plata.<\/p>\n<p>\u00abEl d\u00eda mi\u00e9rcoles se inform\u00f3 este principio de aver\u00eda, por eso se cambi\u00f3 la derrota (la ruta del buque) y se lo pone rumbo a Mar del Plata\u00bb, inform\u00f3 Galeazzi.<\/p>\n<p>El inconveniente t\u00e9cnico estaba vinculado con problema en los circuitos de las bater\u00eda, las cuales hab\u00edan sido renovadas en su totalidad en 2014, cuando la unidad fue reparada por el Ministerio de Defensa.<\/p>\n<p>Las bater\u00edas son indispensables para la propulsi\u00f3n del submarino en profundidad, no as\u00ed para que la nave emerja. Las mismas se recargan en superficie, a trav\u00e9s de un generador que es impulsado especialmente por el motor del buque. Un cortocircuito en las bater\u00edas puede provocar un incendio, cuya magnitud depende de distintas circunstancias.<\/p>\n","protected":false},"excerpt":{"rendered":"<p>\u00a0 El vocero de la Armada, Enrique Balbi, dijo este lunes en conferencia de prensa que contin\u00faan sin poder comunicarse con el submarino y confirm\u00f3 que los siete intentos de llamadas que recibi\u00f3 la Marina no eran de la nave perdida. El ARA San Juan report\u00f3 una aver\u00eda en las bater\u00edas antes de desaparecer. El&hellip;<\/p>\n","protected":false},"author":1,"featured_media":74116,"comment_status":"open","ping_status":"open","sticky":false,"template":"","format":"standard","meta":{"footnotes":""},"categories":[13],"tags":[27730,14675,8665,1673,8129],"class_list":["post-74115","post","type-post","status-publish","format-standard","has-post-thumbnail","hentry","category-politica","tag-ara-san-juan","tag-armada","tag-comunicaciones","tag-mar-del-plata","tag-ministerio-de-defensa"],"_links":{"self":[{"href":"https:\/\/www.elsindical.com.ar\/notas\/wp-json\/wp\/v2\/posts\/74115","targetHints":{"allow":["GET"]}}],"collection":[{"href":"https:\/\/www.elsindical.com.ar\/notas\/wp-json\/wp\/v2\/posts"}],"about":[{"href":"https:\/\/www.elsindical.com.ar\/notas\/wp-json\/wp\/v2\/types\/post"}],"author":[{"embeddable":true,"href":"https:\/\/www.elsindical.com.ar\/notas\/wp-json\/wp\/v2\/users\/1"}],"replies":[{"embeddable":true,"href":"https:\/\/www.elsindical.com.ar\/notas\/wp-json\/wp\/v2\/comments?post=74115"}],"version-history":[{"count":1,"href":"https:\/\/www.elsindical.com.ar\/notas\/wp-json\/wp\/v2\/posts\/74115\/revisions"}],"predecessor-version":[{"id":74117,"href":"https:\/\/www.elsindical.com.ar\/notas\/wp-json\/wp\/v2\/posts\/74115\/revisions\/74117"}],"wp:featuredmedia":[{"embeddable":true,"href":"https:\/\/www.elsindical.com.ar\/notas\/wp-json\/wp\/v2\/media\/74116"}],"wp:attachment":[{"href":"https:\/\/www.elsindical.com.ar\/notas\/wp-json\/wp\/v2\/media?parent=74115"}],"wp:term":[{"taxonomy":"category","embeddable":true,"href":"https:\/\/www.elsindical.com.ar\/notas\/wp-json\/wp\/v2\/categories?post=74115"},{"taxonomy":"post_tag","embeddable":true,"href":"https:\/\/www.elsindical.com.ar\/notas\/wp-json\/wp\/v2\/tags?post=74115"}],"curies":[{"name":"wp","href":"https:\/\/api.w.org\/{rel}","templated":true}]}}