{"id":74079,"date":"2017-11-19T10:42:46","date_gmt":"2017-11-19T13:42:46","guid":{"rendered":"http:\/\/www.elsindical.com.ar\/notas\/?p=74079"},"modified":"2017-11-19T10:42:46","modified_gmt":"2017-11-19T13:42:46","slug":"carolina-scaccia-deportista-judoca-medica-y-un-ejemplo-de-vida","status":"publish","type":"post","link":"https:\/\/www.elsindical.com.ar\/notas\/carolina-scaccia-deportista-judoca-medica-y-un-ejemplo-de-vida\/","title":{"rendered":"Carolina Scaccia, deportista, judoca, m\u00e9dica y un ejemplo de vida"},"content":{"rendered":"<p><em><a href=\"http:\/\/www.elsindical.com.ar\/notas\/var\/www\/html\/notas\/wp-content\/uploads\/2017\/11\/zzzzz1.jpg\"><img loading=\"lazy\" decoding=\"async\" class=\"alignnone size-medium wp-image-74091\" src=\"http:\/\/www.elsindical.com.ar\/notas\/var\/www\/html\/notas\/wp-content\/uploads\/2017\/11\/zzzzz1-300x225.jpg\" alt=\"\" width=\"300\" height=\"225\" srcset=\"https:\/\/www.elsindical.com.ar\/notas\/var\/www\/html\/notas\/wp-content\/uploads\/2017\/11\/zzzzz1-300x225.jpg 300w, https:\/\/www.elsindical.com.ar\/notas\/var\/www\/html\/notas\/wp-content\/uploads\/2017\/11\/zzzzz1-768x576.jpg 768w, https:\/\/www.elsindical.com.ar\/notas\/var\/www\/html\/notas\/wp-content\/uploads\/2017\/11\/zzzzz1-400x300.jpg 400w, https:\/\/www.elsindical.com.ar\/notas\/var\/www\/html\/notas\/wp-content\/uploads\/2017\/11\/zzzzz1.jpg 960w\" sizes=\"auto, (max-width: 300px) 100vw, 300px\" \/><\/a>\u00a0 Carolina Scaccia , 43 a\u00f1os, es m\u00e9dica, deportista y judoca. Su vida era normal hasta que hace un a\u00f1o le detectaron un c\u00e1ncer. Con fuerza, valent\u00eda y sabidur\u00eda afront\u00f3 ese momento y la pele\u00f3. La operaron satisfactoriaamente, soport\u00f3 las sesiones de quimio y nunca se entreg\u00f3. Sigui\u00f3 con el judo y represent\u00f3 al pa\u00eds en una competencia internacional en d\u00f3nde fue abanderada. Conoc\u00e9 a esta mujer de hierro, ejemplo para todas.<\/em><\/p>\n<p>Carolina, cont\u00e1nos de d\u00f3nde sos, c\u00f3mo se compone tu familia, tu profesi\u00f3n y edad ?. Mi nombre es Carolina Ana Scaccia. Tengo 43 a\u00f1os. Soy profesora y licenciada en educaci\u00f3n f\u00edsica. A los 30 a\u00f1os comenc\u00e9 a estudiar medicina. Me recib\u00ed a los 37 y realic\u00e9 los postgrados de medicina integrativa, deportolog\u00eda (ya recibida) y nutrici\u00f3n (rindiendo los \u00faltimos finales. Actualmente realizando el postgrado de traumatolog\u00eda del deporte. Mi familia se compone de mi mam\u00e1 y mi hermano que vive en C\u00f3rdoba. Mi pap\u00e1 falleci\u00f3 el a\u00f1o pasado de una leucemia.<\/p>\n<p><a href=\"http:\/\/www.elsindical.com.ar\/notas\/var\/www\/html\/notas\/wp-content\/uploads\/2017\/11\/zzzzz2.jpg\"><img loading=\"lazy\" decoding=\"async\" class=\"alignnone size-medium wp-image-74090\" src=\"http:\/\/www.elsindical.com.ar\/notas\/var\/www\/html\/notas\/wp-content\/uploads\/2017\/11\/zzzzz2-165x300.jpg\" alt=\"\" width=\"165\" height=\"300\" srcset=\"https:\/\/www.elsindical.com.ar\/notas\/var\/www\/html\/notas\/wp-content\/uploads\/2017\/11\/zzzzz2-165x300.jpg 165w, https:\/\/www.elsindical.com.ar\/notas\/var\/www\/html\/notas\/wp-content\/uploads\/2017\/11\/zzzzz2.jpg 528w\" sizes=\"auto, (max-width: 165px) 100vw, 165px\" \/><\/a>2: Cu\u00e1ndo empezaste con el deporte y cu\u00e1les realizaste ?. Comenc\u00e9 con el deporte a los 4 a\u00f1os con danzas. Pero no me gust\u00f3. En el sal\u00f3n de al lado, mi hermano hac\u00eda judo y me enamor\u00e9 del deporte. Un a\u00f1o despu\u00e9s estaba realizando la actividad. Pas\u00e9 por todos y cada uno de los deporte. Bastaba con decirle amis viejos \u00abquiero hacer &#8230; \u00bb y alli estaba. Pas\u00e9 por tenis, pat\u00edn, nataci\u00f3n y judo durante mi infancia. Judo y nataci\u00f3n los principales. Llegando a ser tercera ene el metropolitano de judo a los 8 a\u00f1os. A los 17 empec\u00e9 el profesorado de educaci\u00f3n f\u00edsica y all\u00b4conoc\u00e9s todos los deportes, pero en esa \u00e9poca continu\u00e9 nadando (realic\u00e9 el curso d guardavidas) y pegu\u00e9 el giro hacia el gimnasio (realizando cursos de musculaci\u00f3n y levantamiento ol\u00edmpico entre otros). Actualmente realizo judo y lo complemento con musculaci\u00f3n y nataci\u00f3n.<\/p>\n<p><a href=\"http:\/\/www.elsindical.com.ar\/notas\/var\/www\/html\/notas\/wp-content\/uploads\/2017\/11\/zzzzz3.jpg\"><img loading=\"lazy\" decoding=\"async\" class=\"alignnone size-medium wp-image-74089\" src=\"http:\/\/www.elsindical.com.ar\/notas\/var\/www\/html\/notas\/wp-content\/uploads\/2017\/11\/zzzzz3-165x300.jpg\" alt=\"\" width=\"165\" height=\"300\" srcset=\"https:\/\/www.elsindical.com.ar\/notas\/var\/www\/html\/notas\/wp-content\/uploads\/2017\/11\/zzzzz3-165x300.jpg 165w, https:\/\/www.elsindical.com.ar\/notas\/var\/www\/html\/notas\/wp-content\/uploads\/2017\/11\/zzzzz3.jpg 528w\" sizes=\"auto, (max-width: 165px) 100vw, 165px\" \/><\/a>3: En cu\u00e1nto al judo, c\u00f3mo llegaste a \u00e9l, c\u00f3mo fuiste evolucionando en el mismo, a d\u00f3nde aprendiste y qu\u00e9 profesores tuviste ?. Comenc\u00e9 judo a los 5 a\u00f1os. A los 4 a\u00f1os mis viejos me anotaron en danzas y a mi hermano en judo. En danzas dur\u00e9 exactamente dos clases. Cuando ve\u00eda a mi hermano jugar en el tatami, tirarse al piso y luchar, quise pasarme al judo. Y al a\u00f1o siguiente, ya estaba anotada. Realic\u00e9 judo hasta los 13 a\u00f1os, llegando a 3er Kyu. Despu\u00e9s por cuestiones horarias abandon\u00e9. A los 38 a\u00f1os, una persona a la que quiero de coraz\u00f3n, me dijo&#8230; \u00abel que fu\u00e9 judoca, nunca deja de serlo. Se es judoca toda la vida#. No hizo falta mucho m\u00e1s que al otro d\u00eda ya estaba averiguando y a las 48 hs me estaba comprando el judogui. Por \u00e9l volv\u00ed a ser feliz en un dojo. Hubo muchos abandonos en estos a\u00f1os. Una cirug\u00eda de rodilla por rotura de cruzados en abril del 2015, volviendo en noviembre del mismo a\u00f1o. Una cirug\u00eda de miomectom\u00eda en enero de 2016, volviendo a los dos meses. En diciembre del 2016, me operaron de un c\u00e1ncer de mama y volv\u00ed a los dos meses de la cirug\u00eda. Aprend\u00ed primero en el club San Pio X, el sensei se llamaba Carlos. (No me acuerdo el apellido). En amigos de Villa Luro, tuve varios sensei, pero siempre recuerdo las clases de Yoriyuki Yamamoto. Ahora volv\u00ed al dojo del Club Vel\u00e9z Sasrfield con Leonardo Gallina y Antonio Cacho Gallina. Dos grandes! Y el mejor regreso que podr\u00eda haber tenido.<\/p>\n<p><a href=\"http:\/\/www.elsindical.com.ar\/notas\/var\/www\/html\/notas\/wp-content\/uploads\/2017\/11\/zzzzz4.jpg\"><img loading=\"lazy\" decoding=\"async\" class=\"alignnone size-medium wp-image-74088\" src=\"http:\/\/www.elsindical.com.ar\/notas\/var\/www\/html\/notas\/wp-content\/uploads\/2017\/11\/zzzzz4-165x300.jpg\" alt=\"\" width=\"165\" height=\"300\" srcset=\"https:\/\/www.elsindical.com.ar\/notas\/var\/www\/html\/notas\/wp-content\/uploads\/2017\/11\/zzzzz4-165x300.jpg 165w, https:\/\/www.elsindical.com.ar\/notas\/var\/www\/html\/notas\/wp-content\/uploads\/2017\/11\/zzzzz4.jpg 528w\" sizes=\"auto, (max-width: 165px) 100vw, 165px\" \/><\/a>4: Tuviste un serio problema m\u00e9dico y lo llevaste adelante entre otras cosas por el deporte { judo }, cont\u00e1nos de esto. En diciembre de 2016, en una mamograf\u00eda de control, detectaron unas lesiones que no eran normales. Me realizaron la biopsia y a los 15 d\u00edas ten\u00eda el diagn\u00f3stico de c\u00e1ncer de mama (adenocarcinoma microinvasivo en mama derecha). Gracias a la prevenci\u00f3n temprana, solamente tuve cuadrantectom\u00eda sin vaciamiento axilar, ganglios negativos, ganglio centinela negativo y m\u00e1rgenes de seguridad negativos. Muy buenas noticias. Debo confesar que despu\u00e9s de la cirug\u00eda lo primero que le pregunt\u00e9 al cirujano fu\u00e9 por el vaciamiento axilar, ya que si me lo realizaban el reposo era de varios meses m\u00e1s. Y quer\u00eda volver enseguida. Apenas me dieron el alta, volv\u00ed al dojo. Las primeras tres quimios, (ciclofosfamida), me daba n\u00e1useas y dolor abdominal. Pero como me las realizaba los viernes, para el martes que volv\u00eda al tatami estaba mucho mejor. Adem\u00e1s eran cada 21 d\u00edas. LA segunda parte, fueron 12 sesiones de paquitlaxel. Por tres meses. Ac\u00e1, el peor efecto adverso eran las parestesias en la manos. Dolor y pinchazos en los dedos principalmente. Esos d\u00edas que usaba pantal\u00f3n en vez que calzas porque dol\u00edan los dedos y se romp\u00edan las u\u00f1as ante el roce. Digamos que este dolor en dedos no es compatible con agarrar un judogui. Pero prefiero el dolor de agarrar el judogui. Mis randoris duraban a veces 30 segundos y deb\u00eda parar a descansar y volv\u00eda. Pero se terminaron todos. Y como mujer, lo m\u00e1s dif\u00edcil fu\u00e9 la ca\u00edda del cabello, estar pelada y despu\u00e9s con peluca no es lindo para una mujer, lo mismo que verte sin cejas ni pesta\u00f1as. sos otro rostro, otra persona. Pero en el tatami la belleza pasa a segundo plano. La peluca estuvo varias veces a punto de volar y salirse, pero era el momento que menos me importaba. En las olimp\u00edadas m\u00e9dicas, compet\u00ed tambi\u00e9n en nataci\u00f3n y gan\u00e9 tres medallas (plata en la general, oro en categor\u00eda mujeres, sal\u00ed tercera en todas las carreras mixtas y gan\u00e9 la carrera de postas. Y por primera vez en mi vida, me tir\u00e9 en paraca\u00eddas. Vol\u00e9 en Brasil y esa sensaci\u00f3n de libertad de adrenalina y de locura, es \u00fanica. El c\u00e1ncer me hizo fuerte. Me hizo libr. e. Me hizo saber lo que quiero y lo que no. Me hizo priorizarme. Me hizo quererme. Me hizo crecer. Y eso me trajo felicidad. Y en el fondo agradezco estas pruebas para ser quien quiero ser y hace lo que quiero hacer. Quiero agradecer a mi sensei y mis compa\u00f1eros de judo por la paciencia, pero por sobre todo por nunca dejarme caer ni abandonar&#8230; Aunque eso nunca estuvo en mis planes. Una vez le dije a una judoca \u00abme vas a ganar vos, no la quimio\u00bb. Nunca me gan\u00f3.<\/p>\n<p><a href=\"http:\/\/www.elsindical.com.ar\/notas\/var\/www\/html\/notas\/wp-content\/uploads\/2017\/11\/zzzzz5.jpg\"><img loading=\"lazy\" decoding=\"async\" class=\"alignnone size-medium wp-image-74087\" src=\"http:\/\/www.elsindical.com.ar\/notas\/var\/www\/html\/notas\/wp-content\/uploads\/2017\/11\/zzzzz5-165x300.jpg\" alt=\"\" width=\"165\" height=\"300\" srcset=\"https:\/\/www.elsindical.com.ar\/notas\/var\/www\/html\/notas\/wp-content\/uploads\/2017\/11\/zzzzz5-165x300.jpg 165w, https:\/\/www.elsindical.com.ar\/notas\/var\/www\/html\/notas\/wp-content\/uploads\/2017\/11\/zzzzz5.jpg 528w\" sizes=\"auto, (max-width: 165px) 100vw, 165px\" \/><\/a>5: En qu\u00e9 te ayud\u00f3 el judo para tu problema y vos que encontraste en \u00e9l ?. La mejora y bienestar fue f\u00edsico, mental, social, psicol\u00f3gico o todo junto ?. El judo me ense\u00f1o a levantarme despu\u00e9s de cada ca\u00edda. A soportar dolores que cai no sab\u00eda que exist\u00edan. Que te das cuanta que no son taaaan fuertes y que se pueden tolerar. Y seguir. ME ayud\u00f3 a dejar egos y preocupaciones afuera. El por que a mi? jam\u00e1s existi\u00f3 en el tatami. LA mejora fu\u00e9 f\u00edsica, mental, social y psicol\u00f3gica. F\u00edsica porque estoy m\u00e1s fuerte, m\u00e1s entera y ahora con un umbral de dolor un poco m\u00e1s alto. O aprend\u00ed a no quejarme de dolores tontos. Mental y psicol\u00f3gica porque me hizo m\u00e1s fuerte como persona. A no abandonar. A no dejar lo que am\u00e1s hacer. A hacerme mi tiempo para hacer lo que te hace feliz. Social porque conoc\u00ed muchos judocas que me dieron \u00e1nimo para seguir. Y te das cuenta que es un deporte \u00fanico. Respeto, honor&#8230; Vi esas palabras muchas veces&#8230; Tuve la oportunidad de trabajar en los Torneos Evita como m\u00e9dica de judo y viajar dos a\u00f1os a las olim\u00edadas m\u00e9dicas, representando a mi colegio m\u00e9dico para competir en este deporte con colegas m\u00e9dicos y judocas. Y siempre tuve los mismos sentimientos.<\/p>\n<p><a href=\"http:\/\/www.elsindical.com.ar\/notas\/var\/www\/html\/notas\/wp-content\/uploads\/2017\/11\/zzzzz6.jpg\"><img loading=\"lazy\" decoding=\"async\" class=\"alignnone size-medium wp-image-74086\" src=\"http:\/\/www.elsindical.com.ar\/notas\/var\/www\/html\/notas\/wp-content\/uploads\/2017\/11\/zzzzz6-300x169.jpg\" alt=\"\" width=\"300\" height=\"169\" srcset=\"https:\/\/www.elsindical.com.ar\/notas\/var\/www\/html\/notas\/wp-content\/uploads\/2017\/11\/zzzzz6-300x169.jpg 300w, https:\/\/www.elsindical.com.ar\/notas\/var\/www\/html\/notas\/wp-content\/uploads\/2017\/11\/zzzzz6-768x432.jpg 768w, https:\/\/www.elsindical.com.ar\/notas\/var\/www\/html\/notas\/wp-content\/uploads\/2017\/11\/zzzzz6-500x281.jpg 500w, https:\/\/www.elsindical.com.ar\/notas\/var\/www\/html\/notas\/wp-content\/uploads\/2017\/11\/zzzzz6-460x260.jpg 460w, https:\/\/www.elsindical.com.ar\/notas\/var\/www\/html\/notas\/wp-content\/uploads\/2017\/11\/zzzzz6.jpg 960w\" sizes=\"auto, (max-width: 300px) 100vw, 300px\" \/><\/a>6: Y gracias al judo pudiste viajar representando al pa\u00eds y ser la abanderada de la delegaci\u00f3n. Describ\u00ednos la experiencia con detalles. En los juegos Evita, conoc\u00ed al dr. Gustavo Matthesius, m\u00e9dico judoca. Tiempo despu\u00e9s, me convoca a llevar al judo a las olimp\u00edadas m\u00e9dicas por primera vez. Y me encant\u00f3 la idea. Viajamos el a\u00f1o pasado a la provincia de San Luis y este a\u00f1o viajamos a Foz do Iguaz\u00fa a las olimp\u00edadas m\u00e9dicas del Mercosur. M\u00e9dicos judocas de todo el pa\u00eds llevando el deporte que amamos a una competencia nacional. Fui elegida abanderada nominada por el Dr. Matthesius y aprobada por el resto de los m\u00e9dicos judocas. Fu\u00e9 un dia de competencias en manos del Dr. sensei y maestro Mario Klor. A la ma\u00f1ana con los ni\u00f1os y a la tarde con adultos. Y disfrut\u00e9 ambos momentos con todo. A la ma\u00f1ana ense\u00f1\u00e1ndoles a los chicos, a la tarde compitiendo. Pudimos hacer muchos randoris con chicos de Brasil y Paraguay. Perd\u00ed un par de combates, pero el placer de luchar es \u00fanico. Ya que fui a competir a los 15 d\u00edas de terminar la quimio, no estaba en mi mejor momento. Pero dejar, deje lo mejor de m\u00ed. El a\u00f1o que viene, si Dios quiere, viajaremos a Salta.<\/p>\n<p><a href=\"http:\/\/www.elsindical.com.ar\/notas\/var\/www\/html\/notas\/wp-content\/uploads\/2017\/11\/zzzzz7.jpg\"><img loading=\"lazy\" decoding=\"async\" class=\"alignnone size-medium wp-image-74085\" src=\"http:\/\/www.elsindical.com.ar\/notas\/var\/www\/html\/notas\/wp-content\/uploads\/2017\/11\/zzzzz7-225x300.jpg\" alt=\"\" width=\"225\" height=\"300\" srcset=\"https:\/\/www.elsindical.com.ar\/notas\/var\/www\/html\/notas\/wp-content\/uploads\/2017\/11\/zzzzz7-225x300.jpg 225w, https:\/\/www.elsindical.com.ar\/notas\/var\/www\/html\/notas\/wp-content\/uploads\/2017\/11\/zzzzz7.jpg 720w\" sizes=\"auto, (max-width: 225px) 100vw, 225px\" \/><\/a>7: Cu\u00e1l fue tu sensaci\u00f3n de estar all\u00ed sosteniendo la emblema patria ?. LA bandera Argentina es, fu\u00e9 y ser\u00e1 mi mayor tesoro. Amo mi bandera, es m\u00e1s, tengo una bandera en casa. Como deportista, representar a tu pa\u00eds es el mayor orgullo llevar tu bandera y representar a tu patria. Todos so\u00f1amos con ser abanderado en una ceremonia de apertura o clausura de un juego ol\u00edmpico. O ver tu bandera en lo m\u00e1s alto, escuchando tu himno. El a\u00f1o paado fu\u00ed escolta y ya fu\u00e9 un honor indescriptible, este a\u00f1o como abanderada me sent\u00ed plana y feliz. Fu\u00e9 el mayor orgullo que pude alcanzar. Estar en otro pa\u00eds y ser la abanderada de tu pa\u00eds, con tu deporte y con tus colegas, no tiene precio. Felicidad total. No hay palabras que puedan describirlo.<\/p>\n<p><a href=\"http:\/\/www.elsindical.com.ar\/notas\/var\/www\/html\/notas\/wp-content\/uploads\/2017\/11\/zzzzz8.jpg\"><img loading=\"lazy\" decoding=\"async\" class=\"alignnone size-medium wp-image-74084\" src=\"http:\/\/www.elsindical.com.ar\/notas\/var\/www\/html\/notas\/wp-content\/uploads\/2017\/11\/zzzzz8-165x300.jpg\" alt=\"\" width=\"165\" height=\"300\" srcset=\"https:\/\/www.elsindical.com.ar\/notas\/var\/www\/html\/notas\/wp-content\/uploads\/2017\/11\/zzzzz8-165x300.jpg 165w, https:\/\/www.elsindical.com.ar\/notas\/var\/www\/html\/notas\/wp-content\/uploads\/2017\/11\/zzzzz8.jpg 528w\" sizes=\"auto, (max-width: 165px) 100vw, 165px\" \/><\/a>8: M\u00e1s all\u00e1 de esa experiencia vas a seguir con el judo ?. Y con otros deportes ?. Cu\u00e1les ser\u00edan tus planes futuros en ellos ?. Voy a seguir con el judo hasta como me dijeron ayer \u00aba vos s\u00f3lo te sacan del deporte s\u00f3lo en pedacitos\u00bb. Mi plan futuro es rendir para primer Kyu y despu\u00e9s 1er Dan. Me encanta, como docente, el trabajo con chicos, as\u00ed que me encantar\u00eda trabajar con ellos. Le agradezco a mi sensei Leo Gallina que me deja ayudarlo en su clase de infantiles para empezar a hacerme docente en el tatami. Y despu\u00e9s llevar el judo como m\u00e9dica a poblaciones especiales como m\u00e9dica y judoca, juntando mis dos pasiones. Ahora realizo muchas horas de guardia que no me hacen feliz. Quiero dedicarme a la deportolog\u00eda y la nutrici\u00f3n. Y aunque no tenga r\u00e9dito econ\u00f3mico, quiero transmitir los valores del judo en otras poblaciones.<\/p>\n<p><a href=\"http:\/\/www.elsindical.com.ar\/notas\/var\/www\/html\/notas\/wp-content\/uploads\/2017\/11\/zzzzz9.jpg\"><img loading=\"lazy\" decoding=\"async\" class=\"alignnone size-medium wp-image-74083\" src=\"http:\/\/www.elsindical.com.ar\/notas\/var\/www\/html\/notas\/wp-content\/uploads\/2017\/11\/zzzzz9-165x300.jpg\" alt=\"\" width=\"165\" height=\"300\" srcset=\"https:\/\/www.elsindical.com.ar\/notas\/var\/www\/html\/notas\/wp-content\/uploads\/2017\/11\/zzzzz9-165x300.jpg 165w, https:\/\/www.elsindical.com.ar\/notas\/var\/www\/html\/notas\/wp-content\/uploads\/2017\/11\/zzzzz9.jpg 206w\" sizes=\"auto, (max-width: 165px) 100vw, 165px\" \/><\/a>9: Aconsejar\u00edas el judo y el deporte en general para gente que est\u00e9 pasando por un mal trance ?. Siiiii. Aconsejar\u00eda cualquier forma de deporte. Aconsejar\u00eda el movimiento. De la forma que fuera. Es el mejor antidepresivo, el mejor ansiol\u00edtico y la mejor medicina. Te despeja la cabeza de los fantasmas de la enfermedad. Te hace sentir nuevo, renovado, pleno. De hace generar endorfinas, adrenalina en vez de hormonas propias de la depresi\u00f3n. Aumenta las defensas, te cambia cuerpo y mente. Y si es judo, mucho mejor. Es entrar al tatami y olvidarte de todo. De superarte cada d\u00eda. De luchar contra tus propios miedos y dolores. Es superar resentimientos y culpas. Es ser un ser entero y pleno. Es luchar y ganar.<\/p>\n<p><a href=\"http:\/\/www.elsindical.com.ar\/notas\/var\/www\/html\/notas\/wp-content\/uploads\/2017\/11\/zzzzz10.jpg\"><img loading=\"lazy\" decoding=\"async\" class=\"alignnone size-medium wp-image-74082\" src=\"http:\/\/www.elsindical.com.ar\/notas\/var\/www\/html\/notas\/wp-content\/uploads\/2017\/11\/zzzzz10-165x300.jpg\" alt=\"\" width=\"165\" height=\"300\" srcset=\"https:\/\/www.elsindical.com.ar\/notas\/var\/www\/html\/notas\/wp-content\/uploads\/2017\/11\/zzzzz10-165x300.jpg 165w, https:\/\/www.elsindical.com.ar\/notas\/var\/www\/html\/notas\/wp-content\/uploads\/2017\/11\/zzzzz10.jpg 528w\" sizes=\"auto, (max-width: 165px) 100vw, 165px\" \/><\/a>10: Lo \u00faltimo no es pregunta, dec\u00ed libremente lo que dese\u00e9s &#8230; . Agradecer, agradecer y agradecer. A mi vieja que se banc\u00f3 todo y no siempre lo vi. Y muchas veces no te trat\u00e9 como deb\u00eda, pero es lo que pod\u00eda hacer. A mi hermano que me banc\u00f3 en todo. Y a mis sobris que me vinieron a visitar. Aunque est\u00e9n lejos, los siento cerca. A mi viejo que ya no est\u00e1, pero se que me cuida. Y me gu\u00eda y me da fuerzas. Sigo tus pasos, pa. Estar\u00e1s orgulloso de mi. A vos, a vos que hace tres a\u00f1os me hiciste volver. a vos que siempre me incentivaste a seguir y a superarme. Que te alegraste como nadie con mis logros. Gracias infinitas y totales. Esto tmb es tuyo. Gracias por estar siempre. Por la paciencia y por el aguante. Gracias por hacerme de nuevo judoca y por nuestras grandes luchas. Te quiero con el alma. A mi sensei, Leo Gallina por la paciencia, por incentivarme, por darme fuerza, por darme \u00e1nimo. Por saber que siempre pod\u00eda un poco m\u00e1s. Y por hacerme llegar a ese m\u00e1s. Y a Cacho Gallina, que me di\u00f3 una mano enorme con las olimp\u00edadas m\u00e9dicas y por estar siempre que lo necesite. Y con ellos al club V\u00e9lez Sarsfield. A mis compa\u00f1eros de dojo: Juli, Dieguito, dar\u00edo, Nico, Jorge, Benito que me bancaron siempre. A los m\u00e9dicos judocas. Gustavo Matthesius, Mario Klor, Daniel S\u00e1nchez, Jorge Aranda, Jorge Luna, Alejandro Laspiur, Beatriz Ibalo y V\u00edctor Valiente que en las olimp\u00edadas m\u00e9dicas me hicieron sentir que nada hab\u00eda pasado&#8230; Y me dieron la posibilidad de ser abanderada. A mis amigas de siempre que son lo mejor que me pudo pasar en la vida. Son \u00fanicas.<\/p>\n<p><a href=\"http:\/\/www.elsindical.com.ar\/notas\/var\/www\/html\/notas\/wp-content\/uploads\/2017\/11\/zzzzz11.jpg\"><img loading=\"lazy\" decoding=\"async\" class=\"alignnone size-medium wp-image-74081\" src=\"http:\/\/www.elsindical.com.ar\/notas\/var\/www\/html\/notas\/wp-content\/uploads\/2017\/11\/zzzzz11-169x300.jpg\" alt=\"\" width=\"169\" height=\"300\" srcset=\"https:\/\/www.elsindical.com.ar\/notas\/var\/www\/html\/notas\/wp-content\/uploads\/2017\/11\/zzzzz11-169x300.jpg 169w, https:\/\/www.elsindical.com.ar\/notas\/var\/www\/html\/notas\/wp-content\/uploads\/2017\/11\/zzzzz11.jpg 540w\" sizes=\"auto, (max-width: 169px) 100vw, 169px\" \/><\/a> <a href=\"http:\/\/www.elsindical.com.ar\/notas\/var\/www\/html\/notas\/wp-content\/uploads\/2017\/11\/zzzzz12.jpg\"><img loading=\"lazy\" decoding=\"async\" class=\"alignnone size-medium wp-image-74080\" src=\"http:\/\/www.elsindical.com.ar\/notas\/var\/www\/html\/notas\/wp-content\/uploads\/2017\/11\/zzzzz12-169x300.jpg\" alt=\"\" width=\"169\" height=\"300\" srcset=\"https:\/\/www.elsindical.com.ar\/notas\/var\/www\/html\/notas\/wp-content\/uploads\/2017\/11\/zzzzz12-169x300.jpg 169w, https:\/\/www.elsindical.com.ar\/notas\/var\/www\/html\/notas\/wp-content\/uploads\/2017\/11\/zzzzz12.jpg 540w\" sizes=\"auto, (max-width: 169px) 100vw, 169px\" \/><\/a><\/p>\n<p><strong>Fuente: <a href=\"http:\/\/gloriosasguerreras.blogspot.com.ar\/2017\/11\/carolina-scaccia-deportista-judoca.html\">Blog de Vanesa Luchetti<\/a><\/strong><\/p>\n","protected":false},"excerpt":{"rendered":"<p>\u00a0 Carolina Scaccia , 43 a\u00f1os, es m\u00e9dica, deportista y judoca. Su vida era normal hasta que hace un a\u00f1o le detectaron un c\u00e1ncer. Con fuerza, valent\u00eda y sabidur\u00eda afront\u00f3 ese momento y la pele\u00f3. La operaron satisfactoriaamente, soport\u00f3 las sesiones de quimio y nunca se entreg\u00f3. Sigui\u00f3 con el judo y represent\u00f3 al pa\u00eds&hellip;<\/p>\n","protected":false},"author":1,"featured_media":74091,"comment_status":"open","ping_status":"open","sticky":false,"template":"","format":"standard","meta":{"footnotes":""},"categories":[24],"tags":[27754,27752,20167,8433,1665,27753],"class_list":["post-74079","post","type-post","status-publish","format-standard","has-post-thumbnail","hentry","category-sociales","tag-cancer-de-mamas","tag-carolina-scaccia","tag-judo","tag-licenciada","tag-medica","tag-profesora-educacion-fisica"],"_links":{"self":[{"href":"https:\/\/www.elsindical.com.ar\/notas\/wp-json\/wp\/v2\/posts\/74079","targetHints":{"allow":["GET"]}}],"collection":[{"href":"https:\/\/www.elsindical.com.ar\/notas\/wp-json\/wp\/v2\/posts"}],"about":[{"href":"https:\/\/www.elsindical.com.ar\/notas\/wp-json\/wp\/v2\/types\/post"}],"author":[{"embeddable":true,"href":"https:\/\/www.elsindical.com.ar\/notas\/wp-json\/wp\/v2\/users\/1"}],"replies":[{"embeddable":true,"href":"https:\/\/www.elsindical.com.ar\/notas\/wp-json\/wp\/v2\/comments?post=74079"}],"version-history":[{"count":1,"href":"https:\/\/www.elsindical.com.ar\/notas\/wp-json\/wp\/v2\/posts\/74079\/revisions"}],"predecessor-version":[{"id":74092,"href":"https:\/\/www.elsindical.com.ar\/notas\/wp-json\/wp\/v2\/posts\/74079\/revisions\/74092"}],"wp:featuredmedia":[{"embeddable":true,"href":"https:\/\/www.elsindical.com.ar\/notas\/wp-json\/wp\/v2\/media\/74091"}],"wp:attachment":[{"href":"https:\/\/www.elsindical.com.ar\/notas\/wp-json\/wp\/v2\/media?parent=74079"}],"wp:term":[{"taxonomy":"category","embeddable":true,"href":"https:\/\/www.elsindical.com.ar\/notas\/wp-json\/wp\/v2\/categories?post=74079"},{"taxonomy":"post_tag","embeddable":true,"href":"https:\/\/www.elsindical.com.ar\/notas\/wp-json\/wp\/v2\/tags?post=74079"}],"curies":[{"name":"wp","href":"https:\/\/api.w.org\/{rel}","templated":true}]}}