{"id":73945,"date":"2017-11-15T09:43:22","date_gmt":"2017-11-15T12:43:22","guid":{"rendered":"http:\/\/www.elsindical.com.ar\/notas\/?p=73945"},"modified":"2017-11-15T09:43:22","modified_gmt":"2017-11-15T12:43:22","slug":"somu-capacitaron-a-90-personas-en-el-uso-de-la-boleta-unica-electronica","status":"publish","type":"post","link":"https:\/\/www.elsindical.com.ar\/notas\/somu-capacitaron-a-90-personas-en-el-uso-de-la-boleta-unica-electronica\/","title":{"rendered":"SOMU: Capacitaron a 90 personas en el uso de la boleta \u00fanica electr\u00f3nica"},"content":{"rendered":"<p><em>\u00a0<a href=\"http:\/\/www.elsindical.com.ar\/notas\/var\/www\/html\/notas\/wp-content\/uploads\/2017\/11\/capacitaci\u00f3n-SOMU-boleta-electr\u00f3nica.jpg\"><img loading=\"lazy\" decoding=\"async\" class=\"alignnone size-medium wp-image-73946\" src=\"http:\/\/www.elsindical.com.ar\/notas\/var\/www\/html\/notas\/wp-content\/uploads\/2017\/11\/capacitaci\u00f3n-SOMU-boleta-electr\u00f3nica-300x200.jpg\" alt=\"\" width=\"300\" height=\"200\" srcset=\"https:\/\/www.elsindical.com.ar\/notas\/var\/www\/html\/notas\/wp-content\/uploads\/2017\/11\/capacitaci\u00f3n-SOMU-boleta-electr\u00f3nica-300x200.jpg 300w, https:\/\/www.elsindical.com.ar\/notas\/var\/www\/html\/notas\/wp-content\/uploads\/2017\/11\/capacitaci\u00f3n-SOMU-boleta-electr\u00f3nica-449x300.jpg 449w, https:\/\/www.elsindical.com.ar\/notas\/var\/www\/html\/notas\/wp-content\/uploads\/2017\/11\/capacitaci\u00f3n-SOMU-boleta-electr\u00f3nica.jpg 620w\" sizes=\"auto, (max-width: 300px) 100vw, 300px\" \/><\/a> Fue en la Sede Central del Sindicato de Obreros Mar\u00edtimos Unidos (SOMU) Per\u00fa 1667, en donde estuvieron presentes el Delegado Normalizador, Alfredo Bertonasco, integrantes de la Junta Electoral Central, personal y delegados de las diferentes seccionales y delegaciones del gremio y personal del Ministerio de Trabajo de la Naci\u00f3n. La pr\u00f3xima capacitaci\u00f3n ser\u00e1 el 6 de diciembre y estar\u00e1 destinada a las Autoridades de Mesa.<\/em><\/p>\n<p>Los integrantes de la Junta Electoral Central, con miras a las pr\u00f3ximas elecciones que se llevar\u00e1n a cabo en el Sindicato de Obreros Mar\u00edtimos Unidos (SOMU) entre el 18 y el 22 de diciembre, organizaron un curso de capacitaci\u00f3n donde explicaron c\u00f3mo funciona la m\u00e1quina y el sistema de votaci\u00f3n mediante el uso de Boleta \u00danica Electr\u00f3nica. En ese contexto, se capacit\u00f3 a m\u00e1s de 90 personas y el t\u00e9cnico se encarg\u00f3 de ense\u00f1arle los procedimientos necesarios a cada uno de los actores que participar\u00e1n del proceso electoral.<\/p>\n<p>Participaron del curso el Delegado Normalizador, Alfredo Bertonasco, los integrantes de la Junta Electoral Central, personal del gremio, delegados de las diferentes seccionales y delegaciones del SOMU, que durante la elecci\u00f3n cumplir\u00e1n el rol de Autoridades de Mesa y agentes del Ministerio de Trabajo de la Naci\u00f3n, quienes actuar\u00e1n como veedores los d\u00edas que duren los comicios.<\/p>\n<p>Desde la intervenci\u00f3n judicial del gremio destacaron que: \u201cEste curso nos permitir\u00e1 conocer c\u00f3mo funcionan las m\u00e1quinas, c\u00f3mo es todo el proceso de votaci\u00f3n con este sistema y despejar todas las dudas que tengamos. Consideramos que es fundamental capacitar a los delegados, que fueron designados como autoridades de mesa, ellos no van a estar solos, van a estar acompa\u00f1ados por veedores del Misterio de Trabajo, que ser\u00e1n dos por mesa y por eso tambi\u00e9n est\u00e1n hoy aqu\u00ed, va a haber personal del SOMU brindando apoyo y vamos a montar un sistema de seguridad y todo lo que sea necesario para garantizar la trasparencia de este proceso\u201d.<\/p>\n<p>\u201cSabemos que la tarea de los delegados no es sencilla porque muchos han sufrido amenazas y algunos hechos de violencia que fueron sucediendo en diferentes sedes del SOMU, pero sabemos que es muy importante contar con su apoyo ya que lo que hagamos aqu\u00ed puede llegar a ser el punta pie inicial para los cambios propuestos en los modelos en los que los sindicatos eligen a sus autoridades, hacia all\u00ed apuntamos\u201d, finalizaron.<\/p>\n","protected":false},"excerpt":{"rendered":"<p>\u00a0 Fue en la Sede Central del Sindicato de Obreros Mar\u00edtimos Unidos (SOMU) Per\u00fa 1667, en donde estuvieron presentes el Delegado Normalizador, Alfredo Bertonasco, integrantes de la Junta Electoral Central, personal y delegados de las diferentes seccionales y delegaciones del gremio y personal del Ministerio de Trabajo de la Naci\u00f3n. La pr\u00f3xima capacitaci\u00f3n ser\u00e1 el&hellip;<\/p>\n","protected":false},"author":1,"featured_media":73946,"comment_status":"open","ping_status":"open","sticky":false,"template":"","format":"standard","meta":{"footnotes":""},"categories":[16],"tags":[27703,7659,3219],"class_list":["post-73945","post","type-post","status-publish","format-standard","has-post-thumbnail","hentry","category-gremiales","tag-boleta-electronica","tag-capacitacion-2","tag-somu"],"_links":{"self":[{"href":"https:\/\/www.elsindical.com.ar\/notas\/wp-json\/wp\/v2\/posts\/73945","targetHints":{"allow":["GET"]}}],"collection":[{"href":"https:\/\/www.elsindical.com.ar\/notas\/wp-json\/wp\/v2\/posts"}],"about":[{"href":"https:\/\/www.elsindical.com.ar\/notas\/wp-json\/wp\/v2\/types\/post"}],"author":[{"embeddable":true,"href":"https:\/\/www.elsindical.com.ar\/notas\/wp-json\/wp\/v2\/users\/1"}],"replies":[{"embeddable":true,"href":"https:\/\/www.elsindical.com.ar\/notas\/wp-json\/wp\/v2\/comments?post=73945"}],"version-history":[{"count":1,"href":"https:\/\/www.elsindical.com.ar\/notas\/wp-json\/wp\/v2\/posts\/73945\/revisions"}],"predecessor-version":[{"id":73947,"href":"https:\/\/www.elsindical.com.ar\/notas\/wp-json\/wp\/v2\/posts\/73945\/revisions\/73947"}],"wp:featuredmedia":[{"embeddable":true,"href":"https:\/\/www.elsindical.com.ar\/notas\/wp-json\/wp\/v2\/media\/73946"}],"wp:attachment":[{"href":"https:\/\/www.elsindical.com.ar\/notas\/wp-json\/wp\/v2\/media?parent=73945"}],"wp:term":[{"taxonomy":"category","embeddable":true,"href":"https:\/\/www.elsindical.com.ar\/notas\/wp-json\/wp\/v2\/categories?post=73945"},{"taxonomy":"post_tag","embeddable":true,"href":"https:\/\/www.elsindical.com.ar\/notas\/wp-json\/wp\/v2\/tags?post=73945"}],"curies":[{"name":"wp","href":"https:\/\/api.w.org\/{rel}","templated":true}]}}