{"id":73931,"date":"2017-11-14T10:38:29","date_gmt":"2017-11-14T13:38:29","guid":{"rendered":"http:\/\/www.elsindical.com.ar\/notas\/?p=73931"},"modified":"2017-11-14T10:38:29","modified_gmt":"2017-11-14T13:38:29","slug":"esteban-echeverria-desesperada-busqueda-de-una-chiquita-en-luis-guillon","status":"publish","type":"post","link":"https:\/\/www.elsindical.com.ar\/notas\/esteban-echeverria-desesperada-busqueda-de-una-chiquita-en-luis-guillon\/","title":{"rendered":"Esteban Echeverr\u00eda: Desesperada b\u00fasqueda de una chiquita en Luis Guill\u00f3n"},"content":{"rendered":"<p><em><a href=\"http:\/\/www.elsindical.com.ar\/notas\/var\/www\/html\/notas\/wp-content\/uploads\/2017\/11\/Martina-G\u00f3mez.jpg\"><img loading=\"lazy\" decoding=\"async\" class=\"alignnone size-medium wp-image-73932\" src=\"http:\/\/www.elsindical.com.ar\/notas\/var\/www\/html\/notas\/wp-content\/uploads\/2017\/11\/Martina-G\u00f3mez-300x141.jpg\" alt=\"\" width=\"300\" height=\"141\" srcset=\"https:\/\/www.elsindical.com.ar\/notas\/var\/www\/html\/notas\/wp-content\/uploads\/2017\/11\/Martina-G\u00f3mez-300x141.jpg 300w, https:\/\/www.elsindical.com.ar\/notas\/var\/www\/html\/notas\/wp-content\/uploads\/2017\/11\/Martina-G\u00f3mez-500x234.jpg 500w, https:\/\/www.elsindical.com.ar\/notas\/var\/www\/html\/notas\/wp-content\/uploads\/2017\/11\/Martina-G\u00f3mez.jpg 640w\" sizes=\"auto, (max-width: 300px) 100vw, 300px\" \/><\/a>\u00a0 Se llama Martina G\u00f3mez y tiene 11 a\u00f1os. Falta de su hogar desde el 8 de noviembre y su familia convoca a movilizarse ma\u00f1ana para reclamar por su aparici\u00f3n. \u201cMe met\u00ed a una villa cerca de la estaci\u00f3n de Retiro para buscarla porque me dijeron que la vieron ah\u00ed, pero no la encontr\u00e9\u201d, cont\u00f3 su pap\u00e1.<\/em><\/p>\n<p>Martina Gomez es una nena de 11 a\u00f1os que se fue de su hogar el 8 de noviembre y no volvi\u00f3. Sus familiares, junto a organizaciones sociales, convocan ma\u00f1ana a las 18:00 a una marcha frente a la fiscal\u00eda de Esteban Echeverr\u00eda para reclamar por su aparici\u00f3n.<\/p>\n<p>La movilizaci\u00f3n comenzar\u00e1 en la plaza Bartolom\u00e9 Mitre de Monte Grande y se dirigir\u00e1 a G\u00fcemes 399, donde se encuentra la UFI 2 de Echeverr\u00eda, donde est\u00e1 radicada la causa.<\/p>\n<p>En di\u00e1logo, su padre Emanuel indic\u00f3 que la semana pasada la joven huy\u00f3 de la casa en la que viv\u00eda con su madre y desde entonces no regres\u00f3, aunque vecinos de Monte Grande le dijeron a la familia que la vieron el viernes pasado en la plaza principal de esa localidad.<\/p>\n<p>La comisar\u00eda de Luis Guill\u00f3n est\u00e1 al frente de la b\u00fasqueda, pero tambi\u00e9n su pap\u00e1 realiza tareas para dar con la chiquita. \u201cMe met\u00ed a una villa cerca de la estaci\u00f3n de Retiro para buscarla porque me dijeron que la vieron ah\u00ed, pero no la encontr\u00e9\u201d, record\u00f3.<\/p>\n<p>La ni\u00f1a mide 1,5 metros, tiene pelo casta\u00f1o largo y ojos marrones. El d\u00eda que fue vista por \u00faltima vez vest\u00eda una remera gris, zapatillas bord\u00f3 y llevaba puesta una mochila.<\/p>\n<p>En caso de saber de ella, su pap\u00e1 dej\u00f3 a disposici\u00f3n su celular 1141756026.<\/p>\n","protected":false},"excerpt":{"rendered":"<p>\u00a0 Se llama Martina G\u00f3mez y tiene 11 a\u00f1os. Falta de su hogar desde el 8 de noviembre y su familia convoca a movilizarse ma\u00f1ana para reclamar por su aparici\u00f3n. \u201cMe met\u00ed a una villa cerca de la estaci\u00f3n de Retiro para buscarla porque me dijeron que la vieron ah\u00ed, pero no la encontr\u00e9\u201d, cont\u00f3&hellip;<\/p>\n","protected":false},"author":1,"featured_media":73932,"comment_status":"open","ping_status":"open","sticky":false,"template":"","format":"standard","meta":{"footnotes":""},"categories":[26],"tags":[973,1905,27698,1681,11543],"class_list":["post-73931","post","type-post","status-publish","format-standard","has-post-thumbnail","hentry","category-solidaridad","tag-desaparecida","tag-esteban-echeverria","tag-martina-gomez","tag-monte-grande","tag-ufi-2"],"_links":{"self":[{"href":"https:\/\/www.elsindical.com.ar\/notas\/wp-json\/wp\/v2\/posts\/73931","targetHints":{"allow":["GET"]}}],"collection":[{"href":"https:\/\/www.elsindical.com.ar\/notas\/wp-json\/wp\/v2\/posts"}],"about":[{"href":"https:\/\/www.elsindical.com.ar\/notas\/wp-json\/wp\/v2\/types\/post"}],"author":[{"embeddable":true,"href":"https:\/\/www.elsindical.com.ar\/notas\/wp-json\/wp\/v2\/users\/1"}],"replies":[{"embeddable":true,"href":"https:\/\/www.elsindical.com.ar\/notas\/wp-json\/wp\/v2\/comments?post=73931"}],"version-history":[{"count":1,"href":"https:\/\/www.elsindical.com.ar\/notas\/wp-json\/wp\/v2\/posts\/73931\/revisions"}],"predecessor-version":[{"id":73933,"href":"https:\/\/www.elsindical.com.ar\/notas\/wp-json\/wp\/v2\/posts\/73931\/revisions\/73933"}],"wp:featuredmedia":[{"embeddable":true,"href":"https:\/\/www.elsindical.com.ar\/notas\/wp-json\/wp\/v2\/media\/73932"}],"wp:attachment":[{"href":"https:\/\/www.elsindical.com.ar\/notas\/wp-json\/wp\/v2\/media?parent=73931"}],"wp:term":[{"taxonomy":"category","embeddable":true,"href":"https:\/\/www.elsindical.com.ar\/notas\/wp-json\/wp\/v2\/categories?post=73931"},{"taxonomy":"post_tag","embeddable":true,"href":"https:\/\/www.elsindical.com.ar\/notas\/wp-json\/wp\/v2\/tags?post=73931"}],"curies":[{"name":"wp","href":"https:\/\/api.w.org\/{rel}","templated":true}]}}