{"id":73922,"date":"2017-11-14T10:26:24","date_gmt":"2017-11-14T13:26:24","guid":{"rendered":"http:\/\/www.elsindical.com.ar\/notas\/?p=73922"},"modified":"2017-11-14T10:26:24","modified_gmt":"2017-11-14T13:26:24","slug":"tigre-denuncian-penalmente-a-padres-que-agredieron-a-una-portera-en-una-escuela-de-benavidez","status":"publish","type":"post","link":"https:\/\/www.elsindical.com.ar\/notas\/tigre-denuncian-penalmente-a-padres-que-agredieron-a-una-portera-en-una-escuela-de-benavidez\/","title":{"rendered":"Tigre: Denuncian penalmente a padres que agredieron a una portera en una escuela de Benavidez"},"content":{"rendered":"<p><em>\u00a0 <a href=\"http:\/\/www.elsindical.com.ar\/notas\/var\/www\/html\/notas\/wp-content\/uploads\/2017\/11\/escuela-primaria-de-Benav\u00eddez.jpg\"><img loading=\"lazy\" decoding=\"async\" class=\"alignnone size-medium wp-image-73923\" src=\"http:\/\/www.elsindical.com.ar\/notas\/var\/www\/html\/notas\/wp-content\/uploads\/2017\/11\/escuela-primaria-de-Benav\u00eddez-300x179.jpg\" alt=\"\" width=\"300\" height=\"179\" srcset=\"https:\/\/www.elsindical.com.ar\/notas\/var\/www\/html\/notas\/wp-content\/uploads\/2017\/11\/escuela-primaria-de-Benav\u00eddez-300x179.jpg 300w, https:\/\/www.elsindical.com.ar\/notas\/var\/www\/html\/notas\/wp-content\/uploads\/2017\/11\/escuela-primaria-de-Benav\u00eddez-500x298.jpg 500w, https:\/\/www.elsindical.com.ar\/notas\/var\/www\/html\/notas\/wp-content\/uploads\/2017\/11\/escuela-primaria-de-Benav\u00eddez.jpg 620w\" sizes=\"auto, (max-width: 300px) 100vw, 300px\" \/><\/a>Fue presentada por el jefe comunal, Julio Zamora, luego de que una auxiliar de la Escuela Primaria N\u00b0 5 fuera golpeada el viernes por una pareja. Sindicatos docentes y de estatales repudiaron la \u201csubestimaci\u00f3n\u201d del hecho por parte de autoridades educativas.<\/em><\/p>\n<p>El jefe comunal tigrense, Julio Zamora, denunci\u00f3 penalmente a una pareja que el \u00faltimo viernes golpe\u00f3 a una auxiliar de la Escuela Primaria N\u00b0 5 del Barrio El Arco de Benav\u00eddez.<\/p>\n<p>La presentaci\u00f3n judicial se realiz\u00f3 contra Marcelo Lobo y Juana Gonz\u00e1lez, padres de un alumno de la instituci\u00f3n, por las agresiones propinadas a Miriam Rivero, que se desempe\u00f1a como portera.<\/p>\n<p>Los hechos se desarrollaron en horas del mediod\u00eda, mientras Rivero cumpl\u00eda sus funciones y el edificio se encontraba cerrado. Un alumno ingres\u00f3 y la mujer le llam\u00f3 la atenci\u00f3n.<\/p>\n<p>Acto seguido -public\u00f3 Infoban- la madre del joven le reclam\u00f3 su actitud a la portera y luego volvi\u00f3 al lugar acompa\u00f1ada del padre del chico y, conjuntamente, la increparon y agredieron f\u00edsicamente, acus\u00e1ndola de haber maltratado a su hijo. Una maestra y un profesor intervinieron para separar durante la golpiza.<\/p>\n<p>Haci\u00e9ndose eco de este episodio, Zamora present\u00f3 ante la justicia una denuncia penal de la Escuela N\u00b0 5 de Benav\u00eddez y solicit\u00f3 que se aplique el art\u00edculo 74 bis de la Ley provincial Nro. 14.898, que castiga con arresto a los padres de alumnos que agreden a docentes. En este caso, podr\u00eda agravarse hasta 60 d\u00edas por la presencia del alumnado durante el ataque.<\/p>\n<p>\u201cLos hechos constituyen no s\u00f3lo una ofensa al sistema educativo, sino que tambi\u00e9n afectan a los trabajadores docentes y a toda la sociedad en su conjunto, al tratarse de conductas violentas que vulneran los principios de convivencia social b\u00e1sicos\u201d, dicen los considerandos de la denuncia.<\/p>\n<p>Por su parte, un comunicado de los sindicatos ATE, SUTEBA, SOEME, SiCEBA, manifest\u00f3 su repudio a la agresi\u00f3n a la auxilar, y de otras empleadas que tambi\u00e9n estaban presentes, y critic\u00f3 la respuesta de las autoridades educativas.<\/p>\n<p>\u201cGener\u00f3 mucha tensi\u00f3n a todas\/os las\/os trabajadoras\/es de la escuela, que luego de la agresi\u00f3n se preguntaban c\u00f3mo seguir adelante. Lamentablemente, la inspectora de la Direcci\u00f3n General de Cultura y Educaci\u00f3n que lleg\u00f3 a la escuela tres horas m\u00e1s tarde, fue para inquirir por qu\u00e9 no hab\u00eda habido clases en el turno tarde luego de la agresi\u00f3n y momento de tensi\u00f3n vivido, y a impedir que auxiliares y docentes realizaran el lunes una jornada de reflexi\u00f3n grupal para analizar el momento vivido y abordarlo colectivamente. El Consejo Escolar, autoridad primaria para las\/os auxiliares de la educaci\u00f3n no se hizo presente\u201d, precisaron los gremios.<\/p>\n<p>Para los sindicatos auxiliares y docentes, esta actitud expresa \u201cdiscursos descalificadores y desvalorizadores de nuestra tarea por parte de las autoridades pol\u00edticas sumado a a\u00f1os de abandono y de falta de respuesta a las necesidades de las escuelas legitiman las agresiones\u201d.<\/p>\n<p>\u201cMuy diferente a ello es la reacci\u00f3n que tuvieron las familias presentes en el momento de la agresi\u00f3n que intervinieron para defender a las trabajadoras de la escuela\u201d, remarcaron a continuaci\u00f3n.<\/p>\n<p>En conjunto, los sindicatos llevan adelante este lunes un paro y movilizaci\u00f3n en rechazo a lo sucedido y en reclamo de que \u201clas autoridades pol\u00edticas y educativas tomen las acciones de resguardo y den respuesta a las tantas necesidades de la escuelas\u201d.<\/p>\n","protected":false},"excerpt":{"rendered":"<p>\u00a0 Fue presentada por el jefe comunal, Julio Zamora, luego de que una auxiliar de la Escuela Primaria N\u00b0 5 fuera golpeada el viernes por una pareja. Sindicatos docentes y de estatales repudiaron la \u201csubestimaci\u00f3n\u201d del hecho por parte de autoridades educativas. El jefe comunal tigrense, Julio Zamora, denunci\u00f3 penalmente a una pareja que el&hellip;<\/p>\n","protected":false},"author":1,"featured_media":73923,"comment_status":"open","ping_status":"open","sticky":false,"template":"","format":"standard","meta":{"footnotes":""},"categories":[6],"tags":[1195,4930,27693,19720,489,646],"class_list":["post-73922","post","type-post","status-publish","format-standard","has-post-thumbnail","hentry","category-denuncias","tag-agresion","tag-benavidez","tag-escuela-primaria-no-5","tag-julio-zamora","tag-padres","tag-tigre"],"_links":{"self":[{"href":"https:\/\/www.elsindical.com.ar\/notas\/wp-json\/wp\/v2\/posts\/73922","targetHints":{"allow":["GET"]}}],"collection":[{"href":"https:\/\/www.elsindical.com.ar\/notas\/wp-json\/wp\/v2\/posts"}],"about":[{"href":"https:\/\/www.elsindical.com.ar\/notas\/wp-json\/wp\/v2\/types\/post"}],"author":[{"embeddable":true,"href":"https:\/\/www.elsindical.com.ar\/notas\/wp-json\/wp\/v2\/users\/1"}],"replies":[{"embeddable":true,"href":"https:\/\/www.elsindical.com.ar\/notas\/wp-json\/wp\/v2\/comments?post=73922"}],"version-history":[{"count":1,"href":"https:\/\/www.elsindical.com.ar\/notas\/wp-json\/wp\/v2\/posts\/73922\/revisions"}],"predecessor-version":[{"id":73924,"href":"https:\/\/www.elsindical.com.ar\/notas\/wp-json\/wp\/v2\/posts\/73922\/revisions\/73924"}],"wp:featuredmedia":[{"embeddable":true,"href":"https:\/\/www.elsindical.com.ar\/notas\/wp-json\/wp\/v2\/media\/73923"}],"wp:attachment":[{"href":"https:\/\/www.elsindical.com.ar\/notas\/wp-json\/wp\/v2\/media?parent=73922"}],"wp:term":[{"taxonomy":"category","embeddable":true,"href":"https:\/\/www.elsindical.com.ar\/notas\/wp-json\/wp\/v2\/categories?post=73922"},{"taxonomy":"post_tag","embeddable":true,"href":"https:\/\/www.elsindical.com.ar\/notas\/wp-json\/wp\/v2\/tags?post=73922"}],"curies":[{"name":"wp","href":"https:\/\/api.w.org\/{rel}","templated":true}]}}