{"id":73910,"date":"2017-11-14T10:04:52","date_gmt":"2017-11-14T13:04:52","guid":{"rendered":"http:\/\/www.elsindical.com.ar\/notas\/?p=73910"},"modified":"2017-11-14T10:04:52","modified_gmt":"2017-11-14T13:04:52","slug":"hijos-de-genocidas-buscan-modificar-el-codigo-penal-y-declarar-contra-sus-padres","status":"publish","type":"post","link":"https:\/\/www.elsindical.com.ar\/notas\/hijos-de-genocidas-buscan-modificar-el-codigo-penal-y-declarar-contra-sus-padres\/","title":{"rendered":"Hijos de genocidas buscan modificar el C\u00f3digo Penal y declarar contra sus padres"},"content":{"rendered":"<p><em>\u00a0 <a href=\"http:\/\/www.elsindical.com.ar\/notas\/var\/www\/html\/notas\/wp-content\/uploads\/2017\/11\/hijos-de-genocidas.jpg\"><img loading=\"lazy\" decoding=\"async\" class=\"alignnone size-medium wp-image-73911\" src=\"http:\/\/www.elsindical.com.ar\/notas\/var\/www\/html\/notas\/wp-content\/uploads\/2017\/11\/hijos-de-genocidas-300x179.jpg\" alt=\"\" width=\"300\" height=\"179\" srcset=\"https:\/\/www.elsindical.com.ar\/notas\/var\/www\/html\/notas\/wp-content\/uploads\/2017\/11\/hijos-de-genocidas-300x179.jpg 300w, https:\/\/www.elsindical.com.ar\/notas\/var\/www\/html\/notas\/wp-content\/uploads\/2017\/11\/hijos-de-genocidas-500x298.jpg 500w, https:\/\/www.elsindical.com.ar\/notas\/var\/www\/html\/notas\/wp-content\/uploads\/2017\/11\/hijos-de-genocidas.jpg 620w\" sizes=\"auto, (max-width: 300px) 100vw, 300px\" \/><\/a>Presentaron un proyecto en el Congreso Nacional para modificar dos art\u00edculos del C\u00f3digo Procesal Penal y poder declarar contra sus progenitores en los juicios por delitos de lesa humanidad.<\/em><\/p>\n<p>La iniciativa del colectivo \u201cHistorias Desobedientes\u201d trata de modificar el C\u00f3digo Procesal Penal para de esa manera evitar \u201ctodo tipo de impedimento\u201d y prestar testimonio en los juicios por delitos de lesa humanidad durante la \u00faltima dictadura en los que sus familiares se encuentran sospechados y\/o imputados.<\/p>\n<p>En su p\u00e1gina web el grupo destaca que la iniciativa que pretenden que se debata en el Congreso busca que \u201clas hijas, hijos y familiares de genocidas podamos denunciarlos penalmente y declarar en los juicios\u201d.<\/p>\n<p>Explican que \u201cla necesidad de esta reforma se plantea al momento que una hija, hijo o familiar de genocida, tomamos conciencia de la informaci\u00f3n que tenemos y que puede aportar al esclarecimiento de una causa, teniendo muy en cuenta la obligaci\u00f3n \u00e9tica que sentimos, por tratarse de cr\u00edmenes de lesa humanidad\u201d.<\/p>\n<p>Por otro lado admiten que \u201cla urgencia de esta presentaci\u00f3n se justifica en los l\u00edmites de tiempo para esclarecer estas causas, que si bien no prescriben, los protagonistas de los hechos est\u00e1n en edades muy avanzadas, y es necesario que sean esclarecidos, para lograr justicia\u201d.<\/p>\n<p>La iniciativa plantea la modificaci\u00f3n de dos art\u00edculos del C\u00f3digo Procesal Penal de la Naci\u00f3n, el 178 que establece que \u201cnadie podr\u00e1 denunciar a su c\u00f3nyuge, ascendiente, descendiente o hermano\u201d y el 242 que indica que \u201cno podr\u00e1n testificar en contra del imputado bajo pena de nulidad\u201d.<\/p>\n<p>El primer punto del proyecto de ley busca incorporar al art\u00edculo 178 que la prohibici\u00f3n de denunciar a los familiares \u201cno rige para los casos en que el o los delitos denunciados sean de genocidio, de lesa humanidad y\/o cr\u00edmenes de guerra contemplados en los art\u00edculos 6, 7 y 8 del Estatuto de Roma de la Corte Penal Internacional y en los tratados internacionales de derechos humanos con jerarqu\u00eda constitucional\u201d.<\/p>\n<p>El segundo punto busca incorporar el mismo texto en el art\u00edculo 242, pero agrega: \u201cS\u00f3lo en el caso de que el testigo no haya sido denunciante, se le notificar\u00e1 que puede abstenerse de testificar. En su caso, antes de iniciarse la declaraci\u00f3n, y bajo pena de nulidad, el juez advertir\u00e1 a dichas personas que gozan de esa facultad, de lo que se dejar\u00e1 constancia. Asimismo, una vez prestada su declaraci\u00f3n testimonial en sede administrativa o judicial, su testimonio ser\u00e1 obligatorio en todas las instancias posteriores, aunque no haya sido denunciante\u201d.<\/p>\n<p>Las hijas e hijos de genocidas explican que las modificaciones permitir\u00e1n a muchas m\u00e1s hijas, hijos y familiares aportar a la justicia para garantizar a la sociedad el derecho a la verdad: \u201cDicha modificaci\u00f3n resulta necesaria en tanto que en nuestra experiencia de vida como hijos y familiares de genocidas nos hemos encontrado con escollos legales tendientes a impedir y\/o prohibir y\/o disuadir la denuncia y eventualmente el deber de atestiguar\u201d.<\/p>\n","protected":false},"excerpt":{"rendered":"<p>\u00a0 Presentaron un proyecto en el Congreso Nacional para modificar dos art\u00edculos del C\u00f3digo Procesal Penal y poder declarar contra sus progenitores en los juicios por delitos de lesa humanidad. La iniciativa del colectivo \u201cHistorias Desobedientes\u201d trata de modificar el C\u00f3digo Procesal Penal para de esa manera evitar \u201ctodo tipo de impedimento\u201d y prestar testimonio&hellip;<\/p>\n","protected":false},"author":1,"featured_media":73911,"comment_status":"open","ping_status":"open","sticky":false,"template":"","format":"standard","meta":{"footnotes":""},"categories":[8],"tags":[27687,27686,11126],"class_list":["post-73910","post","type-post","status-publish","format-standard","has-post-thumbnail","hentry","category-derechos-humanos","tag-codigo-prcesal-penal","tag-hijos-e-hijas-de-genocidas","tag-reforma"],"_links":{"self":[{"href":"https:\/\/www.elsindical.com.ar\/notas\/wp-json\/wp\/v2\/posts\/73910","targetHints":{"allow":["GET"]}}],"collection":[{"href":"https:\/\/www.elsindical.com.ar\/notas\/wp-json\/wp\/v2\/posts"}],"about":[{"href":"https:\/\/www.elsindical.com.ar\/notas\/wp-json\/wp\/v2\/types\/post"}],"author":[{"embeddable":true,"href":"https:\/\/www.elsindical.com.ar\/notas\/wp-json\/wp\/v2\/users\/1"}],"replies":[{"embeddable":true,"href":"https:\/\/www.elsindical.com.ar\/notas\/wp-json\/wp\/v2\/comments?post=73910"}],"version-history":[{"count":1,"href":"https:\/\/www.elsindical.com.ar\/notas\/wp-json\/wp\/v2\/posts\/73910\/revisions"}],"predecessor-version":[{"id":73912,"href":"https:\/\/www.elsindical.com.ar\/notas\/wp-json\/wp\/v2\/posts\/73910\/revisions\/73912"}],"wp:featuredmedia":[{"embeddable":true,"href":"https:\/\/www.elsindical.com.ar\/notas\/wp-json\/wp\/v2\/media\/73911"}],"wp:attachment":[{"href":"https:\/\/www.elsindical.com.ar\/notas\/wp-json\/wp\/v2\/media?parent=73910"}],"wp:term":[{"taxonomy":"category","embeddable":true,"href":"https:\/\/www.elsindical.com.ar\/notas\/wp-json\/wp\/v2\/categories?post=73910"},{"taxonomy":"post_tag","embeddable":true,"href":"https:\/\/www.elsindical.com.ar\/notas\/wp-json\/wp\/v2\/tags?post=73910"}],"curies":[{"name":"wp","href":"https:\/\/api.w.org\/{rel}","templated":true}]}}