{"id":73886,"date":"2017-11-13T11:08:05","date_gmt":"2017-11-13T14:08:05","guid":{"rendered":"http:\/\/www.elsindical.com.ar\/notas\/?p=73886"},"modified":"2017-11-13T11:08:05","modified_gmt":"2017-11-13T14:08:05","slug":"fanazul-continua-la-incertidumbre-por-la-situacion-de-los-trabajadores","status":"publish","type":"post","link":"https:\/\/www.elsindical.com.ar\/notas\/fanazul-continua-la-incertidumbre-por-la-situacion-de-los-trabajadores\/","title":{"rendered":"Fanazul: contin\u00faa la incertidumbre por la situaci\u00f3n de los trabajadores"},"content":{"rendered":"<p><em>\u00a0 <a href=\"http:\/\/www.elsindical.com.ar\/notas\/var\/www\/html\/notas\/wp-content\/uploads\/2017\/11\/Fanazul-reuni\u00f3n.jpg\"><img loading=\"lazy\" decoding=\"async\" class=\"alignnone size-medium wp-image-73887\" src=\"http:\/\/www.elsindical.com.ar\/notas\/var\/www\/html\/notas\/wp-content\/uploads\/2017\/11\/Fanazul-reuni\u00f3n-300x179.jpg\" alt=\"\" width=\"300\" height=\"179\" srcset=\"https:\/\/www.elsindical.com.ar\/notas\/var\/www\/html\/notas\/wp-content\/uploads\/2017\/11\/Fanazul-reuni\u00f3n-300x179.jpg 300w, https:\/\/www.elsindical.com.ar\/notas\/var\/www\/html\/notas\/wp-content\/uploads\/2017\/11\/Fanazul-reuni\u00f3n-500x298.jpg 500w, https:\/\/www.elsindical.com.ar\/notas\/var\/www\/html\/notas\/wp-content\/uploads\/2017\/11\/Fanazul-reuni\u00f3n.jpg 620w\" sizes=\"auto, (max-width: 300px) 100vw, 300px\" \/><\/a>El 31 de diciembre vencen los contratos de los trabajadores de la planta de explosivos ubicada en el Partido de Azul y los m\u00e1s de 200 empleados no saben si ser\u00e1n renovados.<\/em><\/p>\n<p>Es que Fabricaciones Militares no da respuestas pese a los constantes reclamos que vienen haciendo los trabajadores. Ante esta situaci\u00f3n, este viernes se llev\u00f3 adelante una reuni\u00f3n convocada por el Concejo Deliberante, a la que asistieron cinco concejales, representantes de ATE y un funcionario municipal.<\/p>\n<p>Seg\u00fan consigna En L\u00ednea Noticias de Olavarr\u00eda, \u00a0el dirigente de ATE, Daniel Firpo, inform\u00f3 que del encuentro sali\u00f3 el compromiso de los ediles de emitir una resoluci\u00f3n acompa\u00f1ando el pedido de continuidad laboral.<\/p>\n<p>De acuerdo a lo que se inform\u00f3 desde el Legislativo local, el objetivo de la reuni\u00f3n fue brindar el apoyo del cuerpo a los trabajadores. Estos, por su parte, volvieron a explicar la situaci\u00f3n a los ediles, haciendo especial hincapi\u00e9 en que hasta el d\u00eda de hoy no han renovado los contratos de trabajo con Fabricaciones Militares, los que si bien vencen el 31 de diciembre, hist\u00f3ricamente se firmaban en octubre.<\/p>\n<p>Los concejales que estuvieron presentes se comprometieron a elaborar una Resoluci\u00f3n acompa\u00f1ando las decisiones que se tomen dentro de la mesa de trabajo.<\/p>\n<p><strong>Sin renovaci\u00f3n de los contratos<\/strong><\/p>\n<p>Firpo, apunt\u00f3 que la convocatoria del Concejo Deliberante \u201cfue un poco tarde. De todas maneras, esto no quiere decir que despreciamos su apoyo o lo que puedan llegar hacer. Igual, nosotros estamos esperando ver qui\u00e9n puede hacer algo, y ellos est\u00e1n dentro de los que podr\u00edan llegar a hacer algo\u201d.<\/p>\n<p>De acuerdo a lo que se\u00f1al\u00f3, desde el Concejo saldr\u00e1 una Resoluci\u00f3n apoyando el pedido de los trabajadores y manifestando su preocupaci\u00f3n. \u201cVan a hacer una Resoluci\u00f3n, m\u00e1s all\u00e1 de que la decisi\u00f3n final la tiene que tomar el Ejecutivo Nacional\u201d, dijo.<\/p>\n<p>A\u00f1adi\u00f3 en ese sentido que \u201cnosotros buscamos soluciones, producciones alternativas y todo lo que podamos aportar, lo aportamos. Pero es el Gobierno Nacional el que tomar\u00e1 la decisi\u00f3n del futuro de Fabricaciones, que todo nos hace pensar que ya est\u00e1 tomada\u201d.<\/p>\n<p>Consultado cu\u00e1l estiman es esa decisi\u00f3n, indic\u00f3 que \u201cla misma que se est\u00e1 tomando en todo el Estado Nacional de ajustar por el lado de los trabajadores. No pasa s\u00f3lo en Fanazul sino en todo el Estado\u201d.<\/p>\n<p>De los 258 trabajadores que tiene espec\u00edficamente Fanazul, s\u00f3lo 11 pertenecen a planta permanente. Los 247 restantes tienen contrato hasta el 31 de diciembre pr\u00f3ximo.<\/p>\n<p>Desde que se instal\u00f3 p\u00fablicamente la problem\u00e1tica en Fanazul, los trabajadores mantuvieron dos reuniones con el intendente Hern\u00e1n Bertellys (ex peronista converso al macrismo) y con el jefe de Gabinete y Gobierno, Alejandro Vieyra. Este \u00faltimo, incluso, en una nota con este diario asegur\u00f3 que iban a pedir una reuni\u00f3n con el ministro de Defensa de la Naci\u00f3n Oscar Aguad. Pero, de acuerdo a lo que Firpo indic\u00f3, \u201cno hemos tenido novedades de nada\u201d.<\/p>\n","protected":false},"excerpt":{"rendered":"<p>\u00a0 El 31 de diciembre vencen los contratos de los trabajadores de la planta de explosivos ubicada en el Partido de Azul y los m\u00e1s de 200 empleados no saben si ser\u00e1n renovados. Es que Fabricaciones Militares no da respuestas pese a los constantes reclamos que vienen haciendo los trabajadores. Ante esta situaci\u00f3n, este viernes&hellip;<\/p>\n","protected":false},"author":1,"featured_media":73887,"comment_status":"open","ping_status":"open","sticky":false,"template":"","format":"standard","meta":{"footnotes":""},"categories":[16],"tags":[290,6829,54,27680,1679],"class_list":["post-73886","post","type-post","status-publish","format-standard","has-post-thumbnail","hentry","category-gremiales","tag-ate","tag-azul","tag-empleados","tag-fanazul","tag-olavarria"],"_links":{"self":[{"href":"https:\/\/www.elsindical.com.ar\/notas\/wp-json\/wp\/v2\/posts\/73886","targetHints":{"allow":["GET"]}}],"collection":[{"href":"https:\/\/www.elsindical.com.ar\/notas\/wp-json\/wp\/v2\/posts"}],"about":[{"href":"https:\/\/www.elsindical.com.ar\/notas\/wp-json\/wp\/v2\/types\/post"}],"author":[{"embeddable":true,"href":"https:\/\/www.elsindical.com.ar\/notas\/wp-json\/wp\/v2\/users\/1"}],"replies":[{"embeddable":true,"href":"https:\/\/www.elsindical.com.ar\/notas\/wp-json\/wp\/v2\/comments?post=73886"}],"version-history":[{"count":1,"href":"https:\/\/www.elsindical.com.ar\/notas\/wp-json\/wp\/v2\/posts\/73886\/revisions"}],"predecessor-version":[{"id":73888,"href":"https:\/\/www.elsindical.com.ar\/notas\/wp-json\/wp\/v2\/posts\/73886\/revisions\/73888"}],"wp:featuredmedia":[{"embeddable":true,"href":"https:\/\/www.elsindical.com.ar\/notas\/wp-json\/wp\/v2\/media\/73887"}],"wp:attachment":[{"href":"https:\/\/www.elsindical.com.ar\/notas\/wp-json\/wp\/v2\/media?parent=73886"}],"wp:term":[{"taxonomy":"category","embeddable":true,"href":"https:\/\/www.elsindical.com.ar\/notas\/wp-json\/wp\/v2\/categories?post=73886"},{"taxonomy":"post_tag","embeddable":true,"href":"https:\/\/www.elsindical.com.ar\/notas\/wp-json\/wp\/v2\/tags?post=73886"}],"curies":[{"name":"wp","href":"https:\/\/api.w.org\/{rel}","templated":true}]}}