{"id":73883,"date":"2017-11-13T11:04:44","date_gmt":"2017-11-13T14:04:44","guid":{"rendered":"http:\/\/www.elsindical.com.ar\/notas\/?p=73883"},"modified":"2017-11-13T11:04:44","modified_gmt":"2017-11-13T14:04:44","slug":"no-cesa-el-cierre-empresas-nicoll-deja-a-173-trabajadores-en-la-calle","status":"publish","type":"post","link":"https:\/\/www.elsindical.com.ar\/notas\/no-cesa-el-cierre-empresas-nicoll-deja-a-173-trabajadores-en-la-calle\/","title":{"rendered":"No cesa el cierre empresas: Nicoll deja a 173 trabajadores en la calle"},"content":{"rendered":"<p><em>\u00a0 <a href=\"http:\/\/www.elsindical.com.ar\/notas\/var\/www\/html\/notas\/wp-content\/uploads\/2017\/11\/trabajadores-Nicoll.jpg\"><img loading=\"lazy\" decoding=\"async\" class=\"alignnone size-medium wp-image-73884\" src=\"http:\/\/www.elsindical.com.ar\/notas\/var\/www\/html\/notas\/wp-content\/uploads\/2017\/11\/trabajadores-Nicoll-300x179.jpg\" alt=\"\" width=\"300\" height=\"179\" srcset=\"https:\/\/www.elsindical.com.ar\/notas\/var\/www\/html\/notas\/wp-content\/uploads\/2017\/11\/trabajadores-Nicoll-300x179.jpg 300w, https:\/\/www.elsindical.com.ar\/notas\/var\/www\/html\/notas\/wp-content\/uploads\/2017\/11\/trabajadores-Nicoll-500x298.jpg 500w, https:\/\/www.elsindical.com.ar\/notas\/var\/www\/html\/notas\/wp-content\/uploads\/2017\/11\/trabajadores-Nicoll.jpg 620w\" sizes=\"auto, (max-width: 300px) 100vw, 300px\" \/><\/a>La f\u00e1brica de tubos y accesorios pl\u00e1sticos Nicoll, de la multinacional Aliaxis, ces\u00f3 este martes su actividad, a pesar de la lucha de sus 173 trabajadores para mantener la fuente de trabajo.<\/em><\/p>\n<p>Tal como se esperaba tras el\u00a0acuerdo\u00a0al que se hab\u00eda llegado en el Ministerio de Trabajo nacional, la empresa de pl\u00e1sticos Nicoll, ubicada en La Tablada, cerr\u00f3 sus puertas el martes 31 de octubre. Ahora, los 173 trabajadores que quedaron desempleados aguardan por el pago de las indemnizaciones.<\/p>\n<p>Seg\u00fan consigna El1Digital, a pesar de que el conflicto con la empresa -que es propiedad de la multinacional Aliaxis, con base en Costa Rica y otras plantas en Per\u00fa, Chile y Uruguay- hab\u00eda comenzado en septiembre, cuando la firma hab\u00eda iniciado la gesti\u00f3n para finalizar sus operaciones en el pa\u00eds, el cierre se concret\u00f3 una vez que el sindicato homolog\u00f3 el acuerdo indemnizatorio con los abogados de la firma, lo que se logr\u00f3 el 19 de octubre.<\/p>\n<p>Hasta el 31 de ese mes, los trabajadores, ya sin actividades, siguieron present\u00e1ndose a trabajar. Por eso, continuaron cobrando sus salarios. \u201cEl 1 de noviembre, los compa\u00f1eros cobraron la \u00faltima quincena, aguinaldo y vacaciones. Y logramos que el Ministerio de Trabajo mandara a la f\u00e1brica un funcionario para ratificar el acuerdo indemnizatorio\u201d, explic\u00f3 a\u00a0<strong>El1 Digital<\/strong>\u00a0Enrique Bracalenti, integrante de la comisi\u00f3n directiva del gremio a nivel nacional.<\/p>\n<p>Cabe recordar que los ahora ex empleados cobrar\u00e1n el cien por ciento de sus indemnizaciones y una bonificaci\u00f3n extra de 15 por ciento en concepto de aguinaldos, vacaciones y dos meses de preaviso. En total, la empresa desembolsar\u00e1 unos diez millones de pesos.<\/p>\n<p>Las negociaciones por el cierre inminente hab\u00edan comenzado el 2 de octubre. Inicialmente, la empresa hab\u00eda ofrecido pagar solo el 50 por ciento de las indemnizaciones de cada trabajador porque alegaba que el cierre de las operaciones se hab\u00eda precipitado por la p\u00e9rdida de 83.266.411 pesos solo en el primer semestre de 2017 debido a la ca\u00edda de la actividad econ\u00f3mica, pero tras varios encuentros con el sindicato en el Ministerio de Trabajo, se logr\u00f3 que los trabajadores cobraran lo que les correspond\u00eda.<\/p>\n","protected":false},"excerpt":{"rendered":"<p>\u00a0 La f\u00e1brica de tubos y accesorios pl\u00e1sticos Nicoll, de la multinacional Aliaxis, ces\u00f3 este martes su actividad, a pesar de la lucha de sus 173 trabajadores para mantener la fuente de trabajo. Tal como se esperaba tras el\u00a0acuerdo\u00a0al que se hab\u00eda llegado en el Ministerio de Trabajo nacional, la empresa de pl\u00e1sticos Nicoll, ubicada&hellip;<\/p>\n","protected":false},"author":1,"featured_media":73884,"comment_status":"open","ping_status":"open","sticky":false,"template":"","format":"standard","meta":{"footnotes":""},"categories":[16],"tags":[22406,53,2105,27679],"class_list":["post-73883","post","type-post","status-publish","format-standard","has-post-thumbnail","hentry","category-gremiales","tag-cierres","tag-despidos","tag-empresas","tag-nicoll"],"_links":{"self":[{"href":"https:\/\/www.elsindical.com.ar\/notas\/wp-json\/wp\/v2\/posts\/73883","targetHints":{"allow":["GET"]}}],"collection":[{"href":"https:\/\/www.elsindical.com.ar\/notas\/wp-json\/wp\/v2\/posts"}],"about":[{"href":"https:\/\/www.elsindical.com.ar\/notas\/wp-json\/wp\/v2\/types\/post"}],"author":[{"embeddable":true,"href":"https:\/\/www.elsindical.com.ar\/notas\/wp-json\/wp\/v2\/users\/1"}],"replies":[{"embeddable":true,"href":"https:\/\/www.elsindical.com.ar\/notas\/wp-json\/wp\/v2\/comments?post=73883"}],"version-history":[{"count":1,"href":"https:\/\/www.elsindical.com.ar\/notas\/wp-json\/wp\/v2\/posts\/73883\/revisions"}],"predecessor-version":[{"id":73885,"href":"https:\/\/www.elsindical.com.ar\/notas\/wp-json\/wp\/v2\/posts\/73883\/revisions\/73885"}],"wp:featuredmedia":[{"embeddable":true,"href":"https:\/\/www.elsindical.com.ar\/notas\/wp-json\/wp\/v2\/media\/73884"}],"wp:attachment":[{"href":"https:\/\/www.elsindical.com.ar\/notas\/wp-json\/wp\/v2\/media?parent=73883"}],"wp:term":[{"taxonomy":"category","embeddable":true,"href":"https:\/\/www.elsindical.com.ar\/notas\/wp-json\/wp\/v2\/categories?post=73883"},{"taxonomy":"post_tag","embeddable":true,"href":"https:\/\/www.elsindical.com.ar\/notas\/wp-json\/wp\/v2\/tags?post=73883"}],"curies":[{"name":"wp","href":"https:\/\/api.w.org\/{rel}","templated":true}]}}