{"id":73873,"date":"2017-11-13T00:31:36","date_gmt":"2017-11-13T03:31:36","guid":{"rendered":"http:\/\/www.elsindical.com.ar\/notas\/?p=73873"},"modified":"2017-11-13T00:31:36","modified_gmt":"2017-11-13T03:31:36","slug":"mercado-libre-bajo-fuerte-presion-de-la-afip-por-500-millones","status":"publish","type":"post","link":"https:\/\/www.elsindical.com.ar\/notas\/mercado-libre-bajo-fuerte-presion-de-la-afip-por-500-millones\/","title":{"rendered":"Mercado Libre, bajo fuerte presi\u00f3n de la AFIP por $500 millones"},"content":{"rendered":"<p><em>\u00a0 <a href=\"http:\/\/www.elsindical.com.ar\/notas\/var\/www\/html\/notas\/wp-content\/uploads\/2011\/09\/mercado-libre-logo.jpg\"><img loading=\"lazy\" decoding=\"async\" class=\"alignnone size-medium wp-image-16681\" src=\"http:\/\/www.elsindical.com.ar\/notas\/var\/www\/html\/notas\/wp-content\/uploads\/2011\/09\/mercado-libre-logo-300x191.jpg\" alt=\"\" width=\"300\" height=\"191\" srcset=\"https:\/\/www.elsindical.com.ar\/notas\/var\/www\/html\/notas\/wp-content\/uploads\/2011\/09\/mercado-libre-logo-300x191.jpg 300w, https:\/\/www.elsindical.com.ar\/notas\/var\/www\/html\/notas\/wp-content\/uploads\/2011\/09\/mercado-libre-logo.jpg 325w\" sizes=\"auto, (max-width: 300px) 100vw, 300px\" \/><\/a>El organismo oficial acusa a la empresa de beneficiarse con un plan de promoci\u00f3n industrial que no le correspond\u00eda.<\/em><\/p>\n<div class=\"bottom-margin\">\n<p>Mercado Libre, es sin lugar a dudas la empresa tecnol\u00f3gica de mayor valuaci\u00f3n de mercado en la Argentina. Sin embargo, no todo es color de rosa en su camino hacia el \u00e9xito diario, ya que recientemente se le ha cruzado un rival inesperado: la AFIP.<\/p>\n<p>Todo pasa por una cuesti\u00f3n referida a cuentas pendientes. El organismo tributario determin\u00f3 recientemente que Mercado Libre debe reitegrarle una cifra millonaria por a\u00f1o al Estado Nacional dado que -seg\u00fan Alberto Abad, titular de la AFIP- no le corresponder\u00eda acceder a los beneficios impositivos y laborales que goza gracias al R\u00e9gimen de Promoci\u00f3n de la Industria del Software.<\/p>\n<p>La AFIP comunic\u00f3 su determinaci\u00f3n al Poder Ejecutivo el pasado 28 de septiembre, mediante una nota que el subdirector general de Operaciones Impositivas de Grandes Contribuyentes Nacionales, Juan Carlos Santos, remiti\u00f3 al Ministerio de Producci\u00f3n.<\/p>\n<p>\u00abSe concluye que Mercado Libre SRL no se encontrar\u00eda beneficiada por las dispensas tributarias establecidas en el ordenamiento analizado, tanto por las observaciones realizadas respecto de su actividad principal como por el incumplimiento de requisitos esenciales definidos en el plexo normativo\u00bb, le inform\u00f3 AFIP a Producci\u00f3n.<\/p>\n<p>Desde Mercado Libre han dicho que la AFIP no les notific\u00f3 nada, pero defendieron su presencia dentro del r\u00e9gimen.<\/p>\n<p>\u00abEstamos desde 2007 y despu\u00e9s de que la ley se extendi\u00f3 en 2014 y hubo que reinscribirse, fuimos evaluados nuevamente y nos incorporaron otra vez, y encima todos los a\u00f1os, por ley, nos someten a una auditor\u00eda que revisa si corresponde continuar dentro del r\u00e9gimen y siempre la superamos sin ning\u00fan problema\u00bb, se inform\u00f3.<\/p>\n<p>De todos modos, en este\u00a0complicado contexto, Mercado Libre tiene un buen aliado: el propio Ministerio de Producci\u00f3n.<\/p>\n<p>Mercado Libre cotiza en Wall Street, y afronta un reclamo de la AFIP por $500 millones. La cifra surge del an\u00e1lisis del informe que Mercado Libre public\u00f3 en Estados Unidos. El r\u00e9gimen especial permiti\u00f3 a la empresa el ahorro de 24,1 millones de d\u00f3lares por la reducci\u00f3n del 60% en el impuesto a las Ganancias.<\/p>\n<\/div>\n","protected":false},"excerpt":{"rendered":"<p>\u00a0 El organismo oficial acusa a la empresa de beneficiarse con un plan de promoci\u00f3n industrial que no le correspond\u00eda. Mercado Libre, es sin lugar a dudas la empresa tecnol\u00f3gica de mayor valuaci\u00f3n de mercado en la Argentina. Sin embargo, no todo es color de rosa en su camino hacia el \u00e9xito diario, ya que&hellip;<\/p>\n","protected":false},"author":1,"featured_media":16681,"comment_status":"open","ping_status":"open","sticky":false,"template":"","format":"standard","meta":{"footnotes":""},"categories":[28],"tags":[69,141,2699,9051,512],"class_list":["post-73873","post","type-post","status-publish","format-standard","has-post-thumbnail","hentry","category-empresariales","tag-afip","tag-eeuu","tag-ganancias","tag-mercado-libre","tag-reclamo"],"_links":{"self":[{"href":"https:\/\/www.elsindical.com.ar\/notas\/wp-json\/wp\/v2\/posts\/73873","targetHints":{"allow":["GET"]}}],"collection":[{"href":"https:\/\/www.elsindical.com.ar\/notas\/wp-json\/wp\/v2\/posts"}],"about":[{"href":"https:\/\/www.elsindical.com.ar\/notas\/wp-json\/wp\/v2\/types\/post"}],"author":[{"embeddable":true,"href":"https:\/\/www.elsindical.com.ar\/notas\/wp-json\/wp\/v2\/users\/1"}],"replies":[{"embeddable":true,"href":"https:\/\/www.elsindical.com.ar\/notas\/wp-json\/wp\/v2\/comments?post=73873"}],"version-history":[{"count":1,"href":"https:\/\/www.elsindical.com.ar\/notas\/wp-json\/wp\/v2\/posts\/73873\/revisions"}],"predecessor-version":[{"id":73874,"href":"https:\/\/www.elsindical.com.ar\/notas\/wp-json\/wp\/v2\/posts\/73873\/revisions\/73874"}],"wp:featuredmedia":[{"embeddable":true,"href":"https:\/\/www.elsindical.com.ar\/notas\/wp-json\/wp\/v2\/media\/16681"}],"wp:attachment":[{"href":"https:\/\/www.elsindical.com.ar\/notas\/wp-json\/wp\/v2\/media?parent=73873"}],"wp:term":[{"taxonomy":"category","embeddable":true,"href":"https:\/\/www.elsindical.com.ar\/notas\/wp-json\/wp\/v2\/categories?post=73873"},{"taxonomy":"post_tag","embeddable":true,"href":"https:\/\/www.elsindical.com.ar\/notas\/wp-json\/wp\/v2\/tags?post=73873"}],"curies":[{"name":"wp","href":"https:\/\/api.w.org\/{rel}","templated":true}]}}