{"id":73850,"date":"2017-11-12T10:01:02","date_gmt":"2017-11-12T13:01:02","guid":{"rendered":"http:\/\/www.elsindical.com.ar\/notas\/?p=73850"},"modified":"2017-11-12T10:01:02","modified_gmt":"2017-11-12T13:01:02","slug":"argentina-tambien-le-nego-la-entrada-al-pais-a-mike-tyson","status":"publish","type":"post","link":"https:\/\/www.elsindical.com.ar\/notas\/argentina-tambien-le-nego-la-entrada-al-pais-a-mike-tyson\/","title":{"rendered":"Argentina tambi\u00e9n le neg\u00f3 la entrada al pa\u00eds a Mike Tyson"},"content":{"rendered":"<p><em><span class=\"text description col-xs-8 col-lg-9\"><a href=\"http:\/\/www.elsindical.com.ar\/notas\/var\/www\/html\/notas\/wp-content\/uploads\/2017\/11\/PDI-y-Tyson.jpg\"><img loading=\"lazy\" decoding=\"async\" class=\"alignnone size-medium wp-image-73851\" src=\"http:\/\/www.elsindical.com.ar\/notas\/var\/www\/html\/notas\/wp-content\/uploads\/2017\/11\/PDI-y-Tyson-300x200.jpg\" alt=\"\" width=\"300\" height=\"200\" srcset=\"https:\/\/www.elsindical.com.ar\/notas\/var\/www\/html\/notas\/wp-content\/uploads\/2017\/11\/PDI-y-Tyson-300x200.jpg 300w, https:\/\/www.elsindical.com.ar\/notas\/var\/www\/html\/notas\/wp-content\/uploads\/2017\/11\/PDI-y-Tyson-768x511.jpg 768w, https:\/\/www.elsindical.com.ar\/notas\/var\/www\/html\/notas\/wp-content\/uploads\/2017\/11\/PDI-y-Tyson-451x300.jpg 451w, https:\/\/www.elsindical.com.ar\/notas\/var\/www\/html\/notas\/wp-content\/uploads\/2017\/11\/PDI-y-Tyson.jpg 1000w\" sizes=\"auto, (max-width: 300px) 100vw, 300px\" \/><\/a>\u00a0 El gobierno argentino impidi\u00f3 el ingreso al pa\u00eds del ex campe\u00f3n mundial de boxeo, en consonancia con una medida similar adoptada por su par chileno. La medida obedece a los \u00abantecedentes\u00bb penales que pesan sobre el ex peso pesado.<\/span><\/em><\/p>\n<p>El gobierno argentino impidi\u00f3 el ingreso al pa\u00eds del ex campe\u00f3n mundial de boxeo estadounidense Mike Tyson, en consonancia con una medida similar adoptada por su par chileno.<\/p>\n<p>Seg\u00fan trascendi\u00f3, Tyson intent\u00f3 viajar hacia Buenos Aires desde Santiago, pero Migraciones solicit\u00f3 a Aerol\u00edneas que no le permitiera embarcar, por lo que la aeronave aterriz\u00f3 en Buenos Aires pasadas las 18.40, sin el pasajero vip en su interior.<\/p>\n<p>La medida obedece a los \u00abantecedentes\u00bb penales que pesan sobre el ex peso pesado de boxeo, ya que a comienzos de este a\u00f1o el Gobierno decidi\u00f3 endurecer los controles migratorios con ciudadanos con prontuario delictivo.<\/p>\n<p>Tyson, de 51 a\u00f1os, fue retenido y escoltado por dos polic\u00edas en el aeropuerto de la capital trasandina, a pesar de que sobre el deportista retirado no pesaba ning\u00fan pedido de captura.<\/p>\n<p>En 1992, cuando aun estaba en plena actividad, Tyson fue condenado a seis a\u00f1os de prisi\u00f3n por la violaci\u00f3n de una joven modelo de 18 a\u00f1os, pena que cumpli\u00f3 parcialmente y, tras ser liberado, regres\u00f3 a la actividad box\u00edstica.<\/p>\n<p>Posteriormente, en 2005, fue detenido en Estados Unidos con estupefacientes en su poder.<\/p>\n","protected":false},"excerpt":{"rendered":"<p>\u00a0 El gobierno argentino impidi\u00f3 el ingreso al pa\u00eds del ex campe\u00f3n mundial de boxeo, en consonancia con una medida similar adoptada por su par chileno. La medida obedece a los \u00abantecedentes\u00bb penales que pesan sobre el ex peso pesado. El gobierno argentino impidi\u00f3 el ingreso al pa\u00eds del ex campe\u00f3n mundial de boxeo estadounidense&hellip;<\/p>\n","protected":false},"author":1,"featured_media":73851,"comment_status":"open","ping_status":"open","sticky":false,"template":"","format":"standard","meta":{"footnotes":""},"categories":[22],"tags":[127,1913,1200,141,27668],"class_list":["post-73850","post","type-post","status-publish","format-standard","has-post-thumbnail","hentry","category-policiales","tag-argentina","tag-boxeador","tag-chile","tag-eeuu","tag-mike-tyson"],"_links":{"self":[{"href":"https:\/\/www.elsindical.com.ar\/notas\/wp-json\/wp\/v2\/posts\/73850","targetHints":{"allow":["GET"]}}],"collection":[{"href":"https:\/\/www.elsindical.com.ar\/notas\/wp-json\/wp\/v2\/posts"}],"about":[{"href":"https:\/\/www.elsindical.com.ar\/notas\/wp-json\/wp\/v2\/types\/post"}],"author":[{"embeddable":true,"href":"https:\/\/www.elsindical.com.ar\/notas\/wp-json\/wp\/v2\/users\/1"}],"replies":[{"embeddable":true,"href":"https:\/\/www.elsindical.com.ar\/notas\/wp-json\/wp\/v2\/comments?post=73850"}],"version-history":[{"count":1,"href":"https:\/\/www.elsindical.com.ar\/notas\/wp-json\/wp\/v2\/posts\/73850\/revisions"}],"predecessor-version":[{"id":73852,"href":"https:\/\/www.elsindical.com.ar\/notas\/wp-json\/wp\/v2\/posts\/73850\/revisions\/73852"}],"wp:featuredmedia":[{"embeddable":true,"href":"https:\/\/www.elsindical.com.ar\/notas\/wp-json\/wp\/v2\/media\/73851"}],"wp:attachment":[{"href":"https:\/\/www.elsindical.com.ar\/notas\/wp-json\/wp\/v2\/media?parent=73850"}],"wp:term":[{"taxonomy":"category","embeddable":true,"href":"https:\/\/www.elsindical.com.ar\/notas\/wp-json\/wp\/v2\/categories?post=73850"},{"taxonomy":"post_tag","embeddable":true,"href":"https:\/\/www.elsindical.com.ar\/notas\/wp-json\/wp\/v2\/tags?post=73850"}],"curies":[{"name":"wp","href":"https:\/\/api.w.org\/{rel}","templated":true}]}}