{"id":73785,"date":"2017-11-09T00:25:01","date_gmt":"2017-11-09T03:25:01","guid":{"rendered":"http:\/\/www.elsindical.com.ar\/notas\/?p=73785"},"modified":"2017-11-09T00:25:01","modified_gmt":"2017-11-09T03:25:01","slug":"el-juez-ercolini-ordeno-que-lagomarsino-lleve-una-tobillera-electronica","status":"publish","type":"post","link":"https:\/\/www.elsindical.com.ar\/notas\/el-juez-ercolini-ordeno-que-lagomarsino-lleve-una-tobillera-electronica\/","title":{"rendered":"El Juez Ercolini orden\u00f3 que Lagomarsino lleve una tobillera electr\u00f3nica"},"content":{"rendered":"<p><em>\u00a0 <a href=\"http:\/\/www.elsindical.com.ar\/notas\/var\/www\/html\/notas\/wp-content\/uploads\/2017\/11\/Lagomarsino-tobillera.jpg\"><img loading=\"lazy\" decoding=\"async\" class=\"alignnone size-medium wp-image-73786\" src=\"http:\/\/www.elsindical.com.ar\/notas\/var\/www\/html\/notas\/wp-content\/uploads\/2017\/11\/Lagomarsino-tobillera-300x214.jpg\" alt=\"\" width=\"300\" height=\"214\" srcset=\"https:\/\/www.elsindical.com.ar\/notas\/var\/www\/html\/notas\/wp-content\/uploads\/2017\/11\/Lagomarsino-tobillera-300x214.jpg 300w, https:\/\/www.elsindical.com.ar\/notas\/var\/www\/html\/notas\/wp-content\/uploads\/2017\/11\/Lagomarsino-tobillera-768x548.jpg 768w, https:\/\/www.elsindical.com.ar\/notas\/var\/www\/html\/notas\/wp-content\/uploads\/2017\/11\/Lagomarsino-tobillera-1024x731.jpg 1024w, https:\/\/www.elsindical.com.ar\/notas\/var\/www\/html\/notas\/wp-content\/uploads\/2017\/11\/Lagomarsino-tobillera-420x300.jpg 420w, https:\/\/www.elsindical.com.ar\/notas\/var\/www\/html\/notas\/wp-content\/uploads\/2017\/11\/Lagomarsino-tobillera.jpg 1170w\" sizes=\"auto, (max-width: 300px) 100vw, 300px\" \/><\/a>El magistrado tambi\u00e9n dispuso que Diego Lagomarsino se presente cada quince d\u00edas en el Juzgado y que no pueda alejarse a m\u00e1s de 100 kil\u00f3metros de su residencia sin autorizaci\u00f3n.<\/em><\/p>\n<p>El juez federal Juli\u00e1n Ercolini orden\u00f3 hoy que se le coloque una tobillera electr\u00f3nica al empleado inform\u00e1tico Diego Lagomarsino, quien el pr\u00f3ximo martes deber\u00e1 prestar declaraci\u00f3n indagatoria por la muerte del exfiscal Alberto Nisman.<\/p>\n<p>Seg\u00fan supo NA, el magistrado tambi\u00e9n dispuso que Lagomarsino se presente cada quince d\u00edas en el Juzgado y que no pueda alejarse a m\u00e1s de 100 kil\u00f3metros de su residencia sin autorizaci\u00f3n.<\/p>\n<p>El empleado inform\u00e1tico es se\u00f1alado por el fiscal federal Eduardo Taiano como \u00abpart\u00edcipe necesario\u00bb del asesinato de Nisman.<\/p>\n","protected":false},"excerpt":{"rendered":"<p>\u00a0 El magistrado tambi\u00e9n dispuso que Diego Lagomarsino se presente cada quince d\u00edas en el Juzgado y que no pueda alejarse a m\u00e1s de 100 kil\u00f3metros de su residencia sin autorizaci\u00f3n. El juez federal Juli\u00e1n Ercolini orden\u00f3 hoy que se le coloque una tobillera electr\u00f3nica al empleado inform\u00e1tico Diego Lagomarsino, quien el pr\u00f3ximo martes deber\u00e1&hellip;<\/p>\n","protected":false},"author":1,"featured_media":73786,"comment_status":"open","ping_status":"open","sticky":false,"template":"","format":"standard","meta":{"footnotes":""},"categories":[20],"tags":[967,363,20759,27645,27644],"class_list":["post-73785","post","type-post","status-publish","format-standard","has-post-thumbnail","hentry","category-judiciales","tag-alberto-nisman","tag-asesinato","tag-diego-lagomarsino","tag-jez-federal-julian-ercolini","tag-tobillera"],"_links":{"self":[{"href":"https:\/\/www.elsindical.com.ar\/notas\/wp-json\/wp\/v2\/posts\/73785","targetHints":{"allow":["GET"]}}],"collection":[{"href":"https:\/\/www.elsindical.com.ar\/notas\/wp-json\/wp\/v2\/posts"}],"about":[{"href":"https:\/\/www.elsindical.com.ar\/notas\/wp-json\/wp\/v2\/types\/post"}],"author":[{"embeddable":true,"href":"https:\/\/www.elsindical.com.ar\/notas\/wp-json\/wp\/v2\/users\/1"}],"replies":[{"embeddable":true,"href":"https:\/\/www.elsindical.com.ar\/notas\/wp-json\/wp\/v2\/comments?post=73785"}],"version-history":[{"count":1,"href":"https:\/\/www.elsindical.com.ar\/notas\/wp-json\/wp\/v2\/posts\/73785\/revisions"}],"predecessor-version":[{"id":73787,"href":"https:\/\/www.elsindical.com.ar\/notas\/wp-json\/wp\/v2\/posts\/73785\/revisions\/73787"}],"wp:featuredmedia":[{"embeddable":true,"href":"https:\/\/www.elsindical.com.ar\/notas\/wp-json\/wp\/v2\/media\/73786"}],"wp:attachment":[{"href":"https:\/\/www.elsindical.com.ar\/notas\/wp-json\/wp\/v2\/media?parent=73785"}],"wp:term":[{"taxonomy":"category","embeddable":true,"href":"https:\/\/www.elsindical.com.ar\/notas\/wp-json\/wp\/v2\/categories?post=73785"},{"taxonomy":"post_tag","embeddable":true,"href":"https:\/\/www.elsindical.com.ar\/notas\/wp-json\/wp\/v2\/tags?post=73785"}],"curies":[{"name":"wp","href":"https:\/\/api.w.org\/{rel}","templated":true}]}}