{"id":73778,"date":"2017-11-08T16:19:29","date_gmt":"2017-11-08T19:19:29","guid":{"rendered":"http:\/\/www.elsindical.com.ar\/notas\/?p=73778"},"modified":"2017-11-08T16:19:29","modified_gmt":"2017-11-08T19:19:29","slug":"lanus-reclamo-por-delegado-de-la-uom-despedido","status":"publish","type":"post","link":"https:\/\/www.elsindical.com.ar\/notas\/lanus-reclamo-por-delegado-de-la-uom-despedido\/","title":{"rendered":"Lan\u00fas: Reclamo por delegado de la UOM despedido"},"content":{"rendered":"<p><em><a href=\"http:\/\/www.elsindical.com.ar\/notas\/var\/www\/html\/notas\/wp-content\/uploads\/2017\/11\/protesta-UOM-Lan\u00fas.jpg\"><img loading=\"lazy\" decoding=\"async\" class=\"alignnone size-medium wp-image-73779\" src=\"http:\/\/www.elsindical.com.ar\/notas\/var\/www\/html\/notas\/wp-content\/uploads\/2017\/11\/protesta-UOM-Lan\u00fas-300x169.jpg\" alt=\"\" width=\"300\" height=\"169\" srcset=\"https:\/\/www.elsindical.com.ar\/notas\/var\/www\/html\/notas\/wp-content\/uploads\/2017\/11\/protesta-UOM-Lan\u00fas-300x169.jpg 300w, https:\/\/www.elsindical.com.ar\/notas\/var\/www\/html\/notas\/wp-content\/uploads\/2017\/11\/protesta-UOM-Lan\u00fas-768x432.jpg 768w, https:\/\/www.elsindical.com.ar\/notas\/var\/www\/html\/notas\/wp-content\/uploads\/2017\/11\/protesta-UOM-Lan\u00fas-500x281.jpg 500w, https:\/\/www.elsindical.com.ar\/notas\/var\/www\/html\/notas\/wp-content\/uploads\/2017\/11\/protesta-UOM-Lan\u00fas-460x260.jpg 460w, https:\/\/www.elsindical.com.ar\/notas\/var\/www\/html\/notas\/wp-content\/uploads\/2017\/11\/protesta-UOM-Lan\u00fas.jpg 970w\" sizes=\"auto, (max-width: 300px) 100vw, 300px\" \/><\/a>\u00a0 Un centenar de trabajadores y directores de la sede bonaerense de Avellaneda se concentraron en Lan\u00fas para exigir la reincorporaci\u00f3n de uno de sus compa\u00f1eros. Un secretario gremial asegur\u00f3 que \u00abse est\u00e1n violando sus derechos y ven que los ministerios de trabajo se est\u00e1n convirtiendo en secretar\u00edas de los empresarios\u00bb.<\/em><\/p>\n<p>En las cercan\u00edas de una compa\u00f1\u00eda metal\u00fargica de Lan\u00fas, trabajadores y representantes de la seccional Avellaneda de la UOM se convocaron y posteriomente manifestaron por el despido de un delegado, en la ma\u00f1ana de este martes.<\/p>\n<p>Una decisi\u00f3n de las autoridades de la empresa de filtros sin argumentos s\u00f3lidos, y que impulsaron a los dirigentes y afiliados de la organizaci\u00f3n gremial a exigir la reincorporaci\u00f3n del trabajador desempleado, remarcando el car\u00e1cter ileg\u00edtimo de la medida por no respetar la inmunidad sindical.<\/p>\n<p>A alrededor de las 11:00 se asentaron frente al establecimiento de la firma de filtros Lanss, en Hip\u00f3lito Irigoyen 3412, en la localidad bonaerense de Lan\u00fas, un centenar de trabajadores y directivos de la seccional Avellaneda de la UOM.<\/p>\n<p>Justamente, uno de ellos, <strong>Osvaldo Funes<\/strong>, secretario administrativo de la entidad gremial, inform\u00f3 que <em>\u201cestamos convocados por el mal accionar de la empresa por los consecutivos despidos, es una compa\u00f1\u00eda anti sindical y que maltrata a los trabajadores. Esta movilizaci\u00f3n es adem\u00e1s por el despido de un compa\u00f1ero que hab\u00eda sido elegido delegado. Por eso nos manifestamos para que la empresa deponga su postura\u201d.<\/em><\/p>\n<p>Por su parte, el Secretario de Organizaci\u00f3n de la misma organizaci\u00f3n, <strong>Hugo Far\u00edas<\/strong>, revel\u00f3 que <em>\u201cel argumento de la empresa es que se notific\u00f3 en tiempo y forma la elecci\u00f3n del compa\u00f1ero pero no tiene consistencia. Ellos dicen que nosotros no les avisamos, pero es una m\u00e1s de las amenazas de la empresa contra los trabajadores\u201d<\/em>.<\/p>\n<p>A su vez, el propio Far\u00edas detall\u00f3 que <em>\u201cel trabajador no pudo cobrar su salario porque la empresa se neg\u00f3 a pagarlo porque argumenta que lo despidi\u00f3 con causa\u201d.<\/em><\/p>\n<p>Por lo tanto, ante semejante panorama, el representante de la UOM reconoci\u00f3 que <em>\u201ctenemos una seria preocupaci\u00f3n porque se est\u00e1n violando los derechos de los trabajadores y vemos que los ministerios de trabajo se est\u00e1n convirtiendo en secretar\u00edas de los empresarios\u201d.<\/em><\/p>\n<p>Por esta raz\u00f3n, Far\u00edas revel\u00f3 que <em>\u201chemos pedido una conciliaci\u00f3n obligatoria y nos la han negado porque aducen que es s\u00f3lo un despido. Pero el problema de fondo es que est\u00e1n echando a un delegado y atentan contra la libertad de los trabajadores a organizarse\u201d<\/em>.<\/p>\n<p>En tanto no reciban respuestas, Funes dejo en claro que <em>\u201cla UOM de Avellaneda va a seguir diciendo no a estas acciones de los empresarios y no vamos a permitir m\u00e1s este tipo de despidos\u201d.<\/em><\/p>\n","protected":false},"excerpt":{"rendered":"<p>\u00a0 Un centenar de trabajadores y directores de la sede bonaerense de Avellaneda se concentraron en Lan\u00fas para exigir la reincorporaci\u00f3n de uno de sus compa\u00f1eros. Un secretario gremial asegur\u00f3 que \u00abse est\u00e1n violando sus derechos y ven que los ministerios de trabajo se est\u00e1n convirtiendo en secretar\u00edas de los empresarios\u00bb. En las cercan\u00edas de&hellip;<\/p>\n","protected":false},"author":1,"featured_media":73779,"comment_status":"open","ping_status":"open","sticky":false,"template":"","format":"standard","meta":{"footnotes":""},"categories":[16],"tags":[27642,209,27641,1264],"class_list":["post-73778","post","type-post","status-publish","format-standard","has-post-thumbnail","hentry","category-gremiales","tag-hugo-farias","tag-lanus","tag-osvaldo-funes","tag-uom"],"_links":{"self":[{"href":"https:\/\/www.elsindical.com.ar\/notas\/wp-json\/wp\/v2\/posts\/73778","targetHints":{"allow":["GET"]}}],"collection":[{"href":"https:\/\/www.elsindical.com.ar\/notas\/wp-json\/wp\/v2\/posts"}],"about":[{"href":"https:\/\/www.elsindical.com.ar\/notas\/wp-json\/wp\/v2\/types\/post"}],"author":[{"embeddable":true,"href":"https:\/\/www.elsindical.com.ar\/notas\/wp-json\/wp\/v2\/users\/1"}],"replies":[{"embeddable":true,"href":"https:\/\/www.elsindical.com.ar\/notas\/wp-json\/wp\/v2\/comments?post=73778"}],"version-history":[{"count":1,"href":"https:\/\/www.elsindical.com.ar\/notas\/wp-json\/wp\/v2\/posts\/73778\/revisions"}],"predecessor-version":[{"id":73780,"href":"https:\/\/www.elsindical.com.ar\/notas\/wp-json\/wp\/v2\/posts\/73778\/revisions\/73780"}],"wp:featuredmedia":[{"embeddable":true,"href":"https:\/\/www.elsindical.com.ar\/notas\/wp-json\/wp\/v2\/media\/73779"}],"wp:attachment":[{"href":"https:\/\/www.elsindical.com.ar\/notas\/wp-json\/wp\/v2\/media?parent=73778"}],"wp:term":[{"taxonomy":"category","embeddable":true,"href":"https:\/\/www.elsindical.com.ar\/notas\/wp-json\/wp\/v2\/categories?post=73778"},{"taxonomy":"post_tag","embeddable":true,"href":"https:\/\/www.elsindical.com.ar\/notas\/wp-json\/wp\/v2\/tags?post=73778"}],"curies":[{"name":"wp","href":"https:\/\/api.w.org\/{rel}","templated":true}]}}