{"id":73770,"date":"2017-11-08T10:53:25","date_gmt":"2017-11-08T13:53:25","guid":{"rendered":"http:\/\/www.elsindical.com.ar\/notas\/?p=73770"},"modified":"2017-11-08T10:53:25","modified_gmt":"2017-11-08T13:53:25","slug":"martin-coronado-asesinan-a-custodio-en-un-intento-de-robo-a-blindado","status":"publish","type":"post","link":"https:\/\/www.elsindical.com.ar\/notas\/martin-coronado-asesinan-a-custodio-en-un-intento-de-robo-a-blindado\/","title":{"rendered":"Mart\u00edn Coronado: Asesinan a custodio en un intento de robo a blindado"},"content":{"rendered":"<p><em>\u00a0 <a href=\"http:\/\/www.elsindical.com.ar\/notas\/var\/www\/html\/notas\/wp-content\/uploads\/2017\/11\/asalto-a-blindado-custodio-asesinado.jpg\"><img loading=\"lazy\" decoding=\"async\" class=\"alignnone size-medium wp-image-73771\" src=\"http:\/\/www.elsindical.com.ar\/notas\/var\/www\/html\/notas\/wp-content\/uploads\/2017\/11\/asalto-a-blindado-custodio-asesinado-300x169.jpg\" alt=\"\" width=\"300\" height=\"169\" srcset=\"https:\/\/www.elsindical.com.ar\/notas\/var\/www\/html\/notas\/wp-content\/uploads\/2017\/11\/asalto-a-blindado-custodio-asesinado-300x169.jpg 300w, https:\/\/www.elsindical.com.ar\/notas\/var\/www\/html\/notas\/wp-content\/uploads\/2017\/11\/asalto-a-blindado-custodio-asesinado-500x281.jpg 500w, https:\/\/www.elsindical.com.ar\/notas\/var\/www\/html\/notas\/wp-content\/uploads\/2017\/11\/asalto-a-blindado-custodio-asesinado-460x260.jpg 460w, https:\/\/www.elsindical.com.ar\/notas\/var\/www\/html\/notas\/wp-content\/uploads\/2017\/11\/asalto-a-blindado-custodio-asesinado.jpg 745w\" sizes=\"auto, (max-width: 300px) 100vw, 300px\" \/><\/a>Un grupo comando se tirote\u00f3 con personal de seguridad al intentar robar un cami\u00f3n de caudales en las puertas de un supermercado ubicado en la localidad bonaerense de Mart\u00edn Coronado. Los malvivientes asesinaron a un guardia, hirieron a otro y huyeron sin el dinero.<\/em><\/p>\n<p>Al menos tres delincuentes armados asaltaron un cami\u00f3n de caudales en la puerta de un supermercado Carrefour de la localidad bonaerense de Mart\u00edn Coronado, donde asesinaron a uno de los custodios e hirieron en un brazo a otro, tras lo cual huyeron, aparentemente, sin robar el dinero, informaron fuentes policiales.<\/p>\n<p>El hecho ocurri\u00f3 en la calle Alem y Suipacha, en esa localidad del partido de Tres de Febrero, y los investigadores secuestraron vainas servidas de fusil FAL y de pistola calibre 9 mil\u00edmetros que aparentemente utilizaron los delincuentes.<\/p>\n<p>Seg\u00fan las fuentes, todo comenz\u00f3 pasadas las 6 cuando el cami\u00f3n de caudales de la empresa Prosegur lleg\u00f3 hasta la puerta del supermercado Carrefour, presuntamente para cargar con dinero un cajero autom\u00e1tico que se encuentra dentro de ese comercio.<\/p>\n<p>En ese momento, al menos tres hombres armados y con sus rostros tapados comenzaron a disparar contra dos de los cuatro custodios del cami\u00f3n de caudales que ya hab\u00edan descendido del transporte.<br \/>\nLos custodios se resistieron a tiros y los delincuentes decidieron escapar del lugar a bordo de un autom\u00f3vil blanco.<\/p>\n<p>Como consecuencia del tiroteo, uno de los custodios, llamado <strong>Fernando David Figueroa<\/strong>, muri\u00f3 al recibir un tiro que ingres\u00f3 a su cuerpo por el costado de su chaleco antibalas, dijeron las fuentes policiales. El otro custodio, <strong>C\u00e9sar Ram\u00f3n Rodr\u00edguez<\/strong>, recibi\u00f3 un balazo en uno de sus brazos, por lo que fue trasladado a un centro asistencial de la zona, aunque est\u00e1 fuera de peligro.<\/p>\n<p>Personal de la Polic\u00eda que lleg\u00f3 al lugar a los pocos minutos encontr\u00f3 a unos 30 metros del cami\u00f3n de caudales gran cantidad de vainas servidas de fusil FAL y de pistola calibre 9 mil\u00edmetros.<\/p>\n<p>Los investigadores analizaban ahora las c\u00e1maras de seguridad de la zona para intentar identificar el auto en el que huyeron los asaltantes, quienes esta ma\u00f1ana continuaban pr\u00f3fugos y eran buscados intensamente.<\/p>\n<p>El hecho es investigado por personal de la comisar\u00eda 5a. de la localidad de Eufrasio Alvarez, que pertenece a la Jefatura Departamental de San Mart\u00edn, quienes trabajan bajo las \u00f3rdenes de un fiscal de turno de ese distrito.<\/p>\n","protected":false},"excerpt":{"rendered":"<p>\u00a0 Un grupo comando se tirote\u00f3 con personal de seguridad al intentar robar un cami\u00f3n de caudales en las puertas de un supermercado ubicado en la localidad bonaerense de Mart\u00edn Coronado. Los malvivientes asesinaron a un guardia, hirieron a otro y huyeron sin el dinero. Al menos tres delincuentes armados asaltaron un cami\u00f3n de caudales&hellip;<\/p>\n","protected":false},"author":1,"featured_media":73771,"comment_status":"open","ping_status":"open","sticky":false,"template":"","format":"standard","meta":{"footnotes":""},"categories":[22],"tags":[3960,27636,3136,27635],"class_list":["post-73770","post","type-post","status-publish","format-standard","has-post-thumbnail","hentry","category-policiales","tag-carrefour","tag-custodio-fernando-david-figueroa","tag-fal","tag-martin-coronado"],"_links":{"self":[{"href":"https:\/\/www.elsindical.com.ar\/notas\/wp-json\/wp\/v2\/posts\/73770","targetHints":{"allow":["GET"]}}],"collection":[{"href":"https:\/\/www.elsindical.com.ar\/notas\/wp-json\/wp\/v2\/posts"}],"about":[{"href":"https:\/\/www.elsindical.com.ar\/notas\/wp-json\/wp\/v2\/types\/post"}],"author":[{"embeddable":true,"href":"https:\/\/www.elsindical.com.ar\/notas\/wp-json\/wp\/v2\/users\/1"}],"replies":[{"embeddable":true,"href":"https:\/\/www.elsindical.com.ar\/notas\/wp-json\/wp\/v2\/comments?post=73770"}],"version-history":[{"count":1,"href":"https:\/\/www.elsindical.com.ar\/notas\/wp-json\/wp\/v2\/posts\/73770\/revisions"}],"predecessor-version":[{"id":73772,"href":"https:\/\/www.elsindical.com.ar\/notas\/wp-json\/wp\/v2\/posts\/73770\/revisions\/73772"}],"wp:featuredmedia":[{"embeddable":true,"href":"https:\/\/www.elsindical.com.ar\/notas\/wp-json\/wp\/v2\/media\/73771"}],"wp:attachment":[{"href":"https:\/\/www.elsindical.com.ar\/notas\/wp-json\/wp\/v2\/media?parent=73770"}],"wp:term":[{"taxonomy":"category","embeddable":true,"href":"https:\/\/www.elsindical.com.ar\/notas\/wp-json\/wp\/v2\/categories?post=73770"},{"taxonomy":"post_tag","embeddable":true,"href":"https:\/\/www.elsindical.com.ar\/notas\/wp-json\/wp\/v2\/tags?post=73770"}],"curies":[{"name":"wp","href":"https:\/\/api.w.org\/{rel}","templated":true}]}}